{"id":4903,"date":"2025-01-27T10:11:27","date_gmt":"2025-01-27T10:11:27","guid":{"rendered":"https:\/\/www.mopskrasnystaw.pl\/?p=4903"},"modified":"2025-01-27T10:11:29","modified_gmt":"2025-01-27T10:11:29","slug":"program-opieka-wytchnieniowa-dla-jednostek-samorzadu-terytorialnego-edycja-2025","status":"publish","type":"post","link":"https:\/\/www.mopskrasnystaw.pl\/?p=4903","title":{"rendered":"Program \u201eOpieka wytchnieniowa\u201d dla Jednostek Samorz\u0105du Terytorialnego &#8211; edycja 2025"},"content":{"rendered":"\n<p><\/p>\n\n\n\n<p>Miasto Krasnystaw informuje, \u017ce otrzyma\u0142o \u015brodki na realizacj\u0119 Programu Ministra Rodziny, Pracy i Polityki Spo\u0142ecznej <strong>\u201eOpieka wytchnieniowa\u201d<\/strong> dla Jednostek Samorz\u0105du Terytorialnego \u2013 edycja 2025&nbsp; finansowanego z Funduszu Solidarno\u015bciowego \u2013 pa\u0144stwowego funduszu celowego w wysoko\u015bci:<\/p>\n\n\n\n<p>Kwota dofinansowania:&nbsp; <strong>163 200,00 z\u0142.<\/strong><\/p>\n\n\n\n<p>Ca\u0142kowita warto\u015b\u0107:&nbsp; <strong>163 200,00 z\u0142.<\/strong><\/p>\n\n\n\n<p>Program trwa <strong>od 01.01.2025 r. do 31.12.2025 r<\/strong>.<\/p>\n\n\n\n<!--more-->\n\n\n\n<p>Program \u201eOpieka wytchnieniowa\u201d skierowany jest do cz\u0142onk\u00f3w rodzin lub opiekun\u00f3w, kt\u00f3rzy zamieszkuj\u0105 we wsp\u00f3lnym gospodarstwie domowym i sprawuj\u0105 bezpo\u015bredni\u0105 opiek\u0119 nad:<\/p>\n\n\n\n<ul><li>dzie\u0107mi od uko\u0144czenia 2 roku \u017cycia do uko\u0144czenia 16 roku \u017cycia posiadaj\u0105cymi orzeczenie o niepe\u0142nosprawno\u015bci<\/li><li>osobami posiadaj\u0105cymi orzeczenie o znacznym stopniu niepe\u0142nosprawno\u015bci albo orzeczenie r\u00f3wnowa\u017cne zgodnie z ustaw\u0105 z dnia 27 sierpnia 1997r. o rehabilitacji zawodowej i spo\u0142ecznej oraz zatrudnianiu os\u00f3b niepe\u0142nosprawnych<\/li><\/ul>\n\n\n\n<p>\u2013 poprzez umo\u017cliwienie uzyskania dora\u017anej, czasowej pomocy w formie us\u0142ugi opieki wytchnieniowej, tj. odci\u0105\u017cenie od codziennych obowi\u0105zk\u00f3w \u0142\u0105cz\u0105cych<br>si\u0119 ze&nbsp; sprawowaniem opieki nad osob\u0105 z niepe\u0142nosprawno\u015bci\u0105 przez zapewnienie czasowego zast\u0119pstwa w tym zakresie. Dzi\u0119ki temu wsparciu, osoby zaanga\u017cowane na co dzie\u0144 w sprawowanie opieki nad osob\u0105 z niepe\u0142nosprawno\u015bci\u0105 dysponowa\u0107 b\u0119d\u0105 czasem, kt\u00f3ry mog\u0105 przeznaczy\u0107 na odpoczynek&nbsp; i regeneracj\u0119, jak r\u00f3wnie\u017c<br>na za\u0142atwienie niezb\u0119dnych spraw \u017cyciowych.<\/p>\n\n\n\n<p>Program b\u0119dzie realizowany w ramach pobytu dziennego w miejscu zamieszkania osoby &nbsp;<br>z niepe\u0142nosprawno\u015bci\u0105 \u2013 maksymalna ilo\u015b\u0107 godzin opieki wytchnieniowej na &nbsp;uczestnika programu wynosi 240 godzin w ci\u0105gu roku,<\/p>\n\n\n\n<p>Us\u0142ugi opieki wytchnieniowej mog\u0105 \u015bwiadczy\u0107 osoby nieb\u0119d\u0105ce cz\u0142onkami rodziny uczestnika, kt\u00f3re:<\/p>\n\n\n\n<p>1) zosta\u0142y wskazane w Karcie zg\u0142oszenia do Programu przez opiekuna, na rzecz kt\u00f3rego \u015bwiadczone b\u0119d\u0105 us\u0142ugi opieki wytchnieniowej, albo<\/p>\n\n\n\n<p>2) zosta\u0142y wskazane przez Miejski O\u015brodek Pomocy Spo\u0142ecznej w Krasnymstawie i:<\/p>\n\n\n\n<p>a) posiadaj\u0105 dokument potwierdzaj\u0105cy uzyskanie kwalifikacji w zawodzie: asystent osoby niepe\u0142nosprawnej, piel\u0119gniarka, siostra PCK, opiekun osoby starszej, opiekun medyczny, pedagog, psycholog, terapeuta zaj\u0119ciowy, fizjoterapeuta lub, za zgod\u0105 realizatora Programu, w innych zawodach i specjalno\u015bciach o charakterze medycznym lub opieku\u0144czym, lub<\/p>\n\n\n\n<p>b) posiadaj\u0105 co najmniej 6-miesi\u0119czne, udokumentowane do\u015bwiadczenie<br>&nbsp;w udzielaniu bezpo\u015bredniej pomocy osobom z niepe\u0142nosprawno\u015bciami,<br>&nbsp;np. do\u015bwiadczenie w udzielaniu wsparcia osobom z niepe\u0142nosprawno\u015bciami<br>w formie wolontariatu.<\/p>\n\n\n\n<p>Posiadanie do\u015bwiadczenia, o kt\u00f3rym mowa w pkt 2, mo\u017ce zosta\u0107 udokumentowane pisemnym o\u015bwiadczeniem podmiotu, kt\u00f3ry zleca\u0142 udzielanie bezpo\u015bredniej pomocy osobom z niepe\u0142nosprawno\u015bciami. Podmiotem tym mo\u017ce by\u0107 r\u00f3wnie\u017c osoba fizyczna (a wi\u0119c nie tylko osoba prawna, czy jednostka organizacyjna nie posiadaj\u0105ca osobowo\u015bci prawnej), kt\u00f3ra zleci\u0142a udzielenie bezpo\u015bredniej pomocy osobie z niepe\u0142nosprawno\u015bci\u0105. Ocena posiadania przez osob\u0119 do\u015bwiadczenia w udzielaniu bezpo\u015bredniej pomocy osobom<br>z niepe\u0142nosprawno\u015bciami nale\u017cy do realizatora Programu.<\/p>\n\n\n\n<p>W przypadku gdy us\u0142ugi opieki wytchnieniowej, maj\u0105 by\u0107 \u015bwiadczone dla cz\u0142onk\u00f3w rodziny lub opiekun\u00f3w sprawuj\u0105cych bezpo\u015bredni\u0105 opiek\u0119 nad ma\u0142oletnimi, w odniesieniu do os\u00f3b, kt\u00f3re maj\u0105 \u015bwiadczy\u0107 us\u0142ugi opieki wytchnieniowej, musz\u0105 zosta\u0107 spe\u0142nione warunki okre\u015blone w art. 21 ustawy z dnia 13 maja 2016 r. o przeciwdzia\u0142aniu zagro\u017ceniom przest\u0119pczo\u015bci\u0105 na tle seksualnym i ochronie ma\u0142oletnich (Dz. U. 2024 poz. 560 z p\u00f3\u017an. zm.), a w przypadku us\u0142ug opieki wytchnieniowej, o kt\u00f3rych mowa w ust. 6 pkt 1 lit. e, ust. 6 pkt 1 lit. f, ust. 6 pkt 2 lit. h oraz ust. 6 pkt 2 lit. i, dodatkowo wymagana jest pisemna akceptacja osoby, kt\u00f3ra ma \u015bwiadczy\u0107 us\u0142ug\u0119 opieki wytchnieniowej ze strony rodzica ma\u0142oletniego lub opiekuna prawnego ma\u0142oletniego.<\/p>\n\n\n\n<p><strong>UWAGA<\/strong>&nbsp;<strong>\u2013 Z\u0142o\u017cenie&nbsp;wymaganej dokumentacji&nbsp;<u>nie jest r\u00f3wnoznaczne<\/u>&nbsp;z zakwalifikowaniem kandydata do Programu<\/strong>. &nbsp;Rekrutacja b\u0119dzie prowadzona przez Komisj\u0119 Rekrutacyjn\u0105<br>w Miejskim O\u015brodku Pomocy Spo\u0142ecznej w Krasnymstawie, zgodnie z przyj\u0119tym Regulaminem rekrutacji&nbsp; w Programie.&nbsp;<\/p>\n\n\n\n<p><strong>Dokumentacja rekrutacyjna przyjmowana jest od poniedzia\u0142ku do pi\u0105tku w terminie<br>do <u>31.01.2025r<\/u>. <\/strong>&nbsp;<strong>w godzinach od 7:30 do 15:30 w siedzibie Miejskiego O\u015brodka Pomocy Spo\u0142ecznej ul. Pi\u0142sudskiego 9 pok. 107.<\/strong><\/p>\n\n\n\n<p>Osoby zainteresowane zapraszamy do zapoznania si\u0119 ze szczeg\u00f3\u0142ami dotycz\u0105cymi udzia\u0142u<br>w Programie, kt\u00f3re zamieszczone zosta\u0142y na stronie Biura Pe\u0142nomocnika Rz\u0105du do Spraw Os\u00f3b Niepe\u0142nosprawnych pod adresem:&nbsp;<\/p>\n\n\n\n<p><a href=\"https:\/\/niepelnosprawni.gov.pl\/a,1555,nabor-wnioskow-w-ramach-resortowego-programu-ministra-rodziny-pracy-i-polityki-spolecznej-opieka-wytchnieniowa-dla-jednostek-samorzadu-terytorialnego-edycja-2025\">https:\/\/niepelnosprawni.gov.pl\/a,1555,nabor-wnioskow-w-ramach-resortowego-programu-ministra-rodziny-pracy-i-polityki-spolecznej-opieka-wytchnieniowa-dla-jednostek-samorzadu-terytorialnego-edycja-2025<\/a><\/p>\n\n\n\n<div class=\"wp-block-file\"><a id=\"wp-block-file--media-492728f9-d872-4e4e-b313-d9a9bad9247d\" href=\"https:\/\/www.mopskrasnystaw.pl\/wp-content\/uploads\/2025\/01\/Klauzula-informacyjna-o-przetwarzaniu-danych-osobowych-przez-Miejski-Osrodek-Pomocy-Spolecznej.docx\">Klauzula informacyjna o przetwarzaniu danych osobowych<\/a><\/div>\n\n\n\n<div class=\"wp-block-file\"><a id=\"wp-block-file--media-4ffd339c-7e79-4625-bc8e-1a192f629d7c\" href=\"https:\/\/www.mopskrasnystaw.pl\/wp-content\/uploads\/2025\/01\/Oswiadczenie_Opieka-wytchnieniowa.docx\">O\u015bwiadczenie  Opieka wytchnieniowa<\/a><\/div>\n\n\n\n<div class=\"wp-block-file\"><a id=\"wp-block-file--media-2c83ee23-e872-4d85-9ab4-21a1b134d9f1\" href=\"https:\/\/www.mopskrasnystaw.pl\/wp-content\/uploads\/2025\/01\/OW-JST-2025_karta-zgloszenia.docx\">Karta zg\u0142oszenia<\/a><\/div>\n\n\n\n<div class=\"wp-block-file\"><a id=\"wp-block-file--media-63a3e9c5-6dad-4ab5-b4ed-8d53809e8281\" href=\"https:\/\/www.mopskrasnystaw.pl\/wp-content\/uploads\/2025\/01\/OW-JST-2025_klauzula-RODO.docx\">klauzula RODO<\/a><\/div>\n","protected":false},"excerpt":{"rendered":"<p>Miasto Krasnystaw informuje, \u017ce otrzyma\u0142o \u015brodki na realizacj\u0119 Programu Ministra Rodziny, Pracy i Polityki Spo\u0142ecznej \u201eOpieka wytchnieniowa\u201d dla Jednostek Samorz\u0105du Terytorialnego \u2013 edycja 2025&nbsp; finansowanego z Funduszu Solidarno\u015bciowego \u2013 pa\u0144stwowego funduszu celowego w wysoko\u015bci: Kwota dofinansowania:&nbsp; 163 200,00 z\u0142. Ca\u0142kowita warto\u015b\u0107:&nbsp; 163 200,00 z\u0142. Program trwa od 01.01.2025 r. do 31.12.2025 r.<\/p>\n","protected":false},"author":3,"featured_media":0,"comment_status":"closed","ping_status":"open","sticky":false,"template":"","format":"standard","meta":[],"categories":[1],"tags":[],"yoast_head":"<!-- This site is optimized with the Yoast SEO plugin v19.0 - https:\/\/yoast.com\/wordpress\/plugins\/seo\/ -->\n<title>Program \u201eOpieka wytchnieniowa\u201d dla Jednostek Samorz\u0105du Terytorialnego - edycja 2025 - MOPS Krasnystaw<\/title>\n<meta name=\"robots\" content=\"index, follow, max-snippet:-1, max-image-preview:large, max-video-preview:-1\" \/>\n<link rel=\"canonical\" href=\"https:\/\/www.mopskrasnystaw.pl\/?p=4903\" \/>\n<meta property=\"og:locale\" content=\"pl_PL\" \/>\n<meta property=\"og:type\" content=\"article\" \/>\n<meta property=\"og:title\" content=\"Program \u201eOpieka wytchnieniowa\u201d dla Jednostek Samorz\u0105du Terytorialnego - edycja 2025 - MOPS Krasnystaw\" \/>\n<meta property=\"og:description\" content=\"Miasto Krasnystaw informuje, \u017ce otrzyma\u0142o \u015brodki na realizacj\u0119 Programu Ministra Rodziny, Pracy i Polityki Spo\u0142ecznej \u201eOpieka wytchnieniowa\u201d dla Jednostek Samorz\u0105du Terytorialnego \u2013 edycja 2025&nbsp; finansowanego z Funduszu Solidarno\u015bciowego \u2013 pa\u0144stwowego funduszu celowego w wysoko\u015bci: Kwota dofinansowania:&nbsp; 163 200,00 z\u0142. Ca\u0142kowita warto\u015b\u0107:&nbsp; 163 200,00 z\u0142. Program trwa od 01.01.2025 r. do 31.12.2025 r.\" \/>\n<meta property=\"og:url\" content=\"https:\/\/www.mopskrasnystaw.pl\/?p=4903\" \/>\n<meta property=\"og:site_name\" content=\"MOPS Krasnystaw\" \/>\n<meta property=\"article:published_time\" content=\"2025-01-27T10:11:27+00:00\" \/>\n<meta property=\"article:modified_time\" content=\"2025-01-27T10:11:29+00:00\" \/>\n<meta name=\"twitter:card\" content=\"summary_large_image\" \/>\n<meta name=\"twitter:label1\" content=\"Napisane przez\" \/>\n\t<meta name=\"twitter:data1\" content=\"redaktor\" \/>\n\t<meta name=\"twitter:label2\" content=\"Szacowany czas czytania\" \/>\n\t<meta name=\"twitter:data2\" content=\"4 minuty\" \/>\n<script type=\"application\/ld+json\" class=\"yoast-schema-graph\">{\"@context\":\"https:\/\/schema.org\",\"@graph\":[{\"@type\":\"WebSite\",\"@id\":\"https:\/\/www.mopskrasnystaw.pl\/#website\",\"url\":\"https:\/\/www.mopskrasnystaw.pl\/\",\"name\":\"MOPS Krasnystaw\",\"description\":\"\",\"potentialAction\":[{\"@type\":\"SearchAction\",\"target\":{\"@type\":\"EntryPoint\",\"urlTemplate\":\"https:\/\/www.mopskrasnystaw.pl\/?s={search_term_string}\"},\"query-input\":\"required name=search_term_string\"}],\"inLanguage\":\"pl-PL\"},{\"@type\":\"WebPage\",\"@id\":\"https:\/\/www.mopskrasnystaw.pl\/?p=4903#webpage\",\"url\":\"https:\/\/www.mopskrasnystaw.pl\/?p=4903\",\"name\":\"Program \u201eOpieka wytchnieniowa\u201d dla Jednostek Samorz\u0105du Terytorialnego - edycja 2025 - MOPS Krasnystaw\",\"isPartOf\":{\"@id\":\"https:\/\/www.mopskrasnystaw.pl\/#website\"},\"datePublished\":\"2025-01-27T10:11:27+00:00\",\"dateModified\":\"2025-01-27T10:11:29+00:00\",\"author\":{\"@id\":\"https:\/\/www.mopskrasnystaw.pl\/#\/schema\/person\/c243255ac797e8203dac0928e5fb7dd7\"},\"breadcrumb\":{\"@id\":\"https:\/\/www.mopskrasnystaw.pl\/?p=4903#breadcrumb\"},\"inLanguage\":\"pl-PL\",\"potentialAction\":[{\"@type\":\"ReadAction\",\"target\":[\"https:\/\/www.mopskrasnystaw.pl\/?p=4903\"]}]},{\"@type\":\"BreadcrumbList\",\"@id\":\"https:\/\/www.mopskrasnystaw.pl\/?p=4903#breadcrumb\",\"itemListElement\":[{\"@type\":\"ListItem\",\"position\":1,\"name\":\"Strona g\u0142\u00f3wna\",\"item\":\"https:\/\/www.mopskrasnystaw.pl\/\"},{\"@type\":\"ListItem\",\"position\":2,\"name\":\"Program \u201eOpieka wytchnieniowa\u201d dla Jednostek Samorz\u0105du Terytorialnego &#8211; edycja 2025\"}]},{\"@type\":\"Person\",\"@id\":\"https:\/\/www.mopskrasnystaw.pl\/#\/schema\/person\/c243255ac797e8203dac0928e5fb7dd7\",\"name\":\"redaktor\",\"image\":{\"@type\":\"ImageObject\",\"inLanguage\":\"pl-PL\",\"@id\":\"https:\/\/www.mopskrasnystaw.pl\/#\/schema\/person\/image\/\",\"url\":\"https:\/\/secure.gravatar.com\/avatar\/6508b8995653ed772737e87b63e3a77a?s=96&d=mm&r=g\",\"contentUrl\":\"https:\/\/secure.gravatar.com\/avatar\/6508b8995653ed772737e87b63e3a77a?s=96&d=mm&r=g\",\"caption\":\"redaktor\"},\"url\":\"https:\/\/www.mopskrasnystaw.pl\/?author=3\"}]}<\/script>\n<!-- \/ Yoast SEO plugin. -->","yoast_head_json":{"title":"Program \u201eOpieka wytchnieniowa\u201d dla Jednostek Samorz\u0105du Terytorialnego - edycja 2025 - MOPS Krasnystaw","robots":{"index":"index","follow":"follow","max-snippet":"max-snippet:-1","max-image-preview":"max-image-preview:large","max-video-preview":"max-video-preview:-1"},"canonical":"https:\/\/www.mopskrasnystaw.pl\/?p=4903","og_locale":"pl_PL","og_type":"article","og_title":"Program \u201eOpieka wytchnieniowa\u201d dla Jednostek Samorz\u0105du Terytorialnego - edycja 2025 - MOPS Krasnystaw","og_description":"Miasto Krasnystaw informuje, \u017ce otrzyma\u0142o \u015brodki na realizacj\u0119 Programu Ministra Rodziny, Pracy i Polityki Spo\u0142ecznej \u201eOpieka wytchnieniowa\u201d dla Jednostek Samorz\u0105du Terytorialnego \u2013 edycja 2025&nbsp; finansowanego z Funduszu Solidarno\u015bciowego \u2013 pa\u0144stwowego funduszu celowego w wysoko\u015bci: Kwota dofinansowania:&nbsp; 163 200,00 z\u0142. Ca\u0142kowita warto\u015b\u0107:&nbsp; 163 200,00 z\u0142. Program trwa od 01.01.2025 r. do 31.12.2025 r.","og_url":"https:\/\/www.mopskrasnystaw.pl\/?p=4903","og_site_name":"MOPS Krasnystaw","article_published_time":"2025-01-27T10:11:27+00:00","article_modified_time":"2025-01-27T10:11:29+00:00","twitter_card":"summary_large_image","twitter_misc":{"Napisane przez":"redaktor","Szacowany czas czytania":"4 minuty"},"schema":{"@context":"https:\/\/schema.org","@graph":[{"@type":"WebSite","@id":"https:\/\/www.mopskrasnystaw.pl\/#website","url":"https:\/\/www.mopskrasnystaw.pl\/","name":"MOPS Krasnystaw","description":"","potentialAction":[{"@type":"SearchAction","target":{"@type":"EntryPoint","urlTemplate":"https:\/\/www.mopskrasnystaw.pl\/?s={search_term_string}"},"query-input":"required name=search_term_string"}],"inLanguage":"pl-PL"},{"@type":"WebPage","@id":"https:\/\/www.mopskrasnystaw.pl\/?p=4903#webpage","url":"https:\/\/www.mopskrasnystaw.pl\/?p=4903","name":"Program \u201eOpieka wytchnieniowa\u201d dla Jednostek Samorz\u0105du Terytorialnego - edycja 2025 - MOPS Krasnystaw","isPartOf":{"@id":"https:\/\/www.mopskrasnystaw.pl\/#website"},"datePublished":"2025-01-27T10:11:27+00:00","dateModified":"2025-01-27T10:11:29+00:00","author":{"@id":"https:\/\/www.mopskrasnystaw.pl\/#\/schema\/person\/c243255ac797e8203dac0928e5fb7dd7"},"breadcrumb":{"@id":"https:\/\/www.mopskrasnystaw.pl\/?p=4903#breadcrumb"},"inLanguage":"pl-PL","potentialAction":[{"@type":"ReadAction","target":["https:\/\/www.mopskrasnystaw.pl\/?p=4903"]}]},{"@type":"BreadcrumbList","@id":"https:\/\/www.mopskrasnystaw.pl\/?p=4903#breadcrumb","itemListElement":[{"@type":"ListItem","position":1,"name":"Strona g\u0142\u00f3wna","item":"https:\/\/www.mopskrasnystaw.pl\/"},{"@type":"ListItem","position":2,"name":"Program \u201eOpieka wytchnieniowa\u201d dla Jednostek Samorz\u0105du Terytorialnego &#8211; edycja 2025"}]},{"@type":"Person","@id":"https:\/\/www.mopskrasnystaw.pl\/#\/schema\/person\/c243255ac797e8203dac0928e5fb7dd7","name":"redaktor","image":{"@type":"ImageObject","inLanguage":"pl-PL","@id":"https:\/\/www.mopskrasnystaw.pl\/#\/schema\/person\/image\/","url":"https:\/\/secure.gravatar.com\/avatar\/6508b8995653ed772737e87b63e3a77a?s=96&d=mm&r=g","contentUrl":"https:\/\/secure.gravatar.com\/avatar\/6508b8995653ed772737e87b63e3a77a?s=96&d=mm&r=g","caption":"redaktor"},"url":"https:\/\/www.mopskrasnystaw.pl\/?author=3"}]}},"_links":{"self":[{"href":"https:\/\/www.mopskrasnystaw.pl\/index.php?rest_route=\/wp\/v2\/posts\/4903"}],"collection":[{"href":"https:\/\/www.mopskrasnystaw.pl\/index.php?rest_route=\/wp\/v2\/posts"}],"about":[{"href":"https:\/\/www.mopskrasnystaw.pl\/index.php?rest_route=\/wp\/v2\/types\/post"}],"author":[{"embeddable":true,"href":"https:\/\/www.mopskrasnystaw.pl\/index.php?rest_route=\/wp\/v2\/users\/3"}],"replies":[{"embeddable":true,"href":"https:\/\/www.mopskrasnystaw.pl\/index.php?rest_route=%2Fwp%2Fv2%2Fcomments&post=4903"}],"version-history":[{"count":1,"href":"https:\/\/www.mopskrasnystaw.pl\/index.php?rest_route=\/wp\/v2\/posts\/4903\/revisions"}],"predecessor-version":[{"id":4904,"href":"https:\/\/www.mopskrasnystaw.pl\/index.php?rest_route=\/wp\/v2\/posts\/4903\/revisions\/4904"}],"wp:attachment":[{"href":"https:\/\/www.mopskrasnystaw.pl\/index.php?rest_route=%2Fwp%2Fv2%2Fmedia&parent=4903"}],"wp:term":[{"taxonomy":"category","embeddable":true,"href":"https:\/\/www.mopskrasnystaw.pl\/index.php?rest_route=%2Fwp%2Fv2%2Fcategories&post=4903"},{"taxonomy":"post_tag","embeddable":true,"href":"https:\/\/www.mopskrasnystaw.pl\/index.php?rest_route=%2Fwp%2Fv2%2Ftags&post=4903"}],"curies":[{"name":"wp","href":"https:\/\/api.w.org\/{rel}","templated":true}]}}