{"id":4880,"date":"2024-12-30T11:42:48","date_gmt":"2024-12-30T11:42:48","guid":{"rendered":"https:\/\/www.mopskrasnystaw.pl\/?p=4880"},"modified":"2024-12-30T11:42:50","modified_gmt":"2024-12-30T11:42:50","slug":"ruszyla-rekrutacja-do-programu-asystent-osobisty-osoby-z-niepelnosprawnoscia-dla-jednostek-samorzadu-terytorialnego-edycja-2025","status":"publish","type":"post","link":"https:\/\/www.mopskrasnystaw.pl\/?p=4880","title":{"rendered":"RUSZY\u0141A REKRUTACJA DO PROGRAMU &#8222;ASYSTENT OSOBISTY OSOBY Z\u00a0NIEPE\u0141NOSPRAWNO\u015aCI\u0104&#8221; DLA JEDNOSTEK SAMORZ\u0104DU TERYTORIALNEGO \u2013 EDYCJA 2025"},"content":{"rendered":"\n<p>Program \u201eAsystent osobisty osoby z\u00a0niepe\u0142nosprawno\u015bci\u0105\u201d dla Jednostek Samorz\u0105du Terytorialnego \u2013 edycja 2025 ma na celu zapewnienie dost\u0119pno\u015bci<br>do us\u0142ug asystencji osobistej, tj. wsparcia w\u00a0wykonywaniu codziennych czynno\u015bci oraz funkcjonowaniu w\u00a0\u017cyciu spo\u0142ecznym os\u00f3b niepe\u0142nosprawnych dla:<\/p>\n\n\n\n<!--more-->\n\n\n\n<ol type=\"1\"><li>dzieci od uko\u0144czenia 2. roku \u017cycia do&nbsp;uko\u0144czenia 16.&nbsp;roku \u017cycia posiadaj\u0105ce orzeczenie o niepe\u0142nosprawno\u015bci \u0142\u0105cznie ze wskazaniami w pkt 7 i 8 orzeczenia<br>o niepe\u0142nosprawno\u015bci \u2013 konieczno\u015bci sta\u0142ej lub d\u0142ugotrwa\u0142ej opieki lub pomocy innej osoby w zwi\u0105zku ze znacznie ograniczon\u0105 mo\u017cliwo\u015bci\u0105 samodzielnej egzystencji oraz konieczno\u015bci sta\u0142ego wsp\u00f3\u0142udzia\u0142u na co dzie\u0144 opiekuna dziecka w procesie jego leczenia, rehabilitacji i edukacji oraz<\/li><li>osoby z niepe\u0142nosprawno\u015bciami posiadaj\u0105ce orzeczenie:<br>a) o znacznym stopniu niepe\u0142nosprawno\u015bci albo<br>b) o umiarkowanym stopniu niepe\u0142nosprawno\u015bci albo<br>c) traktowane na r\u00f3wni z orzeczeniami wymienionymi w lit. a i b zgodnie z art. 5 i art. 62 ustawy z dnia 27 sierpnia 1997 r. o rehabilitacji zawodowej i spo\u0142ecznej oraz zatrudnianiu os\u00f3b niepe\u0142nosprawnych.<\/li><\/ol>\n\n\n\n<p><strong>Us\u0142ugi asystencji osobistej polegaj\u0105 w szczeg\u00f3lno\u015bci na wspieraniu przez asystenta osoby z niepe\u0142nosprawno\u015bci\u0105 w r\u00f3\u017cnych sferach \u017cycia, w tym:<\/strong><\/p>\n\n\n\n<ol type=\"1\"><li>wsparciu uczestnika w czynno\u015bciach samoobs\u0142ugowych, w tym utrzymaniu higieny osobistej;<\/li><li>wsparcie uczestnika w prowadzeniu gospodarstwa domowego i wype\u0142nianiu r\u00f3l<br>w rodzinie;<\/li><li>wsparciu uczestnika w przemieszczaniu si\u0119 poza miejscem zamieszkania;<\/li><li>wsparciu uczestnika w podejmowaniu aktywno\u015bci \u017cyciowej i komunikowaniu<br>si\u0119 z otoczeniem.<\/li><\/ol>\n\n\n\n<p><strong>Podstawa prawna Programu<\/strong><\/p>\n\n\n\n<p>Podstaw\u0105 prawn\u0105 Programu jest art. 7 ust. 5 oraz art. 23 pa\u017adziernika 2018 r. o&nbsp;Funduszu Solidarno\u015bciowym (Dz. U. z&nbsp;2024 r. poz. 296 i&nbsp; 863).<\/p>\n\n\n\n<p><strong>Zg\u0142osze\u0144 do programu dokonuje si\u0119 na podstawie Karty zg\u0142oszenia do Programu \u201eAsystent osobisty osoby z&nbsp;niepe\u0142nosprawno\u015bci\u0105\u201d dla Jednostek Samorz\u0105du Terytorialnego \u2013 edycja 2025 wraz z za\u0142\u0105cznikami w&nbsp;terminie do dnia<\/strong><strong><br><u>10 STYCZNIA 2025 r. do godz. 10.00<\/u><\/strong><\/p>\n\n\n\n<p><strong>Dokumenty nale\u017cy z\u0142o\u017cy\u0107 w&nbsp;siedzibie Miejskiego O\u015brodka Pomocy Spo\u0142ecznej<\/strong><strong><br>w Krasnymstawie, 22-300 Krasnystaw ul. Pi\u0142sudskiego 9, pok\u00f3j Nr 107<\/strong><\/p>\n\n\n\n<p>&nbsp;W przypadku wi\u0119kszej liczby os\u00f3b zainteresowanych zostanie ustalona lista rezerwowa.<\/p>\n\n\n\n<p>Szczeg\u00f3\u0142owe informacje dotycz\u0105ce Programu mo\u017cna uzyska\u0107 pod numerem telefonu 82&nbsp;576 23 24 wew. 107<\/p>\n\n\n\n<h2>ZA\u0141\u0104CZNIKI:<\/h2>\n\n\n\n<div class=\"wp-block-file\"><a id=\"wp-block-file--media-aee096fe-2d96-4b7a-b45e-06f58ceb648f\" href=\"https:\/\/www.mopskrasnystaw.pl\/wp-content\/uploads\/2024\/12\/Karta-zgloszenia-AON-2025.docx\">Karta zg\u0142oszenia do programu<\/a><\/div>\n\n\n\n<div class=\"wp-block-file\"><a id=\"wp-block-file--media-fa8dd6ec-fbeb-4972-89f5-322cf267764e\" href=\"https:\/\/www.mopskrasnystaw.pl\/wp-content\/uploads\/2024\/12\/Karta-zakresu-czynnosci-2025.docx\">Karta zakresu czynno\u015bci<\/a><\/div>\n\n\n\n<div class=\"wp-block-file\"><a id=\"wp-block-file--media-cf3a9a93-fd92-491a-8a01-54a3bd2eca9a\" href=\"https:\/\/www.mopskrasnystaw.pl\/wp-content\/uploads\/2024\/12\/Klauzula-informacyjna-o-przetwarzaniu-danych-osobowych-przez-Miejski-Osrodek-Pomocy-Spolecznej.docx\">Klauzula informacyjna o przetwarzaniu danych osobowych przez Miejski O\u015brodek Pomocy Spo\u0142ecznej<\/a><\/div>\n\n\n\n<div class=\"wp-block-file\"><a id=\"wp-block-file--media-1a9c1e2d-6e4a-45df-b258-342c49335774\" href=\"https:\/\/www.mopskrasnystaw.pl\/wp-content\/uploads\/2024\/12\/klauzula-RODO-2025.docx\">Klauzula RODO<\/a><\/div>\n\n\n\n<div class=\"wp-block-file\"><a id=\"wp-block-file--media-ad220cbe-31f9-41df-9894-b0bf33b8b648\" href=\"https:\/\/www.mopskrasnystaw.pl\/wp-content\/uploads\/2024\/12\/Oswiadczenia_2025.docx\">O\u015bwiadczenia<\/a><\/div>\n\n\n\n<p><\/p>\n\n\n\n<p>Wi\u0119cej informacji:<br><a href=\"https:\/\/niepelnosprawni.gov.pl\/a,1533,nabor-wnioskow-w-ramach-resortowego-programu-ministra-rodziny-pracy-i-polityki-spolecznej-asystent-osobisty-osoby-z-niepelnosprawnoscia-dla-jednostek-samorzadu-terytorialnego-edycja-2025\">https:\/\/niepelnosprawni.gov.pl\/a,1533,nabor-wnioskow-w-ramach-resortowego-programu-ministra-rodziny-pracy-i-polityki-spolecznej-asystent-osobisty-osoby-z-niepelnosprawnoscia-dla-jednostek-samorzadu-terytorialnego-edycja-2025<\/a><\/p>\n","protected":false},"excerpt":{"rendered":"<p>Program \u201eAsystent osobisty osoby z\u00a0niepe\u0142nosprawno\u015bci\u0105\u201d dla Jednostek Samorz\u0105du Terytorialnego \u2013 edycja 2025 ma na celu zapewnienie dost\u0119pno\u015bcido us\u0142ug asystencji osobistej, tj. wsparcia w\u00a0wykonywaniu codziennych czynno\u015bci oraz funkcjonowaniu w\u00a0\u017cyciu spo\u0142ecznym os\u00f3b niepe\u0142nosprawnych dla:<\/p>\n","protected":false},"author":3,"featured_media":0,"comment_status":"closed","ping_status":"open","sticky":false,"template":"","format":"standard","meta":[],"categories":[1],"tags":[],"yoast_head":"<!-- This site is optimized with the Yoast SEO plugin v19.0 - https:\/\/yoast.com\/wordpress\/plugins\/seo\/ -->\n<title>RUSZY\u0141A REKRUTACJA DO PROGRAMU &quot;ASYSTENT OSOBISTY OSOBY Z\u00a0NIEPE\u0141NOSPRAWNO\u015aCI\u0104&quot; DLA JEDNOSTEK SAMORZ\u0104DU TERYTORIALNEGO \u2013 EDYCJA 2025 - MOPS Krasnystaw<\/title>\n<meta name=\"robots\" content=\"index, follow, max-snippet:-1, max-image-preview:large, max-video-preview:-1\" \/>\n<link rel=\"canonical\" href=\"https:\/\/www.mopskrasnystaw.pl\/?p=4880\" \/>\n<meta property=\"og:locale\" content=\"pl_PL\" \/>\n<meta property=\"og:type\" content=\"article\" \/>\n<meta property=\"og:title\" content=\"RUSZY\u0141A REKRUTACJA DO PROGRAMU &quot;ASYSTENT OSOBISTY OSOBY Z\u00a0NIEPE\u0141NOSPRAWNO\u015aCI\u0104&quot; DLA JEDNOSTEK SAMORZ\u0104DU TERYTORIALNEGO \u2013 EDYCJA 2025 - MOPS Krasnystaw\" \/>\n<meta property=\"og:description\" content=\"Program \u201eAsystent osobisty osoby z\u00a0niepe\u0142nosprawno\u015bci\u0105\u201d dla Jednostek Samorz\u0105du Terytorialnego \u2013 edycja 2025 ma na celu zapewnienie dost\u0119pno\u015bcido us\u0142ug asystencji osobistej, tj. wsparcia w\u00a0wykonywaniu codziennych czynno\u015bci oraz funkcjonowaniu w\u00a0\u017cyciu spo\u0142ecznym os\u00f3b niepe\u0142nosprawnych dla:\" \/>\n<meta property=\"og:url\" content=\"https:\/\/www.mopskrasnystaw.pl\/?p=4880\" \/>\n<meta property=\"og:site_name\" content=\"MOPS Krasnystaw\" \/>\n<meta property=\"article:published_time\" content=\"2024-12-30T11:42:48+00:00\" \/>\n<meta property=\"article:modified_time\" content=\"2024-12-30T11:42:50+00:00\" \/>\n<meta name=\"twitter:card\" content=\"summary_large_image\" \/>\n<meta name=\"twitter:label1\" content=\"Napisane przez\" \/>\n\t<meta name=\"twitter:data1\" content=\"redaktor\" \/>\n\t<meta name=\"twitter:label2\" content=\"Szacowany czas czytania\" \/>\n\t<meta name=\"twitter:data2\" content=\"3 minuty\" \/>\n<script type=\"application\/ld+json\" class=\"yoast-schema-graph\">{\"@context\":\"https:\/\/schema.org\",\"@graph\":[{\"@type\":\"WebSite\",\"@id\":\"https:\/\/www.mopskrasnystaw.pl\/#website\",\"url\":\"https:\/\/www.mopskrasnystaw.pl\/\",\"name\":\"MOPS Krasnystaw\",\"description\":\"\",\"potentialAction\":[{\"@type\":\"SearchAction\",\"target\":{\"@type\":\"EntryPoint\",\"urlTemplate\":\"https:\/\/www.mopskrasnystaw.pl\/?s={search_term_string}\"},\"query-input\":\"required name=search_term_string\"}],\"inLanguage\":\"pl-PL\"},{\"@type\":\"WebPage\",\"@id\":\"https:\/\/www.mopskrasnystaw.pl\/?p=4880#webpage\",\"url\":\"https:\/\/www.mopskrasnystaw.pl\/?p=4880\",\"name\":\"RUSZY\u0141A REKRUTACJA DO PROGRAMU \\\"ASYSTENT OSOBISTY OSOBY Z\u00a0NIEPE\u0141NOSPRAWNO\u015aCI\u0104\\\" DLA JEDNOSTEK SAMORZ\u0104DU TERYTORIALNEGO \u2013 EDYCJA 2025 - MOPS Krasnystaw\",\"isPartOf\":{\"@id\":\"https:\/\/www.mopskrasnystaw.pl\/#website\"},\"datePublished\":\"2024-12-30T11:42:48+00:00\",\"dateModified\":\"2024-12-30T11:42:50+00:00\",\"author\":{\"@id\":\"https:\/\/www.mopskrasnystaw.pl\/#\/schema\/person\/c243255ac797e8203dac0928e5fb7dd7\"},\"breadcrumb\":{\"@id\":\"https:\/\/www.mopskrasnystaw.pl\/?p=4880#breadcrumb\"},\"inLanguage\":\"pl-PL\",\"potentialAction\":[{\"@type\":\"ReadAction\",\"target\":[\"https:\/\/www.mopskrasnystaw.pl\/?p=4880\"]}]},{\"@type\":\"BreadcrumbList\",\"@id\":\"https:\/\/www.mopskrasnystaw.pl\/?p=4880#breadcrumb\",\"itemListElement\":[{\"@type\":\"ListItem\",\"position\":1,\"name\":\"Strona g\u0142\u00f3wna\",\"item\":\"https:\/\/www.mopskrasnystaw.pl\/\"},{\"@type\":\"ListItem\",\"position\":2,\"name\":\"RUSZY\u0141A REKRUTACJA DO PROGRAMU &#8222;ASYSTENT OSOBISTY OSOBY Z\u00a0NIEPE\u0141NOSPRAWNO\u015aCI\u0104&#8221; DLA JEDNOSTEK SAMORZ\u0104DU TERYTORIALNEGO \u2013 EDYCJA 2025\"}]},{\"@type\":\"Person\",\"@id\":\"https:\/\/www.mopskrasnystaw.pl\/#\/schema\/person\/c243255ac797e8203dac0928e5fb7dd7\",\"name\":\"redaktor\",\"image\":{\"@type\":\"ImageObject\",\"inLanguage\":\"pl-PL\",\"@id\":\"https:\/\/www.mopskrasnystaw.pl\/#\/schema\/person\/image\/\",\"url\":\"https:\/\/secure.gravatar.com\/avatar\/6508b8995653ed772737e87b63e3a77a?s=96&d=mm&r=g\",\"contentUrl\":\"https:\/\/secure.gravatar.com\/avatar\/6508b8995653ed772737e87b63e3a77a?s=96&d=mm&r=g\",\"caption\":\"redaktor\"},\"url\":\"https:\/\/www.mopskrasnystaw.pl\/?author=3\"}]}<\/script>\n<!-- \/ Yoast SEO plugin. -->","yoast_head_json":{"title":"RUSZY\u0141A REKRUTACJA DO PROGRAMU \"ASYSTENT OSOBISTY OSOBY Z\u00a0NIEPE\u0141NOSPRAWNO\u015aCI\u0104\" DLA JEDNOSTEK SAMORZ\u0104DU TERYTORIALNEGO \u2013 EDYCJA 2025 - MOPS Krasnystaw","robots":{"index":"index","follow":"follow","max-snippet":"max-snippet:-1","max-image-preview":"max-image-preview:large","max-video-preview":"max-video-preview:-1"},"canonical":"https:\/\/www.mopskrasnystaw.pl\/?p=4880","og_locale":"pl_PL","og_type":"article","og_title":"RUSZY\u0141A REKRUTACJA DO PROGRAMU \"ASYSTENT OSOBISTY OSOBY Z\u00a0NIEPE\u0141NOSPRAWNO\u015aCI\u0104\" DLA JEDNOSTEK SAMORZ\u0104DU TERYTORIALNEGO \u2013 EDYCJA 2025 - MOPS Krasnystaw","og_description":"Program \u201eAsystent osobisty osoby z\u00a0niepe\u0142nosprawno\u015bci\u0105\u201d dla Jednostek Samorz\u0105du Terytorialnego \u2013 edycja 2025 ma na celu zapewnienie dost\u0119pno\u015bcido us\u0142ug asystencji osobistej, tj. wsparcia w\u00a0wykonywaniu codziennych czynno\u015bci oraz funkcjonowaniu w\u00a0\u017cyciu spo\u0142ecznym os\u00f3b niepe\u0142nosprawnych dla:","og_url":"https:\/\/www.mopskrasnystaw.pl\/?p=4880","og_site_name":"MOPS Krasnystaw","article_published_time":"2024-12-30T11:42:48+00:00","article_modified_time":"2024-12-30T11:42:50+00:00","twitter_card":"summary_large_image","twitter_misc":{"Napisane przez":"redaktor","Szacowany czas czytania":"3 minuty"},"schema":{"@context":"https:\/\/schema.org","@graph":[{"@type":"WebSite","@id":"https:\/\/www.mopskrasnystaw.pl\/#website","url":"https:\/\/www.mopskrasnystaw.pl\/","name":"MOPS Krasnystaw","description":"","potentialAction":[{"@type":"SearchAction","target":{"@type":"EntryPoint","urlTemplate":"https:\/\/www.mopskrasnystaw.pl\/?s={search_term_string}"},"query-input":"required name=search_term_string"}],"inLanguage":"pl-PL"},{"@type":"WebPage","@id":"https:\/\/www.mopskrasnystaw.pl\/?p=4880#webpage","url":"https:\/\/www.mopskrasnystaw.pl\/?p=4880","name":"RUSZY\u0141A REKRUTACJA DO PROGRAMU \"ASYSTENT OSOBISTY OSOBY Z\u00a0NIEPE\u0141NOSPRAWNO\u015aCI\u0104\" DLA JEDNOSTEK SAMORZ\u0104DU TERYTORIALNEGO \u2013 EDYCJA 2025 - MOPS Krasnystaw","isPartOf":{"@id":"https:\/\/www.mopskrasnystaw.pl\/#website"},"datePublished":"2024-12-30T11:42:48+00:00","dateModified":"2024-12-30T11:42:50+00:00","author":{"@id":"https:\/\/www.mopskrasnystaw.pl\/#\/schema\/person\/c243255ac797e8203dac0928e5fb7dd7"},"breadcrumb":{"@id":"https:\/\/www.mopskrasnystaw.pl\/?p=4880#breadcrumb"},"inLanguage":"pl-PL","potentialAction":[{"@type":"ReadAction","target":["https:\/\/www.mopskrasnystaw.pl\/?p=4880"]}]},{"@type":"BreadcrumbList","@id":"https:\/\/www.mopskrasnystaw.pl\/?p=4880#breadcrumb","itemListElement":[{"@type":"ListItem","position":1,"name":"Strona g\u0142\u00f3wna","item":"https:\/\/www.mopskrasnystaw.pl\/"},{"@type":"ListItem","position":2,"name":"RUSZY\u0141A REKRUTACJA DO PROGRAMU &#8222;ASYSTENT OSOBISTY OSOBY Z\u00a0NIEPE\u0141NOSPRAWNO\u015aCI\u0104&#8221; DLA JEDNOSTEK SAMORZ\u0104DU TERYTORIALNEGO \u2013 EDYCJA 2025"}]},{"@type":"Person","@id":"https:\/\/www.mopskrasnystaw.pl\/#\/schema\/person\/c243255ac797e8203dac0928e5fb7dd7","name":"redaktor","image":{"@type":"ImageObject","inLanguage":"pl-PL","@id":"https:\/\/www.mopskrasnystaw.pl\/#\/schema\/person\/image\/","url":"https:\/\/secure.gravatar.com\/avatar\/6508b8995653ed772737e87b63e3a77a?s=96&d=mm&r=g","contentUrl":"https:\/\/secure.gravatar.com\/avatar\/6508b8995653ed772737e87b63e3a77a?s=96&d=mm&r=g","caption":"redaktor"},"url":"https:\/\/www.mopskrasnystaw.pl\/?author=3"}]}},"_links":{"self":[{"href":"https:\/\/www.mopskrasnystaw.pl\/index.php?rest_route=\/wp\/v2\/posts\/4880"}],"collection":[{"href":"https:\/\/www.mopskrasnystaw.pl\/index.php?rest_route=\/wp\/v2\/posts"}],"about":[{"href":"https:\/\/www.mopskrasnystaw.pl\/index.php?rest_route=\/wp\/v2\/types\/post"}],"author":[{"embeddable":true,"href":"https:\/\/www.mopskrasnystaw.pl\/index.php?rest_route=\/wp\/v2\/users\/3"}],"replies":[{"embeddable":true,"href":"https:\/\/www.mopskrasnystaw.pl\/index.php?rest_route=%2Fwp%2Fv2%2Fcomments&post=4880"}],"version-history":[{"count":1,"href":"https:\/\/www.mopskrasnystaw.pl\/index.php?rest_route=\/wp\/v2\/posts\/4880\/revisions"}],"predecessor-version":[{"id":4886,"href":"https:\/\/www.mopskrasnystaw.pl\/index.php?rest_route=\/wp\/v2\/posts\/4880\/revisions\/4886"}],"wp:attachment":[{"href":"https:\/\/www.mopskrasnystaw.pl\/index.php?rest_route=%2Fwp%2Fv2%2Fmedia&parent=4880"}],"wp:term":[{"taxonomy":"category","embeddable":true,"href":"https:\/\/www.mopskrasnystaw.pl\/index.php?rest_route=%2Fwp%2Fv2%2Fcategories&post=4880"},{"taxonomy":"post_tag","embeddable":true,"href":"https:\/\/www.mopskrasnystaw.pl\/index.php?rest_route=%2Fwp%2Fv2%2Ftags&post=4880"}],"curies":[{"name":"wp","href":"https:\/\/api.w.org\/{rel}","templated":true}]}}