{"id":4840,"date":"2024-11-05T08:39:34","date_gmt":"2024-11-05T08:39:34","guid":{"rendered":"https:\/\/www.mopskrasnystaw.pl\/?p=4840"},"modified":"2024-11-05T08:39:36","modified_gmt":"2024-11-05T08:39:36","slug":"nasi-seniorzy-zaspiewali-w-palacu-prezydenckim","status":"publish","type":"post","link":"https:\/\/www.mopskrasnystaw.pl\/?p=4840","title":{"rendered":"Nasi seniorzy za\u015bpiewali w Pa\u0142acu Prezydenckim"},"content":{"rendered":"\n<div class=\"wp-block-media-text alignwide is-stacked-on-mobile\"><figure class=\"wp-block-media-text__media\"><img loading=\"lazy\" width=\"1024\" height=\"683\" src=\"https:\/\/www.mopskrasnystaw.pl\/wp-content\/uploads\/2024\/11\/016_Agata_Kornhauser_Duda_3_Edycja_Konkursu_Razem_dla_Seniorow_20241030_GJB_6844.jpg\" alt=\"\" class=\"wp-image-4841 size-full\" srcset=\"https:\/\/www.mopskrasnystaw.pl\/wp-content\/uploads\/2024\/11\/016_Agata_Kornhauser_Duda_3_Edycja_Konkursu_Razem_dla_Seniorow_20241030_GJB_6844.jpg 1024w, https:\/\/www.mopskrasnystaw.pl\/wp-content\/uploads\/2024\/11\/016_Agata_Kornhauser_Duda_3_Edycja_Konkursu_Razem_dla_Seniorow_20241030_GJB_6844-300x200.jpg 300w, https:\/\/www.mopskrasnystaw.pl\/wp-content\/uploads\/2024\/11\/016_Agata_Kornhauser_Duda_3_Edycja_Konkursu_Razem_dla_Seniorow_20241030_GJB_6844-768x512.jpg 768w\" sizes=\"(max-width: 1024px) 100vw, 1024px\" \/><\/figure><div class=\"wp-block-media-text__content\">\n<p>W dniu 30 pa\u017adziernika 2024 r. Burmistrz Krasnegostawu Daniel Miciu\u0142a towarzyszy\u0142 delegacji, kt\u00f3ra wzi\u0119\u0142a udzia\u0142 w uroczystej gali wr\u0119czenia nagr\u00f3d trzeciej edycji konkursu \u201eRazem dla Senior\u00f3w\u201d pod Honorowym Patronatem Ma\u0142\u017conki Prezydenta RP Agaty Kornhauser-Dudy. Jedn\u0105 z laureatek zosta\u0142a Krystyna Kobyla\u0144ska, kt\u00f3ra zaj\u0119\u0142a drugie miejsce w kategorii \u201eSeniorzy Seniorom\u201d.<\/p>\n<\/div><\/div>\n\n\n\n<!--more-->\n\n\n\n<p>Krystyna Kobyla\u0144ska by\u0142a wieloletnim nauczycielem i instruktorem ta\u0144ca zespo\u0142\u00f3w ludowych w Zespole Szk\u00f3\u0142 Rolniczych w Krasnymstawie oraz w Krasnostawskim Domu Kultury. Przez d\u0142ugie lata prowadzi\u0142a zespo\u0142y folklorystyczne i taneczne. Obecnie dzia\u0142a jako wolontariusz i spo\u0142ecznik na rzecz \u015brodowisk senioralnych w Mie\u015bcie. Jest tegoroczn\u0105 laureatk\u0105 przyznawanego w Krasnymstawie honorowego wyr\u00f3\u017cnienia Z\u0142ote Karpie.<\/p>\n\n\n\n<p>Pani Krystyna od ponad 10 lat aktywnie dzia\u0142a w Lubelskim Uniwersytecie III Wieku filia w Krasnymstawie, a od 15 lat wsp\u00f3\u0142pracuje z Miejskim O\u015brodkiem Pomocy Spo\u0142ecznej i Dziennym Domem Pomocy Spo\u0142ecznej przy realizacji biesiad senioralnych, a tak\u017ce przy projekcie Senior + i Krasnostawski Aktywny Senior. Z zespo\u0142em Senior\u00f3w zdobywa liczne nagrody i wyr\u00f3\u017cnienia.<\/p>\n\n\n\n<p>Warto doda\u0107, \u017ce gal\u0119 fina\u0142ow\u0105 konkursu u\u015bwietni\u0142 wyst\u0119p senior\u00f3w z zespo\u0142u wokalno-teatralnego \u201eJesienne Promyki\u201d z Dziennego Domu Pomocy Spo\u0142ecznej w Krasnymstawie pod kierunkiem Krystyny Kobyla\u0144skiej i przy akompaniamencie Ryszarda Kr\u00f3la. Prezentuj\u0105c wi\u0105zank\u0119 operetkow\u0105 oraz interpretacj\u0119 znanej piosenki \u201eJak przygoda to tylko w Warszawie\u201d, zach\u0119cili zgromadzonych w Pa\u0142acu Prezydenckim, do wsp\u00f3lnej zabawy.<\/p>\n\n\n\n<p>Konkurs \u201eRazem dla Senior\u00f3w\u201d ma na celu uhonorowanie os\u00f3b starszych, zwr\u00f3cenie uwagi na ich problemy i potrzeby, ale tak\u017ce pobudzenie ich do aktywno\u015bci. Jest r\u00f3wnie\u017c okazj\u0105 do zaprezentowania wielu cennych inicjatyw dotycz\u0105cych r\u00f3\u017cnych sfer aktywno\u015bci: wolontariatu, kultury, tradycji, sportu, dzia\u0142alno\u015bci edukacyjnej i artystycznej.<\/p>\n\n\n\n<p>W konkursie wyr\u00f3\u017cniono najciekawsze i najbardziej warto\u015bciowe dzia\u0142ania na rzecz os\u00f3b starszych. Nagrody laureatom wr\u0119czyli Ma\u0142\u017conka Prezydenta RP Agata Kornhauser-Duda oraz Zast\u0119pca Szefa Kancelarii Prezydenta RP Piotr \u0106wik.<\/p>\n\n\n\n<p>\u0179r\u00f3d\u0142o: https:\/\/www.prezydent.pl\/malzonka-prezydenta\/inicjatywy\/razem-dla&#8211;seniorow\/aktualnosci\/final-iii-edycji-konkursu-razem-dla-seniorow,93529<br>Foto: \u00a9Grzegorz Jakubowski\/KPRP<\/p>\n","protected":false},"excerpt":{"rendered":"<p>W dniu 30 pa\u017adziernika 2024 r. Burmistrz Krasnegostawu Daniel Miciu\u0142a towarzyszy\u0142 delegacji, kt\u00f3ra wzi\u0119\u0142a udzia\u0142 w uroczystej gali wr\u0119czenia nagr\u00f3d trzeciej edycji konkursu \u201eRazem dla Senior\u00f3w\u201d pod Honorowym Patronatem Ma\u0142\u017conki Prezydenta RP Agaty Kornhauser-Dudy. Jedn\u0105 z laureatek zosta\u0142a Krystyna Kobyla\u0144ska, kt\u00f3ra zaj\u0119\u0142a drugie miejsce w kategorii \u201eSeniorzy Seniorom\u201d.<\/p>\n","protected":false},"author":3,"featured_media":0,"comment_status":"closed","ping_status":"open","sticky":false,"template":"","format":"standard","meta":[],"categories":[1],"tags":[],"yoast_head":"<!-- This site is optimized with the Yoast SEO plugin v19.0 - https:\/\/yoast.com\/wordpress\/plugins\/seo\/ -->\n<title>Nasi seniorzy za\u015bpiewali w Pa\u0142acu Prezydenckim - MOPS Krasnystaw<\/title>\n<meta name=\"robots\" content=\"index, follow, max-snippet:-1, max-image-preview:large, max-video-preview:-1\" \/>\n<link rel=\"canonical\" href=\"https:\/\/www.mopskrasnystaw.pl\/?p=4840\" \/>\n<meta property=\"og:locale\" content=\"pl_PL\" \/>\n<meta property=\"og:type\" content=\"article\" \/>\n<meta property=\"og:title\" content=\"Nasi seniorzy za\u015bpiewali w Pa\u0142acu Prezydenckim - MOPS Krasnystaw\" \/>\n<meta property=\"og:description\" content=\"W dniu 30 pa\u017adziernika 2024 r. Burmistrz Krasnegostawu Daniel Miciu\u0142a towarzyszy\u0142 delegacji, kt\u00f3ra wzi\u0119\u0142a udzia\u0142 w uroczystej gali wr\u0119czenia nagr\u00f3d trzeciej edycji konkursu \u201eRazem dla Senior\u00f3w\u201d pod Honorowym Patronatem Ma\u0142\u017conki Prezydenta RP Agaty Kornhauser-Dudy. Jedn\u0105 z laureatek zosta\u0142a Krystyna Kobyla\u0144ska, kt\u00f3ra zaj\u0119\u0142a drugie miejsce w kategorii \u201eSeniorzy Seniorom\u201d.\" \/>\n<meta property=\"og:url\" content=\"https:\/\/www.mopskrasnystaw.pl\/?p=4840\" \/>\n<meta property=\"og:site_name\" content=\"MOPS Krasnystaw\" \/>\n<meta property=\"article:published_time\" content=\"2024-11-05T08:39:34+00:00\" \/>\n<meta property=\"article:modified_time\" content=\"2024-11-05T08:39:36+00:00\" \/>\n<meta property=\"og:image\" content=\"https:\/\/www.mopskrasnystaw.pl\/wp-content\/uploads\/2024\/11\/016_Agata_Kornhauser_Duda_3_Edycja_Konkursu_Razem_dla_Seniorow_20241030_GJB_6844.jpg\" \/>\n<meta name=\"twitter:card\" content=\"summary_large_image\" \/>\n<meta name=\"twitter:label1\" content=\"Napisane przez\" \/>\n\t<meta name=\"twitter:data1\" content=\"redaktor\" \/>\n\t<meta name=\"twitter:label2\" content=\"Szacowany czas czytania\" \/>\n\t<meta name=\"twitter:data2\" content=\"2 minuty\" \/>\n<script type=\"application\/ld+json\" class=\"yoast-schema-graph\">{\"@context\":\"https:\/\/schema.org\",\"@graph\":[{\"@type\":\"WebSite\",\"@id\":\"https:\/\/www.mopskrasnystaw.pl\/#website\",\"url\":\"https:\/\/www.mopskrasnystaw.pl\/\",\"name\":\"MOPS Krasnystaw\",\"description\":\"\",\"potentialAction\":[{\"@type\":\"SearchAction\",\"target\":{\"@type\":\"EntryPoint\",\"urlTemplate\":\"https:\/\/www.mopskrasnystaw.pl\/?s={search_term_string}\"},\"query-input\":\"required name=search_term_string\"}],\"inLanguage\":\"pl-PL\"},{\"@type\":\"ImageObject\",\"inLanguage\":\"pl-PL\",\"@id\":\"https:\/\/www.mopskrasnystaw.pl\/?p=4840#primaryimage\",\"url\":\"https:\/\/www.mopskrasnystaw.pl\/wp-content\/uploads\/2024\/11\/016_Agata_Kornhauser_Duda_3_Edycja_Konkursu_Razem_dla_Seniorow_20241030_GJB_6844.jpg\",\"contentUrl\":\"https:\/\/www.mopskrasnystaw.pl\/wp-content\/uploads\/2024\/11\/016_Agata_Kornhauser_Duda_3_Edycja_Konkursu_Razem_dla_Seniorow_20241030_GJB_6844.jpg\",\"width\":1024,\"height\":683},{\"@type\":\"WebPage\",\"@id\":\"https:\/\/www.mopskrasnystaw.pl\/?p=4840#webpage\",\"url\":\"https:\/\/www.mopskrasnystaw.pl\/?p=4840\",\"name\":\"Nasi seniorzy za\u015bpiewali w Pa\u0142acu Prezydenckim - MOPS Krasnystaw\",\"isPartOf\":{\"@id\":\"https:\/\/www.mopskrasnystaw.pl\/#website\"},\"primaryImageOfPage\":{\"@id\":\"https:\/\/www.mopskrasnystaw.pl\/?p=4840#primaryimage\"},\"datePublished\":\"2024-11-05T08:39:34+00:00\",\"dateModified\":\"2024-11-05T08:39:36+00:00\",\"author\":{\"@id\":\"https:\/\/www.mopskrasnystaw.pl\/#\/schema\/person\/c243255ac797e8203dac0928e5fb7dd7\"},\"breadcrumb\":{\"@id\":\"https:\/\/www.mopskrasnystaw.pl\/?p=4840#breadcrumb\"},\"inLanguage\":\"pl-PL\",\"potentialAction\":[{\"@type\":\"ReadAction\",\"target\":[\"https:\/\/www.mopskrasnystaw.pl\/?p=4840\"]}]},{\"@type\":\"BreadcrumbList\",\"@id\":\"https:\/\/www.mopskrasnystaw.pl\/?p=4840#breadcrumb\",\"itemListElement\":[{\"@type\":\"ListItem\",\"position\":1,\"name\":\"Strona g\u0142\u00f3wna\",\"item\":\"https:\/\/www.mopskrasnystaw.pl\/\"},{\"@type\":\"ListItem\",\"position\":2,\"name\":\"Nasi seniorzy za\u015bpiewali w Pa\u0142acu Prezydenckim\"}]},{\"@type\":\"Person\",\"@id\":\"https:\/\/www.mopskrasnystaw.pl\/#\/schema\/person\/c243255ac797e8203dac0928e5fb7dd7\",\"name\":\"redaktor\",\"image\":{\"@type\":\"ImageObject\",\"inLanguage\":\"pl-PL\",\"@id\":\"https:\/\/www.mopskrasnystaw.pl\/#\/schema\/person\/image\/\",\"url\":\"https:\/\/secure.gravatar.com\/avatar\/6508b8995653ed772737e87b63e3a77a?s=96&d=mm&r=g\",\"contentUrl\":\"https:\/\/secure.gravatar.com\/avatar\/6508b8995653ed772737e87b63e3a77a?s=96&d=mm&r=g\",\"caption\":\"redaktor\"},\"url\":\"https:\/\/www.mopskrasnystaw.pl\/?author=3\"}]}<\/script>\n<!-- \/ Yoast SEO plugin. -->","yoast_head_json":{"title":"Nasi seniorzy za\u015bpiewali w Pa\u0142acu Prezydenckim - MOPS Krasnystaw","robots":{"index":"index","follow":"follow","max-snippet":"max-snippet:-1","max-image-preview":"max-image-preview:large","max-video-preview":"max-video-preview:-1"},"canonical":"https:\/\/www.mopskrasnystaw.pl\/?p=4840","og_locale":"pl_PL","og_type":"article","og_title":"Nasi seniorzy za\u015bpiewali w Pa\u0142acu Prezydenckim - MOPS Krasnystaw","og_description":"W dniu 30 pa\u017adziernika 2024 r. Burmistrz Krasnegostawu Daniel Miciu\u0142a towarzyszy\u0142 delegacji, kt\u00f3ra wzi\u0119\u0142a udzia\u0142 w uroczystej gali wr\u0119czenia nagr\u00f3d trzeciej edycji konkursu \u201eRazem dla Senior\u00f3w\u201d pod Honorowym Patronatem Ma\u0142\u017conki Prezydenta RP Agaty Kornhauser-Dudy. Jedn\u0105 z laureatek zosta\u0142a Krystyna Kobyla\u0144ska, kt\u00f3ra zaj\u0119\u0142a drugie miejsce w kategorii \u201eSeniorzy Seniorom\u201d.","og_url":"https:\/\/www.mopskrasnystaw.pl\/?p=4840","og_site_name":"MOPS Krasnystaw","article_published_time":"2024-11-05T08:39:34+00:00","article_modified_time":"2024-11-05T08:39:36+00:00","og_image":[{"url":"https:\/\/www.mopskrasnystaw.pl\/wp-content\/uploads\/2024\/11\/016_Agata_Kornhauser_Duda_3_Edycja_Konkursu_Razem_dla_Seniorow_20241030_GJB_6844.jpg"}],"twitter_card":"summary_large_image","twitter_misc":{"Napisane przez":"redaktor","Szacowany czas czytania":"2 minuty"},"schema":{"@context":"https:\/\/schema.org","@graph":[{"@type":"WebSite","@id":"https:\/\/www.mopskrasnystaw.pl\/#website","url":"https:\/\/www.mopskrasnystaw.pl\/","name":"MOPS Krasnystaw","description":"","potentialAction":[{"@type":"SearchAction","target":{"@type":"EntryPoint","urlTemplate":"https:\/\/www.mopskrasnystaw.pl\/?s={search_term_string}"},"query-input":"required name=search_term_string"}],"inLanguage":"pl-PL"},{"@type":"ImageObject","inLanguage":"pl-PL","@id":"https:\/\/www.mopskrasnystaw.pl\/?p=4840#primaryimage","url":"https:\/\/www.mopskrasnystaw.pl\/wp-content\/uploads\/2024\/11\/016_Agata_Kornhauser_Duda_3_Edycja_Konkursu_Razem_dla_Seniorow_20241030_GJB_6844.jpg","contentUrl":"https:\/\/www.mopskrasnystaw.pl\/wp-content\/uploads\/2024\/11\/016_Agata_Kornhauser_Duda_3_Edycja_Konkursu_Razem_dla_Seniorow_20241030_GJB_6844.jpg","width":1024,"height":683},{"@type":"WebPage","@id":"https:\/\/www.mopskrasnystaw.pl\/?p=4840#webpage","url":"https:\/\/www.mopskrasnystaw.pl\/?p=4840","name":"Nasi seniorzy za\u015bpiewali w Pa\u0142acu Prezydenckim - MOPS Krasnystaw","isPartOf":{"@id":"https:\/\/www.mopskrasnystaw.pl\/#website"},"primaryImageOfPage":{"@id":"https:\/\/www.mopskrasnystaw.pl\/?p=4840#primaryimage"},"datePublished":"2024-11-05T08:39:34+00:00","dateModified":"2024-11-05T08:39:36+00:00","author":{"@id":"https:\/\/www.mopskrasnystaw.pl\/#\/schema\/person\/c243255ac797e8203dac0928e5fb7dd7"},"breadcrumb":{"@id":"https:\/\/www.mopskrasnystaw.pl\/?p=4840#breadcrumb"},"inLanguage":"pl-PL","potentialAction":[{"@type":"ReadAction","target":["https:\/\/www.mopskrasnystaw.pl\/?p=4840"]}]},{"@type":"BreadcrumbList","@id":"https:\/\/www.mopskrasnystaw.pl\/?p=4840#breadcrumb","itemListElement":[{"@type":"ListItem","position":1,"name":"Strona g\u0142\u00f3wna","item":"https:\/\/www.mopskrasnystaw.pl\/"},{"@type":"ListItem","position":2,"name":"Nasi seniorzy za\u015bpiewali w Pa\u0142acu Prezydenckim"}]},{"@type":"Person","@id":"https:\/\/www.mopskrasnystaw.pl\/#\/schema\/person\/c243255ac797e8203dac0928e5fb7dd7","name":"redaktor","image":{"@type":"ImageObject","inLanguage":"pl-PL","@id":"https:\/\/www.mopskrasnystaw.pl\/#\/schema\/person\/image\/","url":"https:\/\/secure.gravatar.com\/avatar\/6508b8995653ed772737e87b63e3a77a?s=96&d=mm&r=g","contentUrl":"https:\/\/secure.gravatar.com\/avatar\/6508b8995653ed772737e87b63e3a77a?s=96&d=mm&r=g","caption":"redaktor"},"url":"https:\/\/www.mopskrasnystaw.pl\/?author=3"}]}},"_links":{"self":[{"href":"https:\/\/www.mopskrasnystaw.pl\/index.php?rest_route=\/wp\/v2\/posts\/4840"}],"collection":[{"href":"https:\/\/www.mopskrasnystaw.pl\/index.php?rest_route=\/wp\/v2\/posts"}],"about":[{"href":"https:\/\/www.mopskrasnystaw.pl\/index.php?rest_route=\/wp\/v2\/types\/post"}],"author":[{"embeddable":true,"href":"https:\/\/www.mopskrasnystaw.pl\/index.php?rest_route=\/wp\/v2\/users\/3"}],"replies":[{"embeddable":true,"href":"https:\/\/www.mopskrasnystaw.pl\/index.php?rest_route=%2Fwp%2Fv2%2Fcomments&post=4840"}],"version-history":[{"count":1,"href":"https:\/\/www.mopskrasnystaw.pl\/index.php?rest_route=\/wp\/v2\/posts\/4840\/revisions"}],"predecessor-version":[{"id":4842,"href":"https:\/\/www.mopskrasnystaw.pl\/index.php?rest_route=\/wp\/v2\/posts\/4840\/revisions\/4842"}],"wp:attachment":[{"href":"https:\/\/www.mopskrasnystaw.pl\/index.php?rest_route=%2Fwp%2Fv2%2Fmedia&parent=4840"}],"wp:term":[{"taxonomy":"category","embeddable":true,"href":"https:\/\/www.mopskrasnystaw.pl\/index.php?rest_route=%2Fwp%2Fv2%2Fcategories&post=4840"},{"taxonomy":"post_tag","embeddable":true,"href":"https:\/\/www.mopskrasnystaw.pl\/index.php?rest_route=%2Fwp%2Fv2%2Ftags&post=4840"}],"curies":[{"name":"wp","href":"https:\/\/api.w.org\/{rel}","templated":true}]}}