{"id":4836,"date":"2024-11-05T08:37:08","date_gmt":"2024-11-05T08:37:08","guid":{"rendered":"https:\/\/www.mopskrasnystaw.pl\/?p=4836"},"modified":"2024-11-05T08:37:10","modified_gmt":"2024-11-05T08:37:10","slug":"nowy-mikrobus-dla-miejskiego-osrodka-pomocy-spolecznej","status":"publish","type":"post","link":"https:\/\/www.mopskrasnystaw.pl\/?p=4836","title":{"rendered":"Nowy mikrobus dla Miejskiego O\u015brodka Pomocy Spo\u0142ecznej"},"content":{"rendered":"\n<div class=\"wp-block-media-text alignwide is-stacked-on-mobile\"><figure class=\"wp-block-media-text__media\"><img loading=\"lazy\" width=\"1024\" height=\"683\" src=\"https:\/\/www.mopskrasnystaw.pl\/wp-content\/uploads\/2024\/11\/464705739_866665105622077_2637662253021656475_n.jpg\" alt=\"\" class=\"wp-image-4837 size-full\" srcset=\"https:\/\/www.mopskrasnystaw.pl\/wp-content\/uploads\/2024\/11\/464705739_866665105622077_2637662253021656475_n.jpg 1024w, https:\/\/www.mopskrasnystaw.pl\/wp-content\/uploads\/2024\/11\/464705739_866665105622077_2637662253021656475_n-300x200.jpg 300w, https:\/\/www.mopskrasnystaw.pl\/wp-content\/uploads\/2024\/11\/464705739_866665105622077_2637662253021656475_n-768x512.jpg 768w\" sizes=\"(max-width: 1024px) 100vw, 1024px\" \/><\/figure><div class=\"wp-block-media-text__content\">\n<p>W pi\u0105tek, 31 pa\u017adziernika Burmistrz Krasnegostawu Daniel Miciu\u0142a i Zast\u0119pca Burmistrza Krasnegostawu Monika Sawa przekazali dyrektorowi i pracownikom Miejskiego O\u015brodka Pomocy Spo\u0142ecznej w Krasnymstawie nowy mikrobus marki Ford.<\/p>\n<\/div><\/div>\n\n\n\n<!--more-->\n\n\n\n<p>Zakup fabrycznie nowego samochodu osobowego \u2013 9 miejscowego (8+1) \u201emikrobusu\u201d, specjalnie przystosowanego do przewozu os\u00f3b niepe\u0142nosprawnych, w tym 1 osoby na w\u00f3zku inwalidzkim zosta\u0142 zrealizowany w ramach projektu \u201eTransport bez barier w Mie\u015bcie Krasnystaw\u201d dofinansowanego ze \u015brodk\u00f3w Pa\u0144stwowego Funduszu Rehabilitacji Os\u00f3b Niepe\u0142nosprawnych (PFRON) w ramach \u201eProgramu wyr\u00f3wnywania r\u00f3\u017cnic mi\u0119dzy regionami III\u201d w obszarze D \u2013 likwidacja barier transportowych.<\/p>\n\n\n\n<p>Realizacja projektu pozwoli\u0142a na osi\u0105gni\u0119cie celu g\u0142\u00f3wnego przedsi\u0119wzi\u0119cia, kt\u00f3rym by\u0142o zwi\u0119kszenie dost\u0119pu os\u00f3b niepe\u0142nosprawnych zamieszka\u0142ych na terenie miasta Krasnystaw do rehabilitacji spo\u0142ecznej i zawodowej.<\/p>\n\n\n\n<p>Ponadto, zakup pojazdu i zrealizowanie projektu pozwoli\u0142o na:<\/p>\n\n\n\n<p>\u00b7 zaspokojenie potrzeb oraz popraw\u0119 jako\u015bci \u017cycia, a tak\u017ce przeciwdzia\u0142anie wykluczeniu spo\u0142ecznemu os\u00f3b niepe\u0142nosprawnych zamieszkuj\u0105cych teren miasta Krasnystaw (miasta le\u017c\u0105cego w podregionie o jednym z najni\u017cszych stopni rozwoju spo\u0142eczno-gospodarczego);<\/p>\n\n\n\n<p>\u00b7 zmniejszenie barier transportowych, kt\u00f3re napotykaj\u0105 niepe\u0142nosprawni mieszka\u0144cy Krasnegostawu;<\/p>\n\n\n\n<p>\u00b7 stworzenie mo\u017cliwo\u015bci pe\u0142nego udzia\u0142u osobom niepe\u0142nosprawnym w spo\u0142eczno\u015bci lokalnej, w szczeg\u00f3lno\u015bci osobom poruszaj\u0105cym si\u0119 na w\u00f3zkach inwalidzkich oraz posiadaj\u0105cym ograniczenia ruchowe.<\/p>\n\n\n\n<p>Samoch\u00f3d wykorzystywany b\u0119dzie do przewozu os\u00f3b niepe\u0142nosprawnych, kt\u00f3re s\u0105 uczestnikami Dziennego Domu Pomocy Spo\u0142ecznej, a tak\u017ce dzieci niepe\u0142nosprawnych z terenu miasta Krasnystaw, kt\u00f3re s\u0105 dowo\u017cone do szko\u0142y specjalnej. Korzysta\u0107 z niego b\u0119d\u0105 r\u00f3wnie\u017c uczestnicy \u015arodowiskowego Domu Samopomocy w Krasnymstawie.<\/p>\n\n\n\n<p>FORD Transit MCA 2.0 New EcoBlue 130 KM M6 FWD Trend Kombi M1 350 L3 kosztowa\u0142 214.389,00 z\u0142 brutto. Dofinansowanie z PFRON wynios\u0142o 135.000,00 z\u0142. Wk\u0142ad w\u0142asny ze \u015brodk\u00f3w Miasta Krasnystaw stanowi\u0142 79.389,00 z\u0142.<\/p>\n\n\n\n<figure class=\"wp-block-image size-full\"><img loading=\"lazy\" width=\"1024\" height=\"542\" src=\"https:\/\/www.mopskrasnystaw.pl\/wp-content\/uploads\/2024\/11\/pfronb.jpeg\" alt=\"\" class=\"wp-image-4838\" srcset=\"https:\/\/www.mopskrasnystaw.pl\/wp-content\/uploads\/2024\/11\/pfronb.jpeg 1024w, https:\/\/www.mopskrasnystaw.pl\/wp-content\/uploads\/2024\/11\/pfronb-300x159.jpeg 300w, https:\/\/www.mopskrasnystaw.pl\/wp-content\/uploads\/2024\/11\/pfronb-768x407.jpeg 768w\" sizes=\"(max-width: 1024px) 100vw, 1024px\" \/><\/figure>\n","protected":false},"excerpt":{"rendered":"<p>W pi\u0105tek, 31 pa\u017adziernika Burmistrz Krasnegostawu Daniel Miciu\u0142a i Zast\u0119pca Burmistrza Krasnegostawu Monika Sawa przekazali dyrektorowi i pracownikom Miejskiego O\u015brodka Pomocy Spo\u0142ecznej w Krasnymstawie nowy mikrobus marki Ford.<\/p>\n","protected":false},"author":3,"featured_media":0,"comment_status":"closed","ping_status":"open","sticky":false,"template":"","format":"standard","meta":[],"categories":[1],"tags":[],"yoast_head":"<!-- This site is optimized with the Yoast SEO plugin v19.0 - https:\/\/yoast.com\/wordpress\/plugins\/seo\/ -->\n<title>Nowy mikrobus dla Miejskiego O\u015brodka Pomocy Spo\u0142ecznej - MOPS Krasnystaw<\/title>\n<meta name=\"robots\" content=\"index, follow, max-snippet:-1, max-image-preview:large, max-video-preview:-1\" \/>\n<link rel=\"canonical\" href=\"https:\/\/www.mopskrasnystaw.pl\/?p=4836\" \/>\n<meta property=\"og:locale\" content=\"pl_PL\" \/>\n<meta property=\"og:type\" content=\"article\" \/>\n<meta property=\"og:title\" content=\"Nowy mikrobus dla Miejskiego O\u015brodka Pomocy Spo\u0142ecznej - MOPS Krasnystaw\" \/>\n<meta property=\"og:description\" content=\"W pi\u0105tek, 31 pa\u017adziernika Burmistrz Krasnegostawu Daniel Miciu\u0142a i Zast\u0119pca Burmistrza Krasnegostawu Monika Sawa przekazali dyrektorowi i pracownikom Miejskiego O\u015brodka Pomocy Spo\u0142ecznej w Krasnymstawie nowy mikrobus marki Ford.\" \/>\n<meta property=\"og:url\" content=\"https:\/\/www.mopskrasnystaw.pl\/?p=4836\" \/>\n<meta property=\"og:site_name\" content=\"MOPS Krasnystaw\" \/>\n<meta property=\"article:published_time\" content=\"2024-11-05T08:37:08+00:00\" \/>\n<meta property=\"article:modified_time\" content=\"2024-11-05T08:37:10+00:00\" \/>\n<meta property=\"og:image\" content=\"https:\/\/www.mopskrasnystaw.pl\/wp-content\/uploads\/2024\/11\/464705739_866665105622077_2637662253021656475_n.jpg\" \/>\n<meta name=\"twitter:card\" content=\"summary_large_image\" \/>\n<meta name=\"twitter:label1\" content=\"Napisane przez\" \/>\n\t<meta name=\"twitter:data1\" content=\"redaktor\" \/>\n\t<meta name=\"twitter:label2\" content=\"Szacowany czas czytania\" \/>\n\t<meta name=\"twitter:data2\" content=\"2 minuty\" \/>\n<script type=\"application\/ld+json\" class=\"yoast-schema-graph\">{\"@context\":\"https:\/\/schema.org\",\"@graph\":[{\"@type\":\"WebSite\",\"@id\":\"https:\/\/www.mopskrasnystaw.pl\/#website\",\"url\":\"https:\/\/www.mopskrasnystaw.pl\/\",\"name\":\"MOPS Krasnystaw\",\"description\":\"\",\"potentialAction\":[{\"@type\":\"SearchAction\",\"target\":{\"@type\":\"EntryPoint\",\"urlTemplate\":\"https:\/\/www.mopskrasnystaw.pl\/?s={search_term_string}\"},\"query-input\":\"required name=search_term_string\"}],\"inLanguage\":\"pl-PL\"},{\"@type\":\"ImageObject\",\"inLanguage\":\"pl-PL\",\"@id\":\"https:\/\/www.mopskrasnystaw.pl\/?p=4836#primaryimage\",\"url\":\"https:\/\/www.mopskrasnystaw.pl\/wp-content\/uploads\/2024\/11\/464705739_866665105622077_2637662253021656475_n.jpg\",\"contentUrl\":\"https:\/\/www.mopskrasnystaw.pl\/wp-content\/uploads\/2024\/11\/464705739_866665105622077_2637662253021656475_n.jpg\",\"width\":1024,\"height\":683},{\"@type\":\"WebPage\",\"@id\":\"https:\/\/www.mopskrasnystaw.pl\/?p=4836#webpage\",\"url\":\"https:\/\/www.mopskrasnystaw.pl\/?p=4836\",\"name\":\"Nowy mikrobus dla Miejskiego O\u015brodka Pomocy Spo\u0142ecznej - MOPS Krasnystaw\",\"isPartOf\":{\"@id\":\"https:\/\/www.mopskrasnystaw.pl\/#website\"},\"primaryImageOfPage\":{\"@id\":\"https:\/\/www.mopskrasnystaw.pl\/?p=4836#primaryimage\"},\"datePublished\":\"2024-11-05T08:37:08+00:00\",\"dateModified\":\"2024-11-05T08:37:10+00:00\",\"author\":{\"@id\":\"https:\/\/www.mopskrasnystaw.pl\/#\/schema\/person\/c243255ac797e8203dac0928e5fb7dd7\"},\"breadcrumb\":{\"@id\":\"https:\/\/www.mopskrasnystaw.pl\/?p=4836#breadcrumb\"},\"inLanguage\":\"pl-PL\",\"potentialAction\":[{\"@type\":\"ReadAction\",\"target\":[\"https:\/\/www.mopskrasnystaw.pl\/?p=4836\"]}]},{\"@type\":\"BreadcrumbList\",\"@id\":\"https:\/\/www.mopskrasnystaw.pl\/?p=4836#breadcrumb\",\"itemListElement\":[{\"@type\":\"ListItem\",\"position\":1,\"name\":\"Strona g\u0142\u00f3wna\",\"item\":\"https:\/\/www.mopskrasnystaw.pl\/\"},{\"@type\":\"ListItem\",\"position\":2,\"name\":\"Nowy mikrobus dla Miejskiego O\u015brodka Pomocy Spo\u0142ecznej\"}]},{\"@type\":\"Person\",\"@id\":\"https:\/\/www.mopskrasnystaw.pl\/#\/schema\/person\/c243255ac797e8203dac0928e5fb7dd7\",\"name\":\"redaktor\",\"image\":{\"@type\":\"ImageObject\",\"inLanguage\":\"pl-PL\",\"@id\":\"https:\/\/www.mopskrasnystaw.pl\/#\/schema\/person\/image\/\",\"url\":\"https:\/\/secure.gravatar.com\/avatar\/6508b8995653ed772737e87b63e3a77a?s=96&d=mm&r=g\",\"contentUrl\":\"https:\/\/secure.gravatar.com\/avatar\/6508b8995653ed772737e87b63e3a77a?s=96&d=mm&r=g\",\"caption\":\"redaktor\"},\"url\":\"https:\/\/www.mopskrasnystaw.pl\/?author=3\"}]}<\/script>\n<!-- \/ Yoast SEO plugin. -->","yoast_head_json":{"title":"Nowy mikrobus dla Miejskiego O\u015brodka Pomocy Spo\u0142ecznej - MOPS Krasnystaw","robots":{"index":"index","follow":"follow","max-snippet":"max-snippet:-1","max-image-preview":"max-image-preview:large","max-video-preview":"max-video-preview:-1"},"canonical":"https:\/\/www.mopskrasnystaw.pl\/?p=4836","og_locale":"pl_PL","og_type":"article","og_title":"Nowy mikrobus dla Miejskiego O\u015brodka Pomocy Spo\u0142ecznej - MOPS Krasnystaw","og_description":"W pi\u0105tek, 31 pa\u017adziernika Burmistrz Krasnegostawu Daniel Miciu\u0142a i Zast\u0119pca Burmistrza Krasnegostawu Monika Sawa przekazali dyrektorowi i pracownikom Miejskiego O\u015brodka Pomocy Spo\u0142ecznej w Krasnymstawie nowy mikrobus marki Ford.","og_url":"https:\/\/www.mopskrasnystaw.pl\/?p=4836","og_site_name":"MOPS Krasnystaw","article_published_time":"2024-11-05T08:37:08+00:00","article_modified_time":"2024-11-05T08:37:10+00:00","og_image":[{"url":"https:\/\/www.mopskrasnystaw.pl\/wp-content\/uploads\/2024\/11\/464705739_866665105622077_2637662253021656475_n.jpg"}],"twitter_card":"summary_large_image","twitter_misc":{"Napisane przez":"redaktor","Szacowany czas czytania":"2 minuty"},"schema":{"@context":"https:\/\/schema.org","@graph":[{"@type":"WebSite","@id":"https:\/\/www.mopskrasnystaw.pl\/#website","url":"https:\/\/www.mopskrasnystaw.pl\/","name":"MOPS Krasnystaw","description":"","potentialAction":[{"@type":"SearchAction","target":{"@type":"EntryPoint","urlTemplate":"https:\/\/www.mopskrasnystaw.pl\/?s={search_term_string}"},"query-input":"required name=search_term_string"}],"inLanguage":"pl-PL"},{"@type":"ImageObject","inLanguage":"pl-PL","@id":"https:\/\/www.mopskrasnystaw.pl\/?p=4836#primaryimage","url":"https:\/\/www.mopskrasnystaw.pl\/wp-content\/uploads\/2024\/11\/464705739_866665105622077_2637662253021656475_n.jpg","contentUrl":"https:\/\/www.mopskrasnystaw.pl\/wp-content\/uploads\/2024\/11\/464705739_866665105622077_2637662253021656475_n.jpg","width":1024,"height":683},{"@type":"WebPage","@id":"https:\/\/www.mopskrasnystaw.pl\/?p=4836#webpage","url":"https:\/\/www.mopskrasnystaw.pl\/?p=4836","name":"Nowy mikrobus dla Miejskiego O\u015brodka Pomocy Spo\u0142ecznej - MOPS Krasnystaw","isPartOf":{"@id":"https:\/\/www.mopskrasnystaw.pl\/#website"},"primaryImageOfPage":{"@id":"https:\/\/www.mopskrasnystaw.pl\/?p=4836#primaryimage"},"datePublished":"2024-11-05T08:37:08+00:00","dateModified":"2024-11-05T08:37:10+00:00","author":{"@id":"https:\/\/www.mopskrasnystaw.pl\/#\/schema\/person\/c243255ac797e8203dac0928e5fb7dd7"},"breadcrumb":{"@id":"https:\/\/www.mopskrasnystaw.pl\/?p=4836#breadcrumb"},"inLanguage":"pl-PL","potentialAction":[{"@type":"ReadAction","target":["https:\/\/www.mopskrasnystaw.pl\/?p=4836"]}]},{"@type":"BreadcrumbList","@id":"https:\/\/www.mopskrasnystaw.pl\/?p=4836#breadcrumb","itemListElement":[{"@type":"ListItem","position":1,"name":"Strona g\u0142\u00f3wna","item":"https:\/\/www.mopskrasnystaw.pl\/"},{"@type":"ListItem","position":2,"name":"Nowy mikrobus dla Miejskiego O\u015brodka Pomocy Spo\u0142ecznej"}]},{"@type":"Person","@id":"https:\/\/www.mopskrasnystaw.pl\/#\/schema\/person\/c243255ac797e8203dac0928e5fb7dd7","name":"redaktor","image":{"@type":"ImageObject","inLanguage":"pl-PL","@id":"https:\/\/www.mopskrasnystaw.pl\/#\/schema\/person\/image\/","url":"https:\/\/secure.gravatar.com\/avatar\/6508b8995653ed772737e87b63e3a77a?s=96&d=mm&r=g","contentUrl":"https:\/\/secure.gravatar.com\/avatar\/6508b8995653ed772737e87b63e3a77a?s=96&d=mm&r=g","caption":"redaktor"},"url":"https:\/\/www.mopskrasnystaw.pl\/?author=3"}]}},"_links":{"self":[{"href":"https:\/\/www.mopskrasnystaw.pl\/index.php?rest_route=\/wp\/v2\/posts\/4836"}],"collection":[{"href":"https:\/\/www.mopskrasnystaw.pl\/index.php?rest_route=\/wp\/v2\/posts"}],"about":[{"href":"https:\/\/www.mopskrasnystaw.pl\/index.php?rest_route=\/wp\/v2\/types\/post"}],"author":[{"embeddable":true,"href":"https:\/\/www.mopskrasnystaw.pl\/index.php?rest_route=\/wp\/v2\/users\/3"}],"replies":[{"embeddable":true,"href":"https:\/\/www.mopskrasnystaw.pl\/index.php?rest_route=%2Fwp%2Fv2%2Fcomments&post=4836"}],"version-history":[{"count":1,"href":"https:\/\/www.mopskrasnystaw.pl\/index.php?rest_route=\/wp\/v2\/posts\/4836\/revisions"}],"predecessor-version":[{"id":4839,"href":"https:\/\/www.mopskrasnystaw.pl\/index.php?rest_route=\/wp\/v2\/posts\/4836\/revisions\/4839"}],"wp:attachment":[{"href":"https:\/\/www.mopskrasnystaw.pl\/index.php?rest_route=%2Fwp%2Fv2%2Fmedia&parent=4836"}],"wp:term":[{"taxonomy":"category","embeddable":true,"href":"https:\/\/www.mopskrasnystaw.pl\/index.php?rest_route=%2Fwp%2Fv2%2Fcategories&post=4836"},{"taxonomy":"post_tag","embeddable":true,"href":"https:\/\/www.mopskrasnystaw.pl\/index.php?rest_route=%2Fwp%2Fv2%2Ftags&post=4836"}],"curies":[{"name":"wp","href":"https:\/\/api.w.org\/{rel}","templated":true}]}}