{"id":4804,"date":"2024-08-05T07:42:14","date_gmt":"2024-08-05T07:42:14","guid":{"rendered":"https:\/\/www.mopskrasnystaw.pl\/?p=4804"},"modified":"2024-08-05T07:42:17","modified_gmt":"2024-08-05T07:42:17","slug":"pomoc-prawna-dla-osob-65-lat-i-wiecej-komunikat-rops-w-lublinie","status":"publish","type":"post","link":"https:\/\/www.mopskrasnystaw.pl\/?p=4804","title":{"rendered":"Pomoc prawna dla os\u00f3b 65 lat i wi\u0119cej &#8211; komunikat ROPS w Lublinie"},"content":{"rendered":"\n<p>Od dnia 1 sierpnia 2024 r. w ramach projektu partnerskiego \u201ePolityka Senioralna EFS+\u201d rusza realizacja zadania 5 \u201ePomoc prawna dla os\u00f3b 65 lat i wi\u0119cej\u201d. B\u0119dzie to wsparcie kierowane do senior\u00f3w polegaj\u0105ce na pomocy w rozwi\u0105zywaniu indywidualnych problem\u00f3w prawnych dotycz\u0105cych np. opieki prawnej, spraw rodzinnych, spraw spadkowych i innych wed\u0142ug zapotrzebowania seniora. Wsparcie to b\u0119dzie dostosowane do indywidualnych potrzeb uczestnik\u00f3w projektu.<\/p>\n\n\n\n<!--more-->\n\n\n\n<p>Planowana liczba porad zgodnie ze z\u0142o\u017conym zapotrzebowaniem z 32 gmin b\u0119dzie wynosi\u0107 1727 godzin poradnictwa prawnego dla 791 os\u00f3b.<\/p>\n\n\n\n<p>Za realizacje zadania odpowiedzialny jest Partner Wiod\u0105cy tj. Regionalny O\u015brodek Polityki Spo\u0142ecznej w Lublinie. Wykonawcami us\u0142ugi b\u0119d\u0105: Kancelaria Radcy Prawnego Magdalena Piech, P.H.U. Miros\u0142aw Mistrzak, JSNP HUMANUS Sp. z o.o.<\/p>\n\n\n\n<p>Rekrutacj\u0119 na poradnictwo prawne b\u0119d\u0105 prowadzi\u0142y nast\u0119puj\u0105ce gminy: Krasnystaw, W\u00f3lka, \u015awidnik, Go\u015bcierad\u00f3w, Urz\u0119d\u00f3w, Che\u0142m, Komar\u00f3w Osada, Rachanie, Tomasz\u00f3w Lubelski, Krynice, Ryki, \u0141uk\u00f3w, Krasnobr\u00f3d, Niedrzwica Du\u017ca, Wojciech\u00f3w, Hrubiesz\u00f3w, Dzwola, Potok Wielki, Telatyn, W\u0105wolnica, Le\u015bniowice, \u0141opiennik G\u00f3rny, Modliborzyce, \u017bmud\u017a, Lubycza Kr\u00f3lewska, Sitno, Tarnawatka, Szastarka, Kur\u00f3w, Trzydnik Du\u017cy, Wojcieszk\u00f3w, Wilko\u0142az.<\/p>\n\n\n\n<p>Dokumenty rekrutacyjne dost\u0119pne s\u0105 na stronie ROPS w zak\u0142adce &#8211; <a href=\"https:\/\/rops.lubelskie.pl\/o-projekcie-polityka-senioralna-efs-2\/\">https:\/\/rops.lubelskie.pl\/o-projekcie-polityka-senioralna-efs-2\/<\/a>&nbsp;i na stronach Partner\u00f3w.<\/p>\n","protected":false},"excerpt":{"rendered":"<p>Od dnia 1 sierpnia 2024 r. w ramach projektu partnerskiego \u201ePolityka Senioralna EFS+\u201d rusza realizacja zadania 5 \u201ePomoc prawna dla os\u00f3b 65 lat i wi\u0119cej\u201d. B\u0119dzie to wsparcie kierowane do senior\u00f3w polegaj\u0105ce na pomocy w rozwi\u0105zywaniu indywidualnych problem\u00f3w prawnych dotycz\u0105cych np. opieki prawnej, spraw rodzinnych, spraw spadkowych i innych wed\u0142ug zapotrzebowania seniora. Wsparcie to b\u0119dzie [&hellip;]<\/p>\n","protected":false},"author":3,"featured_media":0,"comment_status":"closed","ping_status":"open","sticky":false,"template":"","format":"standard","meta":[],"categories":[1],"tags":[],"yoast_head":"<!-- This site is optimized with the Yoast SEO plugin v19.0 - https:\/\/yoast.com\/wordpress\/plugins\/seo\/ -->\n<title>Pomoc prawna dla os\u00f3b 65 lat i wi\u0119cej - komunikat ROPS w Lublinie - MOPS Krasnystaw<\/title>\n<meta name=\"robots\" content=\"index, follow, max-snippet:-1, max-image-preview:large, max-video-preview:-1\" \/>\n<link rel=\"canonical\" href=\"https:\/\/www.mopskrasnystaw.pl\/?p=4804\" \/>\n<meta property=\"og:locale\" content=\"pl_PL\" \/>\n<meta property=\"og:type\" content=\"article\" \/>\n<meta property=\"og:title\" content=\"Pomoc prawna dla os\u00f3b 65 lat i wi\u0119cej - komunikat ROPS w Lublinie - MOPS Krasnystaw\" \/>\n<meta property=\"og:description\" content=\"Od dnia 1 sierpnia 2024 r. w ramach projektu partnerskiego \u201ePolityka Senioralna EFS+\u201d rusza realizacja zadania 5 \u201ePomoc prawna dla os\u00f3b 65 lat i wi\u0119cej\u201d. B\u0119dzie to wsparcie kierowane do senior\u00f3w polegaj\u0105ce na pomocy w rozwi\u0105zywaniu indywidualnych problem\u00f3w prawnych dotycz\u0105cych np. opieki prawnej, spraw rodzinnych, spraw spadkowych i innych wed\u0142ug zapotrzebowania seniora. Wsparcie to b\u0119dzie [&hellip;]\" \/>\n<meta property=\"og:url\" content=\"https:\/\/www.mopskrasnystaw.pl\/?p=4804\" \/>\n<meta property=\"og:site_name\" content=\"MOPS Krasnystaw\" \/>\n<meta property=\"article:published_time\" content=\"2024-08-05T07:42:14+00:00\" \/>\n<meta property=\"article:modified_time\" content=\"2024-08-05T07:42:17+00:00\" \/>\n<meta name=\"twitter:card\" content=\"summary_large_image\" \/>\n<meta name=\"twitter:label1\" content=\"Napisane przez\" \/>\n\t<meta name=\"twitter:data1\" content=\"redaktor\" \/>\n\t<meta name=\"twitter:label2\" content=\"Szacowany czas czytania\" \/>\n\t<meta name=\"twitter:data2\" content=\"2 minuty\" \/>\n<script type=\"application\/ld+json\" class=\"yoast-schema-graph\">{\"@context\":\"https:\/\/schema.org\",\"@graph\":[{\"@type\":\"WebSite\",\"@id\":\"https:\/\/www.mopskrasnystaw.pl\/#website\",\"url\":\"https:\/\/www.mopskrasnystaw.pl\/\",\"name\":\"MOPS Krasnystaw\",\"description\":\"\",\"potentialAction\":[{\"@type\":\"SearchAction\",\"target\":{\"@type\":\"EntryPoint\",\"urlTemplate\":\"https:\/\/www.mopskrasnystaw.pl\/?s={search_term_string}\"},\"query-input\":\"required name=search_term_string\"}],\"inLanguage\":\"pl-PL\"},{\"@type\":\"WebPage\",\"@id\":\"https:\/\/www.mopskrasnystaw.pl\/?p=4804#webpage\",\"url\":\"https:\/\/www.mopskrasnystaw.pl\/?p=4804\",\"name\":\"Pomoc prawna dla os\u00f3b 65 lat i wi\u0119cej - komunikat ROPS w Lublinie - MOPS Krasnystaw\",\"isPartOf\":{\"@id\":\"https:\/\/www.mopskrasnystaw.pl\/#website\"},\"datePublished\":\"2024-08-05T07:42:14+00:00\",\"dateModified\":\"2024-08-05T07:42:17+00:00\",\"author\":{\"@id\":\"https:\/\/www.mopskrasnystaw.pl\/#\/schema\/person\/c243255ac797e8203dac0928e5fb7dd7\"},\"breadcrumb\":{\"@id\":\"https:\/\/www.mopskrasnystaw.pl\/?p=4804#breadcrumb\"},\"inLanguage\":\"pl-PL\",\"potentialAction\":[{\"@type\":\"ReadAction\",\"target\":[\"https:\/\/www.mopskrasnystaw.pl\/?p=4804\"]}]},{\"@type\":\"BreadcrumbList\",\"@id\":\"https:\/\/www.mopskrasnystaw.pl\/?p=4804#breadcrumb\",\"itemListElement\":[{\"@type\":\"ListItem\",\"position\":1,\"name\":\"Strona g\u0142\u00f3wna\",\"item\":\"https:\/\/www.mopskrasnystaw.pl\/\"},{\"@type\":\"ListItem\",\"position\":2,\"name\":\"Pomoc prawna dla os\u00f3b 65 lat i wi\u0119cej &#8211; komunikat ROPS w Lublinie\"}]},{\"@type\":\"Person\",\"@id\":\"https:\/\/www.mopskrasnystaw.pl\/#\/schema\/person\/c243255ac797e8203dac0928e5fb7dd7\",\"name\":\"redaktor\",\"image\":{\"@type\":\"ImageObject\",\"inLanguage\":\"pl-PL\",\"@id\":\"https:\/\/www.mopskrasnystaw.pl\/#\/schema\/person\/image\/\",\"url\":\"https:\/\/secure.gravatar.com\/avatar\/6508b8995653ed772737e87b63e3a77a?s=96&d=mm&r=g\",\"contentUrl\":\"https:\/\/secure.gravatar.com\/avatar\/6508b8995653ed772737e87b63e3a77a?s=96&d=mm&r=g\",\"caption\":\"redaktor\"},\"url\":\"https:\/\/www.mopskrasnystaw.pl\/?author=3\"}]}<\/script>\n<!-- \/ Yoast SEO plugin. -->","yoast_head_json":{"title":"Pomoc prawna dla os\u00f3b 65 lat i wi\u0119cej - komunikat ROPS w Lublinie - MOPS Krasnystaw","robots":{"index":"index","follow":"follow","max-snippet":"max-snippet:-1","max-image-preview":"max-image-preview:large","max-video-preview":"max-video-preview:-1"},"canonical":"https:\/\/www.mopskrasnystaw.pl\/?p=4804","og_locale":"pl_PL","og_type":"article","og_title":"Pomoc prawna dla os\u00f3b 65 lat i wi\u0119cej - komunikat ROPS w Lublinie - MOPS Krasnystaw","og_description":"Od dnia 1 sierpnia 2024 r. w ramach projektu partnerskiego \u201ePolityka Senioralna EFS+\u201d rusza realizacja zadania 5 \u201ePomoc prawna dla os\u00f3b 65 lat i wi\u0119cej\u201d. B\u0119dzie to wsparcie kierowane do senior\u00f3w polegaj\u0105ce na pomocy w rozwi\u0105zywaniu indywidualnych problem\u00f3w prawnych dotycz\u0105cych np. opieki prawnej, spraw rodzinnych, spraw spadkowych i innych wed\u0142ug zapotrzebowania seniora. Wsparcie to b\u0119dzie [&hellip;]","og_url":"https:\/\/www.mopskrasnystaw.pl\/?p=4804","og_site_name":"MOPS Krasnystaw","article_published_time":"2024-08-05T07:42:14+00:00","article_modified_time":"2024-08-05T07:42:17+00:00","twitter_card":"summary_large_image","twitter_misc":{"Napisane przez":"redaktor","Szacowany czas czytania":"2 minuty"},"schema":{"@context":"https:\/\/schema.org","@graph":[{"@type":"WebSite","@id":"https:\/\/www.mopskrasnystaw.pl\/#website","url":"https:\/\/www.mopskrasnystaw.pl\/","name":"MOPS Krasnystaw","description":"","potentialAction":[{"@type":"SearchAction","target":{"@type":"EntryPoint","urlTemplate":"https:\/\/www.mopskrasnystaw.pl\/?s={search_term_string}"},"query-input":"required name=search_term_string"}],"inLanguage":"pl-PL"},{"@type":"WebPage","@id":"https:\/\/www.mopskrasnystaw.pl\/?p=4804#webpage","url":"https:\/\/www.mopskrasnystaw.pl\/?p=4804","name":"Pomoc prawna dla os\u00f3b 65 lat i wi\u0119cej - komunikat ROPS w Lublinie - MOPS Krasnystaw","isPartOf":{"@id":"https:\/\/www.mopskrasnystaw.pl\/#website"},"datePublished":"2024-08-05T07:42:14+00:00","dateModified":"2024-08-05T07:42:17+00:00","author":{"@id":"https:\/\/www.mopskrasnystaw.pl\/#\/schema\/person\/c243255ac797e8203dac0928e5fb7dd7"},"breadcrumb":{"@id":"https:\/\/www.mopskrasnystaw.pl\/?p=4804#breadcrumb"},"inLanguage":"pl-PL","potentialAction":[{"@type":"ReadAction","target":["https:\/\/www.mopskrasnystaw.pl\/?p=4804"]}]},{"@type":"BreadcrumbList","@id":"https:\/\/www.mopskrasnystaw.pl\/?p=4804#breadcrumb","itemListElement":[{"@type":"ListItem","position":1,"name":"Strona g\u0142\u00f3wna","item":"https:\/\/www.mopskrasnystaw.pl\/"},{"@type":"ListItem","position":2,"name":"Pomoc prawna dla os\u00f3b 65 lat i wi\u0119cej &#8211; komunikat ROPS w Lublinie"}]},{"@type":"Person","@id":"https:\/\/www.mopskrasnystaw.pl\/#\/schema\/person\/c243255ac797e8203dac0928e5fb7dd7","name":"redaktor","image":{"@type":"ImageObject","inLanguage":"pl-PL","@id":"https:\/\/www.mopskrasnystaw.pl\/#\/schema\/person\/image\/","url":"https:\/\/secure.gravatar.com\/avatar\/6508b8995653ed772737e87b63e3a77a?s=96&d=mm&r=g","contentUrl":"https:\/\/secure.gravatar.com\/avatar\/6508b8995653ed772737e87b63e3a77a?s=96&d=mm&r=g","caption":"redaktor"},"url":"https:\/\/www.mopskrasnystaw.pl\/?author=3"}]}},"_links":{"self":[{"href":"https:\/\/www.mopskrasnystaw.pl\/index.php?rest_route=\/wp\/v2\/posts\/4804"}],"collection":[{"href":"https:\/\/www.mopskrasnystaw.pl\/index.php?rest_route=\/wp\/v2\/posts"}],"about":[{"href":"https:\/\/www.mopskrasnystaw.pl\/index.php?rest_route=\/wp\/v2\/types\/post"}],"author":[{"embeddable":true,"href":"https:\/\/www.mopskrasnystaw.pl\/index.php?rest_route=\/wp\/v2\/users\/3"}],"replies":[{"embeddable":true,"href":"https:\/\/www.mopskrasnystaw.pl\/index.php?rest_route=%2Fwp%2Fv2%2Fcomments&post=4804"}],"version-history":[{"count":1,"href":"https:\/\/www.mopskrasnystaw.pl\/index.php?rest_route=\/wp\/v2\/posts\/4804\/revisions"}],"predecessor-version":[{"id":4805,"href":"https:\/\/www.mopskrasnystaw.pl\/index.php?rest_route=\/wp\/v2\/posts\/4804\/revisions\/4805"}],"wp:attachment":[{"href":"https:\/\/www.mopskrasnystaw.pl\/index.php?rest_route=%2Fwp%2Fv2%2Fmedia&parent=4804"}],"wp:term":[{"taxonomy":"category","embeddable":true,"href":"https:\/\/www.mopskrasnystaw.pl\/index.php?rest_route=%2Fwp%2Fv2%2Fcategories&post=4804"},{"taxonomy":"post_tag","embeddable":true,"href":"https:\/\/www.mopskrasnystaw.pl\/index.php?rest_route=%2Fwp%2Fv2%2Ftags&post=4804"}],"curies":[{"name":"wp","href":"https:\/\/api.w.org\/{rel}","templated":true}]}}