{"id":4709,"date":"2024-04-16T09:50:00","date_gmt":"2024-04-16T09:50:00","guid":{"rendered":"https:\/\/www.mopskrasnystaw.pl\/?p=4709"},"modified":"2024-04-16T09:50:33","modified_gmt":"2024-04-16T09:50:33","slug":"nabor-osob-chetnych-do-swiadczenia-uslug-asystencji-osobistej-w-ramach-programu-asystent-osobisty-osoby-z-niepelnosprawnoscia-dla-jednostek-samorzadu-terytorialnego-edycja-2024","status":"publish","type":"post","link":"https:\/\/www.mopskrasnystaw.pl\/?p=4709","title":{"rendered":"Nab\u00f3r os\u00f3b ch\u0119tnych do \u015bwiadczenia us\u0142ug asystencji osobistej w ramach Programu \u201eASYSTENT OSOBISTY OSOBY Z NIEPE\u0141NOSPRAWNO\u015aCI\u0104\u201d dla Jednostek Samorz\u0105du Terytorialnego &#8211; edycja 2024"},"content":{"rendered":"\n<h2>Miejski O\u015brodek Pomocy Spo\u0142ecznej w\u00a0 Krasnymstawie prowadzi nab\u00f3r kandydat\u00f3w do \u015bwiadczenia us\u0142ug asystencji osobistej\u00a0 w\u00a0ramach Programu \u201eAsystent osobisty osoby z niepe\u0142nosprawno\u015bci\u0105\u201d dla Jednostek Samorz\u0105du Terytorialnego \u2013 edycja 2024<\/h2>\n\n\n\n<p><strong><u>Warunki zatrudnienia<\/u><\/strong>:&nbsp; umowa cywilnoprawna<\/p>\n\n\n\n<p><strong><u>Wymagania<\/u><\/strong>:<\/p>\n\n\n\n<p>&nbsp;&nbsp;&nbsp;&nbsp;&nbsp;&nbsp;&nbsp;&nbsp;&nbsp;&nbsp;&nbsp;&nbsp;&nbsp;&nbsp;&nbsp;&nbsp;&nbsp;&nbsp;&nbsp;&nbsp;&nbsp;&nbsp;&nbsp;&nbsp;&nbsp; Us\u0142ugi asystencji osobistej mog\u0105 \u015bwiadczy\u0107 osoby nieb\u0119d\u0105ce cz\u0142onkami rodziny uczestnika, opiekunami prawnymi uczestnika lub osobami faktycznie zamieszkuj\u0105cymi razem z uczestnikiem:<\/p>\n\n\n\n<ol type=\"1\"><li>posiadaj\u0105ce dokument potwierdzaj\u0105cy uzyskanie kwalifikacji w nast\u0119puj\u0105cych zawodach i specjalno\u015bciach: asystent osoby niepe\u0142nosprawnej, opiekun osoby starszej, opiekun medyczny, pedagog, psycholog, terapeuta zaj\u0119ciowy, piel\u0119gniarka, siostra PCK, fizjoterapeuta; lub<\/li><li>posiadaj\u0105ce co najmniej 6-miesi\u0119czne, udokumentowane do\u015bwiadczenie<br>w udzielaniu bezpo\u015bredniej pomocy osobom z niepe\u0142nosprawno\u015bciami,<br>np. do\u015bwiadczenie zawodowe, udzielanie wsparcia osobom<br>z niepe\u0142nosprawno\u015bciami w formie wolontariatu; lub<\/li><li>wskazane przez uczestnika lub jego opiekuna prawnego (w przypadku osoby ma\u0142oletniej albo ubezw\u0142asnowolnionej ca\u0142kowicie) w Karcie zg\u0142oszenia do Programu<\/li><\/ol>\n\n\n\n<p>&nbsp;&nbsp;&nbsp;&nbsp;&nbsp;&nbsp;&nbsp;&nbsp;&nbsp;&nbsp;&nbsp; \u201eAsystent osobisty osoby z niepe\u0142nosprawno\u015bci\u0105\u201d dla Jednostek Samorz\u0105du&nbsp;&nbsp;&nbsp;&nbsp;&nbsp;&nbsp;&nbsp;&nbsp;&nbsp;&nbsp;&nbsp;&nbsp;&nbsp;&nbsp; Terytorialnego &#8211; edycja 2024<\/p>\n\n\n\n<p><strong><u>Us\u0142ugi asystencji osobistej polegaj\u0105 na wspieraniu przez asystenta osoby<br>z niepe\u0142nosprawno\u015bci\u0105 w r\u00f3\u017cnych sferach \u017cycia, w tym<\/u><\/strong>:<strong><u><\/u><\/strong><\/p>\n\n\n\n<ol type=\"1\"><li>wsparcia uczestnika w czynno\u015bciach samoobs\u0142ugowych, w tym utrzymaniu higieny osobistej;<\/li><li>wsparcia uczestnika w prowadzeniu gospodarstwa domowego i wype\u0142nianiu r\u00f3l w rodzinie;<\/li><li>wsparcia uczestnika w przemieszczaniu si\u0119 poza miejscem zamieszkania;<\/li><li>wsparcia uczestnika w podejmowaniu aktywno\u015bci \u017cyciowej i komunikowaniu si\u0119 z otoczeniem.<\/li><\/ol>\n\n\n\n<p>Podanie, CV oraz dokumenty potwierdzaj\u0105ce posiadane uprawnienia\/kwalifikacje oraz\u00a0do\u015bwiadczenie zawodowe nale\u017cy sk\u0142ada\u0107 w\u00a0Miejskim O\u015brodku Pomocy Spo\u0142ecznej w\u00a0Krasnymstawie, ul.\u00a0Pi\u0142sudskiego 9, pok\u00f3j 106 osobi\u015bcie lub za\u00a0po\u015brednictwem poczty. Informacji udziela: <strong>Agnieszka Mierzy\u0144ska, tel.\u00a0 82\u00a0576 23 24 wew. 107<\/strong><\/p>\n\n\n\n<p><\/p>\n\n\n\n<div class=\"wp-block-file\"><a id=\"wp-block-file--media-d42263bc-ea80-4597-92e6-d1941435f5a8\" href=\"https:\/\/www.mopskrasnystaw.pl\/wp-content\/uploads\/2024\/04\/KLAUZULA-INFORMACYJNA.docx\">KLAUZULA INFORMACYJNA<\/a><\/div>\n","protected":false},"excerpt":{"rendered":"<p>Miejski O\u015brodek Pomocy Spo\u0142ecznej w\u00a0 Krasnymstawie prowadzi nab\u00f3r kandydat\u00f3w do \u015bwiadczenia us\u0142ug asystencji osobistej\u00a0 w\u00a0ramach Programu \u201eAsystent osobisty osoby z niepe\u0142nosprawno\u015bci\u0105\u201d dla Jednostek Samorz\u0105du Terytorialnego \u2013 edycja 2024 Warunki zatrudnienia:&nbsp; umowa cywilnoprawna Wymagania: &nbsp;&nbsp;&nbsp;&nbsp;&nbsp;&nbsp;&nbsp;&nbsp;&nbsp;&nbsp;&nbsp;&nbsp;&nbsp;&nbsp;&nbsp;&nbsp;&nbsp;&nbsp;&nbsp;&nbsp;&nbsp;&nbsp;&nbsp;&nbsp;&nbsp; Us\u0142ugi asystencji osobistej mog\u0105 \u015bwiadczy\u0107 osoby nieb\u0119d\u0105ce cz\u0142onkami rodziny uczestnika, opiekunami prawnymi uczestnika lub osobami faktycznie zamieszkuj\u0105cymi razem z uczestnikiem: posiadaj\u0105ce [&hellip;]<\/p>\n","protected":false},"author":3,"featured_media":0,"comment_status":"closed","ping_status":"open","sticky":false,"template":"","format":"standard","meta":[],"categories":[1],"tags":[],"yoast_head":"<!-- This site is optimized with the Yoast SEO plugin v19.0 - https:\/\/yoast.com\/wordpress\/plugins\/seo\/ -->\n<title>Nab\u00f3r os\u00f3b ch\u0119tnych do \u015bwiadczenia us\u0142ug asystencji osobistej w ramach Programu \u201eASYSTENT OSOBISTY OSOBY Z NIEPE\u0141NOSPRAWNO\u015aCI\u0104\u201d dla Jednostek Samorz\u0105du Terytorialnego - edycja 2024 - MOPS Krasnystaw<\/title>\n<meta name=\"robots\" content=\"index, follow, max-snippet:-1, max-image-preview:large, max-video-preview:-1\" \/>\n<link rel=\"canonical\" href=\"https:\/\/www.mopskrasnystaw.pl\/?p=4709\" \/>\n<meta property=\"og:locale\" content=\"pl_PL\" \/>\n<meta property=\"og:type\" content=\"article\" \/>\n<meta property=\"og:title\" content=\"Nab\u00f3r os\u00f3b ch\u0119tnych do \u015bwiadczenia us\u0142ug asystencji osobistej w ramach Programu \u201eASYSTENT OSOBISTY OSOBY Z NIEPE\u0141NOSPRAWNO\u015aCI\u0104\u201d dla Jednostek Samorz\u0105du Terytorialnego - edycja 2024 - MOPS Krasnystaw\" \/>\n<meta property=\"og:description\" content=\"Miejski O\u015brodek Pomocy Spo\u0142ecznej w\u00a0 Krasnymstawie prowadzi nab\u00f3r kandydat\u00f3w do \u015bwiadczenia us\u0142ug asystencji osobistej\u00a0 w\u00a0ramach Programu \u201eAsystent osobisty osoby z niepe\u0142nosprawno\u015bci\u0105\u201d dla Jednostek Samorz\u0105du Terytorialnego \u2013 edycja 2024 Warunki zatrudnienia:&nbsp; umowa cywilnoprawna Wymagania: &nbsp;&nbsp;&nbsp;&nbsp;&nbsp;&nbsp;&nbsp;&nbsp;&nbsp;&nbsp;&nbsp;&nbsp;&nbsp;&nbsp;&nbsp;&nbsp;&nbsp;&nbsp;&nbsp;&nbsp;&nbsp;&nbsp;&nbsp;&nbsp;&nbsp; Us\u0142ugi asystencji osobistej mog\u0105 \u015bwiadczy\u0107 osoby nieb\u0119d\u0105ce cz\u0142onkami rodziny uczestnika, opiekunami prawnymi uczestnika lub osobami faktycznie zamieszkuj\u0105cymi razem z uczestnikiem: posiadaj\u0105ce [&hellip;]\" \/>\n<meta property=\"og:url\" content=\"https:\/\/www.mopskrasnystaw.pl\/?p=4709\" \/>\n<meta property=\"og:site_name\" content=\"MOPS Krasnystaw\" \/>\n<meta property=\"article:published_time\" content=\"2024-04-16T09:50:00+00:00\" \/>\n<meta property=\"article:modified_time\" content=\"2024-04-16T09:50:33+00:00\" \/>\n<meta name=\"twitter:card\" content=\"summary_large_image\" \/>\n<meta name=\"twitter:label1\" content=\"Napisane przez\" \/>\n\t<meta name=\"twitter:data1\" content=\"redaktor\" \/>\n\t<meta name=\"twitter:label2\" content=\"Szacowany czas czytania\" \/>\n\t<meta name=\"twitter:data2\" content=\"2 minuty\" \/>\n<script type=\"application\/ld+json\" class=\"yoast-schema-graph\">{\"@context\":\"https:\/\/schema.org\",\"@graph\":[{\"@type\":\"WebSite\",\"@id\":\"https:\/\/www.mopskrasnystaw.pl\/#website\",\"url\":\"https:\/\/www.mopskrasnystaw.pl\/\",\"name\":\"MOPS Krasnystaw\",\"description\":\"\",\"potentialAction\":[{\"@type\":\"SearchAction\",\"target\":{\"@type\":\"EntryPoint\",\"urlTemplate\":\"https:\/\/www.mopskrasnystaw.pl\/?s={search_term_string}\"},\"query-input\":\"required name=search_term_string\"}],\"inLanguage\":\"pl-PL\"},{\"@type\":\"WebPage\",\"@id\":\"https:\/\/www.mopskrasnystaw.pl\/?p=4709#webpage\",\"url\":\"https:\/\/www.mopskrasnystaw.pl\/?p=4709\",\"name\":\"Nab\u00f3r os\u00f3b ch\u0119tnych do \u015bwiadczenia us\u0142ug asystencji osobistej w ramach Programu \u201eASYSTENT OSOBISTY OSOBY Z NIEPE\u0141NOSPRAWNO\u015aCI\u0104\u201d dla Jednostek Samorz\u0105du Terytorialnego - edycja 2024 - MOPS Krasnystaw\",\"isPartOf\":{\"@id\":\"https:\/\/www.mopskrasnystaw.pl\/#website\"},\"datePublished\":\"2024-04-16T09:50:00+00:00\",\"dateModified\":\"2024-04-16T09:50:33+00:00\",\"author\":{\"@id\":\"https:\/\/www.mopskrasnystaw.pl\/#\/schema\/person\/c243255ac797e8203dac0928e5fb7dd7\"},\"breadcrumb\":{\"@id\":\"https:\/\/www.mopskrasnystaw.pl\/?p=4709#breadcrumb\"},\"inLanguage\":\"pl-PL\",\"potentialAction\":[{\"@type\":\"ReadAction\",\"target\":[\"https:\/\/www.mopskrasnystaw.pl\/?p=4709\"]}]},{\"@type\":\"BreadcrumbList\",\"@id\":\"https:\/\/www.mopskrasnystaw.pl\/?p=4709#breadcrumb\",\"itemListElement\":[{\"@type\":\"ListItem\",\"position\":1,\"name\":\"Strona g\u0142\u00f3wna\",\"item\":\"https:\/\/www.mopskrasnystaw.pl\/\"},{\"@type\":\"ListItem\",\"position\":2,\"name\":\"Nab\u00f3r os\u00f3b ch\u0119tnych do \u015bwiadczenia us\u0142ug asystencji osobistej w ramach Programu \u201eASYSTENT OSOBISTY OSOBY Z NIEPE\u0141NOSPRAWNO\u015aCI\u0104\u201d dla Jednostek Samorz\u0105du Terytorialnego &#8211; edycja 2024\"}]},{\"@type\":\"Person\",\"@id\":\"https:\/\/www.mopskrasnystaw.pl\/#\/schema\/person\/c243255ac797e8203dac0928e5fb7dd7\",\"name\":\"redaktor\",\"image\":{\"@type\":\"ImageObject\",\"inLanguage\":\"pl-PL\",\"@id\":\"https:\/\/www.mopskrasnystaw.pl\/#\/schema\/person\/image\/\",\"url\":\"https:\/\/secure.gravatar.com\/avatar\/6508b8995653ed772737e87b63e3a77a?s=96&d=mm&r=g\",\"contentUrl\":\"https:\/\/secure.gravatar.com\/avatar\/6508b8995653ed772737e87b63e3a77a?s=96&d=mm&r=g\",\"caption\":\"redaktor\"},\"url\":\"https:\/\/www.mopskrasnystaw.pl\/?author=3\"}]}<\/script>\n<!-- \/ Yoast SEO plugin. -->","yoast_head_json":{"title":"Nab\u00f3r os\u00f3b ch\u0119tnych do \u015bwiadczenia us\u0142ug asystencji osobistej w ramach Programu \u201eASYSTENT OSOBISTY OSOBY Z NIEPE\u0141NOSPRAWNO\u015aCI\u0104\u201d dla Jednostek Samorz\u0105du Terytorialnego - edycja 2024 - MOPS Krasnystaw","robots":{"index":"index","follow":"follow","max-snippet":"max-snippet:-1","max-image-preview":"max-image-preview:large","max-video-preview":"max-video-preview:-1"},"canonical":"https:\/\/www.mopskrasnystaw.pl\/?p=4709","og_locale":"pl_PL","og_type":"article","og_title":"Nab\u00f3r os\u00f3b ch\u0119tnych do \u015bwiadczenia us\u0142ug asystencji osobistej w ramach Programu \u201eASYSTENT OSOBISTY OSOBY Z NIEPE\u0141NOSPRAWNO\u015aCI\u0104\u201d dla Jednostek Samorz\u0105du Terytorialnego - edycja 2024 - MOPS Krasnystaw","og_description":"Miejski O\u015brodek Pomocy Spo\u0142ecznej w\u00a0 Krasnymstawie prowadzi nab\u00f3r kandydat\u00f3w do \u015bwiadczenia us\u0142ug asystencji osobistej\u00a0 w\u00a0ramach Programu \u201eAsystent osobisty osoby z niepe\u0142nosprawno\u015bci\u0105\u201d dla Jednostek Samorz\u0105du Terytorialnego \u2013 edycja 2024 Warunki zatrudnienia:&nbsp; umowa cywilnoprawna Wymagania: &nbsp;&nbsp;&nbsp;&nbsp;&nbsp;&nbsp;&nbsp;&nbsp;&nbsp;&nbsp;&nbsp;&nbsp;&nbsp;&nbsp;&nbsp;&nbsp;&nbsp;&nbsp;&nbsp;&nbsp;&nbsp;&nbsp;&nbsp;&nbsp;&nbsp; Us\u0142ugi asystencji osobistej mog\u0105 \u015bwiadczy\u0107 osoby nieb\u0119d\u0105ce cz\u0142onkami rodziny uczestnika, opiekunami prawnymi uczestnika lub osobami faktycznie zamieszkuj\u0105cymi razem z uczestnikiem: posiadaj\u0105ce [&hellip;]","og_url":"https:\/\/www.mopskrasnystaw.pl\/?p=4709","og_site_name":"MOPS Krasnystaw","article_published_time":"2024-04-16T09:50:00+00:00","article_modified_time":"2024-04-16T09:50:33+00:00","twitter_card":"summary_large_image","twitter_misc":{"Napisane przez":"redaktor","Szacowany czas czytania":"2 minuty"},"schema":{"@context":"https:\/\/schema.org","@graph":[{"@type":"WebSite","@id":"https:\/\/www.mopskrasnystaw.pl\/#website","url":"https:\/\/www.mopskrasnystaw.pl\/","name":"MOPS Krasnystaw","description":"","potentialAction":[{"@type":"SearchAction","target":{"@type":"EntryPoint","urlTemplate":"https:\/\/www.mopskrasnystaw.pl\/?s={search_term_string}"},"query-input":"required name=search_term_string"}],"inLanguage":"pl-PL"},{"@type":"WebPage","@id":"https:\/\/www.mopskrasnystaw.pl\/?p=4709#webpage","url":"https:\/\/www.mopskrasnystaw.pl\/?p=4709","name":"Nab\u00f3r os\u00f3b ch\u0119tnych do \u015bwiadczenia us\u0142ug asystencji osobistej w ramach Programu \u201eASYSTENT OSOBISTY OSOBY Z NIEPE\u0141NOSPRAWNO\u015aCI\u0104\u201d dla Jednostek Samorz\u0105du Terytorialnego - edycja 2024 - MOPS Krasnystaw","isPartOf":{"@id":"https:\/\/www.mopskrasnystaw.pl\/#website"},"datePublished":"2024-04-16T09:50:00+00:00","dateModified":"2024-04-16T09:50:33+00:00","author":{"@id":"https:\/\/www.mopskrasnystaw.pl\/#\/schema\/person\/c243255ac797e8203dac0928e5fb7dd7"},"breadcrumb":{"@id":"https:\/\/www.mopskrasnystaw.pl\/?p=4709#breadcrumb"},"inLanguage":"pl-PL","potentialAction":[{"@type":"ReadAction","target":["https:\/\/www.mopskrasnystaw.pl\/?p=4709"]}]},{"@type":"BreadcrumbList","@id":"https:\/\/www.mopskrasnystaw.pl\/?p=4709#breadcrumb","itemListElement":[{"@type":"ListItem","position":1,"name":"Strona g\u0142\u00f3wna","item":"https:\/\/www.mopskrasnystaw.pl\/"},{"@type":"ListItem","position":2,"name":"Nab\u00f3r os\u00f3b ch\u0119tnych do \u015bwiadczenia us\u0142ug asystencji osobistej w ramach Programu \u201eASYSTENT OSOBISTY OSOBY Z NIEPE\u0141NOSPRAWNO\u015aCI\u0104\u201d dla Jednostek Samorz\u0105du Terytorialnego &#8211; edycja 2024"}]},{"@type":"Person","@id":"https:\/\/www.mopskrasnystaw.pl\/#\/schema\/person\/c243255ac797e8203dac0928e5fb7dd7","name":"redaktor","image":{"@type":"ImageObject","inLanguage":"pl-PL","@id":"https:\/\/www.mopskrasnystaw.pl\/#\/schema\/person\/image\/","url":"https:\/\/secure.gravatar.com\/avatar\/6508b8995653ed772737e87b63e3a77a?s=96&d=mm&r=g","contentUrl":"https:\/\/secure.gravatar.com\/avatar\/6508b8995653ed772737e87b63e3a77a?s=96&d=mm&r=g","caption":"redaktor"},"url":"https:\/\/www.mopskrasnystaw.pl\/?author=3"}]}},"_links":{"self":[{"href":"https:\/\/www.mopskrasnystaw.pl\/index.php?rest_route=\/wp\/v2\/posts\/4709"}],"collection":[{"href":"https:\/\/www.mopskrasnystaw.pl\/index.php?rest_route=\/wp\/v2\/posts"}],"about":[{"href":"https:\/\/www.mopskrasnystaw.pl\/index.php?rest_route=\/wp\/v2\/types\/post"}],"author":[{"embeddable":true,"href":"https:\/\/www.mopskrasnystaw.pl\/index.php?rest_route=\/wp\/v2\/users\/3"}],"replies":[{"embeddable":true,"href":"https:\/\/www.mopskrasnystaw.pl\/index.php?rest_route=%2Fwp%2Fv2%2Fcomments&post=4709"}],"version-history":[{"count":2,"href":"https:\/\/www.mopskrasnystaw.pl\/index.php?rest_route=\/wp\/v2\/posts\/4709\/revisions"}],"predecessor-version":[{"id":4712,"href":"https:\/\/www.mopskrasnystaw.pl\/index.php?rest_route=\/wp\/v2\/posts\/4709\/revisions\/4712"}],"wp:attachment":[{"href":"https:\/\/www.mopskrasnystaw.pl\/index.php?rest_route=%2Fwp%2Fv2%2Fmedia&parent=4709"}],"wp:term":[{"taxonomy":"category","embeddable":true,"href":"https:\/\/www.mopskrasnystaw.pl\/index.php?rest_route=%2Fwp%2Fv2%2Fcategories&post=4709"},{"taxonomy":"post_tag","embeddable":true,"href":"https:\/\/www.mopskrasnystaw.pl\/index.php?rest_route=%2Fwp%2Fv2%2Ftags&post=4709"}],"curies":[{"name":"wp","href":"https:\/\/api.w.org\/{rel}","templated":true}]}}