{"id":4586,"date":"2023-12-05T09:24:45","date_gmt":"2023-12-05T09:24:45","guid":{"rendered":"https:\/\/www.mopskrasnystaw.pl\/?p=4586"},"modified":"2023-12-11T10:41:54","modified_gmt":"2023-12-11T10:41:54","slug":"ruszyl-nabor-wnioskow-do-programu-asystent-osobisty-osoby-z-niepelnosprawnoscia-dla-jednostek-samorzadu-terytorialnego-edycja-2024","status":"publish","type":"post","link":"https:\/\/www.mopskrasnystaw.pl\/?p=4586","title":{"rendered":"TRWA NAB\u00d3R UCZESTNIK\u00d3W DO PROGRAMU &#8222;ASYSTENT OSOBISTY OSOBY Z\u00a0NIEPE\u0141NOSPRAWNO\u015aCI\u0104&#8221; DLA JEDNOSTEK SAMORZ\u0104DU TERYTORIALNEGO \u2013 EDYCJA 2024"},"content":{"rendered":"\n<p>Program \u201eAsystent osobisty osoby z&nbsp;niepe\u0142nosprawno\u015bci\u0105\u201d dla jednostek samorz\u0105du terytorialnego \u2013 edycja 2024 ma na celu zapewnienie dost\u0119pno\u015bci do us\u0142ug asystencji osobistej, tj. wsparcia w&nbsp;wykonywaniu codziennych czynno\u015bci oraz funkcjonowaniu w&nbsp;\u017cyciu spo\u0142ecznym os\u00f3b niepe\u0142nosprawnych dla:<\/p>\n\n\n\n<!--more-->\n\n\n\n<ul><li>dzieci do&nbsp;uko\u0144czenia 16&nbsp;roku \u017cycia posiadaj\u0105ce orzeczenie o&nbsp;niepe\u0142nosprawno\u015bci \u0142\u0105cznie ze&nbsp;wskazaniami: konieczno\u015bci sta\u0142ej lub d\u0142ugotrwa\u0142ej opieki lub pomocy innej osoby w&nbsp;zwi\u0105zku ze&nbsp;znacznie ograniczon\u0105 mo\u017cliwo\u015bci\u0105 samodzielnej egzystencji oraz konieczno\u015bci sta\u0142ego wsp\u00f3\u0142udzia\u0142u na co dzie\u0144 opiekuna dziecka w&nbsp;procesie jego leczenia, rehabilitacji i&nbsp;edukacji oraz<\/li><li>os\u00f3b z niepe\u0142nosprawno\u015bciami posiadaj\u0105cych orzeczenie:<br>a) o&nbsp;znacznym stopniu niepe\u0142nosprawno\u015bci albo<br>b) o&nbsp;umiarkowanym stopniu niepe\u0142nosprawno\u015bci albo<br>c) traktowane na r\u00f3wni z&nbsp;orzeczeniami wymienionymi w&nbsp;lit. a&nbsp;i b, zgodnie z&nbsp;art.<br>5 i&nbsp;art. 62 ustawy z&nbsp;dnia 27 sierpnia 1997 r. o&nbsp;rehabilitacji zawodowej i&nbsp;spo\u0142ecznej oraz zatrudnianiu os\u00f3b niepe\u0142nosprawnych (Dz. U. z&nbsp;2023 r. poz.100 z&nbsp;p\u00f3\u017an. zm.).<\/li><\/ul>\n\n\n\n<p><strong>Podstawa prawna Programu<\/strong><\/p>\n\n\n\n<p>Podstaw\u0105 prawn\u0105 Programu jest art. 7 ust. 5 oraz art. 13 ustawy z&nbsp;dnia 23 pa\u017adziernika 2018 r. o&nbsp;Funduszu Solidarno\u015bciowym (Dz. U. z&nbsp;2023 r. poz. 647,1407 i&nbsp;1429).<\/p>\n\n\n\n<p><strong>Zg\u0142osze\u0144 do programu dokonuje si\u0119 na podstawie Karty zg\u0142oszenia do Programu \u201eAsystent osobisty osoby z&nbsp;niepe\u0142nosprawno\u015bci\u0105\u201d dla Jednostek Samorz\u0105du Terytorialnego \u2013 edycja 2024 wraz z za\u0142\u0105cznikami w&nbsp;terminie do dnia<br><u>31 GRUDNIA 2023 r.<\/u><\/strong><\/p>\n\n\n\n<p><strong>Dokumenty nale\u017cy z\u0142o\u017cy\u0107 w&nbsp;siedzibie Miejskiego O\u015brodka Pomocy Spo\u0142ecznej<br>w Krasnymstawie, 22-300 Krasnystaw ul. Pi\u0142sudskiego 9, pok\u00f3j Nr 107<\/strong><\/p>\n\n\n\n<p>&nbsp;W przypadku wi\u0119kszej liczby os\u00f3b zainteresowanych zostanie ustalona lista rezerwowa.<\/p>\n\n\n\n<p>Szczeg\u00f3\u0142owe informacje dotycz\u0105ce Programu mo\u017cna uzyska\u0107 pod numerem telefonu 82&nbsp;576 23 24 wew. 107<\/p>\n\n\n\n<h2>ZA\u0141\u0104CZNIKI:<\/h2>\n\n\n\n<div class=\"wp-block-file\"><a id=\"wp-block-file--media-37b6d39c-dd58-47fd-9637-2a4aeec3f915\" href=\"https:\/\/www.mopskrasnystaw.pl\/wp-content\/uploads\/2023\/12\/Karta_zgloszenia.docx\">Karta_zg\u0142oszenia<\/a><\/div>\n\n\n\n<div class=\"wp-block-file\"><a id=\"wp-block-file--media-567899d7-c101-4d42-a484-87dedc916080\" href=\"https:\/\/www.mopskrasnystaw.pl\/wp-content\/uploads\/2023\/12\/Klauzula-informacyjna-o-przetwarzaniu-danych-osobowych-przez-Miejski-Osrodek-Pomocy-Spolecznej.docx\">Klauzula informacyjna o przetwarzaniu danych osobowych<\/a><\/div>\n\n\n\n<div class=\"wp-block-file\"><a id=\"wp-block-file--media-6d6c3a38-86d0-4f60-8bc7-62593e4d9f11\" href=\"https:\/\/www.mopskrasnystaw.pl\/wp-content\/uploads\/2023\/12\/Zakres_czynnosci-1.docx\">Zakres_czynno\u015bci<\/a><\/div>\n\n\n\n<div class=\"wp-block-file\"><a id=\"wp-block-file--media-eb223b2e-563f-47ab-b8da-49614df83a81\" href=\"https:\/\/www.mopskrasnystaw.pl\/wp-content\/uploads\/2023\/12\/Oswiadczenia_2024.docx\">O\u015bwiadczenia_2024<\/a><\/div>\n\n\n\n<div class=\"wp-block-file\"><a id=\"wp-block-file--media-eda16e2f-b961-45dd-92ff-f64d04844876\" href=\"https:\/\/www.mopskrasnystaw.pl\/wp-content\/uploads\/2023\/12\/Oswiadczenie_RODO.docx\">O\u015bwiadczenie_RODO<\/a><\/div>\n\n\n\n<p>Wi\u0119cej informacji:<br><a href=\"https:\/\/niepelnosprawni.gov.pl\/a,1490,programy-ministra-rodziny-i-polityki-spolecznej-o-zmianach-programu-asystent-osobisty-osoby-z-niepelnosprawnoscia-dla-jednostek-samorzadu-terytorialnego-edycja-2024\">https:\/\/niepelnosprawni.gov.pl\/a,1490,programy-ministra-rodziny-i-polityki-spolecznej-o-zmianach-programu-asystent-osobisty-osoby-z-niepelnosprawnoscia-dla-jednostek-samorzadu-terytorialnego-edycja-2024<\/a><\/p>\n","protected":false},"excerpt":{"rendered":"<p>Program \u201eAsystent osobisty osoby z&nbsp;niepe\u0142nosprawno\u015bci\u0105\u201d dla jednostek samorz\u0105du terytorialnego \u2013 edycja 2024 ma na celu zapewnienie dost\u0119pno\u015bci do us\u0142ug asystencji osobistej, tj. wsparcia w&nbsp;wykonywaniu codziennych czynno\u015bci oraz funkcjonowaniu w&nbsp;\u017cyciu spo\u0142ecznym os\u00f3b niepe\u0142nosprawnych dla:<\/p>\n","protected":false},"author":3,"featured_media":0,"comment_status":"closed","ping_status":"open","sticky":false,"template":"","format":"standard","meta":[],"categories":[1],"tags":[],"yoast_head":"<!-- This site is optimized with the Yoast SEO plugin v19.0 - https:\/\/yoast.com\/wordpress\/plugins\/seo\/ -->\n<title>TRWA NAB\u00d3R UCZESTNIK\u00d3W DO PROGRAMU &quot;ASYSTENT OSOBISTY OSOBY Z\u00a0NIEPE\u0141NOSPRAWNO\u015aCI\u0104&quot; DLA JEDNOSTEK SAMORZ\u0104DU TERYTORIALNEGO \u2013 EDYCJA 2024 - MOPS Krasnystaw<\/title>\n<meta name=\"robots\" content=\"index, follow, max-snippet:-1, max-image-preview:large, max-video-preview:-1\" \/>\n<link rel=\"canonical\" href=\"https:\/\/www.mopskrasnystaw.pl\/?p=4586\" \/>\n<meta property=\"og:locale\" content=\"pl_PL\" \/>\n<meta property=\"og:type\" content=\"article\" \/>\n<meta property=\"og:title\" content=\"TRWA NAB\u00d3R UCZESTNIK\u00d3W DO PROGRAMU &quot;ASYSTENT OSOBISTY OSOBY Z\u00a0NIEPE\u0141NOSPRAWNO\u015aCI\u0104&quot; DLA JEDNOSTEK SAMORZ\u0104DU TERYTORIALNEGO \u2013 EDYCJA 2024 - MOPS Krasnystaw\" \/>\n<meta property=\"og:description\" content=\"Program \u201eAsystent osobisty osoby z&nbsp;niepe\u0142nosprawno\u015bci\u0105\u201d dla jednostek samorz\u0105du terytorialnego \u2013 edycja 2024 ma na celu zapewnienie dost\u0119pno\u015bci do us\u0142ug asystencji osobistej, tj. wsparcia w&nbsp;wykonywaniu codziennych czynno\u015bci oraz funkcjonowaniu w&nbsp;\u017cyciu spo\u0142ecznym os\u00f3b niepe\u0142nosprawnych dla:\" \/>\n<meta property=\"og:url\" content=\"https:\/\/www.mopskrasnystaw.pl\/?p=4586\" \/>\n<meta property=\"og:site_name\" content=\"MOPS Krasnystaw\" \/>\n<meta property=\"article:published_time\" content=\"2023-12-05T09:24:45+00:00\" \/>\n<meta property=\"article:modified_time\" content=\"2023-12-11T10:41:54+00:00\" \/>\n<meta name=\"twitter:card\" content=\"summary_large_image\" \/>\n<meta name=\"twitter:label1\" content=\"Napisane przez\" \/>\n\t<meta name=\"twitter:data1\" content=\"redaktor\" \/>\n\t<meta name=\"twitter:label2\" content=\"Szacowany czas czytania\" \/>\n\t<meta name=\"twitter:data2\" content=\"2 minuty\" \/>\n<script type=\"application\/ld+json\" class=\"yoast-schema-graph\">{\"@context\":\"https:\/\/schema.org\",\"@graph\":[{\"@type\":\"WebSite\",\"@id\":\"https:\/\/www.mopskrasnystaw.pl\/#website\",\"url\":\"https:\/\/www.mopskrasnystaw.pl\/\",\"name\":\"MOPS Krasnystaw\",\"description\":\"\",\"potentialAction\":[{\"@type\":\"SearchAction\",\"target\":{\"@type\":\"EntryPoint\",\"urlTemplate\":\"https:\/\/www.mopskrasnystaw.pl\/?s={search_term_string}\"},\"query-input\":\"required name=search_term_string\"}],\"inLanguage\":\"pl-PL\"},{\"@type\":\"WebPage\",\"@id\":\"https:\/\/www.mopskrasnystaw.pl\/?p=4586#webpage\",\"url\":\"https:\/\/www.mopskrasnystaw.pl\/?p=4586\",\"name\":\"TRWA NAB\u00d3R UCZESTNIK\u00d3W DO PROGRAMU \\\"ASYSTENT OSOBISTY OSOBY Z\u00a0NIEPE\u0141NOSPRAWNO\u015aCI\u0104\\\" DLA JEDNOSTEK SAMORZ\u0104DU TERYTORIALNEGO \u2013 EDYCJA 2024 - MOPS Krasnystaw\",\"isPartOf\":{\"@id\":\"https:\/\/www.mopskrasnystaw.pl\/#website\"},\"datePublished\":\"2023-12-05T09:24:45+00:00\",\"dateModified\":\"2023-12-11T10:41:54+00:00\",\"author\":{\"@id\":\"https:\/\/www.mopskrasnystaw.pl\/#\/schema\/person\/c243255ac797e8203dac0928e5fb7dd7\"},\"breadcrumb\":{\"@id\":\"https:\/\/www.mopskrasnystaw.pl\/?p=4586#breadcrumb\"},\"inLanguage\":\"pl-PL\",\"potentialAction\":[{\"@type\":\"ReadAction\",\"target\":[\"https:\/\/www.mopskrasnystaw.pl\/?p=4586\"]}]},{\"@type\":\"BreadcrumbList\",\"@id\":\"https:\/\/www.mopskrasnystaw.pl\/?p=4586#breadcrumb\",\"itemListElement\":[{\"@type\":\"ListItem\",\"position\":1,\"name\":\"Strona g\u0142\u00f3wna\",\"item\":\"https:\/\/www.mopskrasnystaw.pl\/\"},{\"@type\":\"ListItem\",\"position\":2,\"name\":\"TRWA NAB\u00d3R UCZESTNIK\u00d3W DO PROGRAMU &#8222;ASYSTENT OSOBISTY OSOBY Z\u00a0NIEPE\u0141NOSPRAWNO\u015aCI\u0104&#8221; DLA JEDNOSTEK SAMORZ\u0104DU TERYTORIALNEGO \u2013 EDYCJA 2024\"}]},{\"@type\":\"Person\",\"@id\":\"https:\/\/www.mopskrasnystaw.pl\/#\/schema\/person\/c243255ac797e8203dac0928e5fb7dd7\",\"name\":\"redaktor\",\"image\":{\"@type\":\"ImageObject\",\"inLanguage\":\"pl-PL\",\"@id\":\"https:\/\/www.mopskrasnystaw.pl\/#\/schema\/person\/image\/\",\"url\":\"https:\/\/secure.gravatar.com\/avatar\/6508b8995653ed772737e87b63e3a77a?s=96&d=mm&r=g\",\"contentUrl\":\"https:\/\/secure.gravatar.com\/avatar\/6508b8995653ed772737e87b63e3a77a?s=96&d=mm&r=g\",\"caption\":\"redaktor\"},\"url\":\"https:\/\/www.mopskrasnystaw.pl\/?author=3\"}]}<\/script>\n<!-- \/ Yoast SEO plugin. -->","yoast_head_json":{"title":"TRWA NAB\u00d3R UCZESTNIK\u00d3W DO PROGRAMU \"ASYSTENT OSOBISTY OSOBY Z\u00a0NIEPE\u0141NOSPRAWNO\u015aCI\u0104\" DLA JEDNOSTEK SAMORZ\u0104DU TERYTORIALNEGO \u2013 EDYCJA 2024 - MOPS Krasnystaw","robots":{"index":"index","follow":"follow","max-snippet":"max-snippet:-1","max-image-preview":"max-image-preview:large","max-video-preview":"max-video-preview:-1"},"canonical":"https:\/\/www.mopskrasnystaw.pl\/?p=4586","og_locale":"pl_PL","og_type":"article","og_title":"TRWA NAB\u00d3R UCZESTNIK\u00d3W DO PROGRAMU \"ASYSTENT OSOBISTY OSOBY Z\u00a0NIEPE\u0141NOSPRAWNO\u015aCI\u0104\" DLA JEDNOSTEK SAMORZ\u0104DU TERYTORIALNEGO \u2013 EDYCJA 2024 - MOPS Krasnystaw","og_description":"Program \u201eAsystent osobisty osoby z&nbsp;niepe\u0142nosprawno\u015bci\u0105\u201d dla jednostek samorz\u0105du terytorialnego \u2013 edycja 2024 ma na celu zapewnienie dost\u0119pno\u015bci do us\u0142ug asystencji osobistej, tj. wsparcia w&nbsp;wykonywaniu codziennych czynno\u015bci oraz funkcjonowaniu w&nbsp;\u017cyciu spo\u0142ecznym os\u00f3b niepe\u0142nosprawnych dla:","og_url":"https:\/\/www.mopskrasnystaw.pl\/?p=4586","og_site_name":"MOPS Krasnystaw","article_published_time":"2023-12-05T09:24:45+00:00","article_modified_time":"2023-12-11T10:41:54+00:00","twitter_card":"summary_large_image","twitter_misc":{"Napisane przez":"redaktor","Szacowany czas czytania":"2 minuty"},"schema":{"@context":"https:\/\/schema.org","@graph":[{"@type":"WebSite","@id":"https:\/\/www.mopskrasnystaw.pl\/#website","url":"https:\/\/www.mopskrasnystaw.pl\/","name":"MOPS Krasnystaw","description":"","potentialAction":[{"@type":"SearchAction","target":{"@type":"EntryPoint","urlTemplate":"https:\/\/www.mopskrasnystaw.pl\/?s={search_term_string}"},"query-input":"required name=search_term_string"}],"inLanguage":"pl-PL"},{"@type":"WebPage","@id":"https:\/\/www.mopskrasnystaw.pl\/?p=4586#webpage","url":"https:\/\/www.mopskrasnystaw.pl\/?p=4586","name":"TRWA NAB\u00d3R UCZESTNIK\u00d3W DO PROGRAMU \"ASYSTENT OSOBISTY OSOBY Z\u00a0NIEPE\u0141NOSPRAWNO\u015aCI\u0104\" DLA JEDNOSTEK SAMORZ\u0104DU TERYTORIALNEGO \u2013 EDYCJA 2024 - MOPS Krasnystaw","isPartOf":{"@id":"https:\/\/www.mopskrasnystaw.pl\/#website"},"datePublished":"2023-12-05T09:24:45+00:00","dateModified":"2023-12-11T10:41:54+00:00","author":{"@id":"https:\/\/www.mopskrasnystaw.pl\/#\/schema\/person\/c243255ac797e8203dac0928e5fb7dd7"},"breadcrumb":{"@id":"https:\/\/www.mopskrasnystaw.pl\/?p=4586#breadcrumb"},"inLanguage":"pl-PL","potentialAction":[{"@type":"ReadAction","target":["https:\/\/www.mopskrasnystaw.pl\/?p=4586"]}]},{"@type":"BreadcrumbList","@id":"https:\/\/www.mopskrasnystaw.pl\/?p=4586#breadcrumb","itemListElement":[{"@type":"ListItem","position":1,"name":"Strona g\u0142\u00f3wna","item":"https:\/\/www.mopskrasnystaw.pl\/"},{"@type":"ListItem","position":2,"name":"TRWA NAB\u00d3R UCZESTNIK\u00d3W DO PROGRAMU &#8222;ASYSTENT OSOBISTY OSOBY Z\u00a0NIEPE\u0141NOSPRAWNO\u015aCI\u0104&#8221; DLA JEDNOSTEK SAMORZ\u0104DU TERYTORIALNEGO \u2013 EDYCJA 2024"}]},{"@type":"Person","@id":"https:\/\/www.mopskrasnystaw.pl\/#\/schema\/person\/c243255ac797e8203dac0928e5fb7dd7","name":"redaktor","image":{"@type":"ImageObject","inLanguage":"pl-PL","@id":"https:\/\/www.mopskrasnystaw.pl\/#\/schema\/person\/image\/","url":"https:\/\/secure.gravatar.com\/avatar\/6508b8995653ed772737e87b63e3a77a?s=96&d=mm&r=g","contentUrl":"https:\/\/secure.gravatar.com\/avatar\/6508b8995653ed772737e87b63e3a77a?s=96&d=mm&r=g","caption":"redaktor"},"url":"https:\/\/www.mopskrasnystaw.pl\/?author=3"}]}},"_links":{"self":[{"href":"https:\/\/www.mopskrasnystaw.pl\/index.php?rest_route=\/wp\/v2\/posts\/4586"}],"collection":[{"href":"https:\/\/www.mopskrasnystaw.pl\/index.php?rest_route=\/wp\/v2\/posts"}],"about":[{"href":"https:\/\/www.mopskrasnystaw.pl\/index.php?rest_route=\/wp\/v2\/types\/post"}],"author":[{"embeddable":true,"href":"https:\/\/www.mopskrasnystaw.pl\/index.php?rest_route=\/wp\/v2\/users\/3"}],"replies":[{"embeddable":true,"href":"https:\/\/www.mopskrasnystaw.pl\/index.php?rest_route=%2Fwp%2Fv2%2Fcomments&post=4586"}],"version-history":[{"count":3,"href":"https:\/\/www.mopskrasnystaw.pl\/index.php?rest_route=\/wp\/v2\/posts\/4586\/revisions"}],"predecessor-version":[{"id":4593,"href":"https:\/\/www.mopskrasnystaw.pl\/index.php?rest_route=\/wp\/v2\/posts\/4586\/revisions\/4593"}],"wp:attachment":[{"href":"https:\/\/www.mopskrasnystaw.pl\/index.php?rest_route=%2Fwp%2Fv2%2Fmedia&parent=4586"}],"wp:term":[{"taxonomy":"category","embeddable":true,"href":"https:\/\/www.mopskrasnystaw.pl\/index.php?rest_route=%2Fwp%2Fv2%2Fcategories&post=4586"},{"taxonomy":"post_tag","embeddable":true,"href":"https:\/\/www.mopskrasnystaw.pl\/index.php?rest_route=%2Fwp%2Fv2%2Ftags&post=4586"}],"curies":[{"name":"wp","href":"https:\/\/api.w.org\/{rel}","templated":true}]}}