{"id":4557,"date":"2023-11-21T11:55:27","date_gmt":"2023-11-21T11:55:27","guid":{"rendered":"https:\/\/www.mopskrasnystaw.pl\/?p=4557"},"modified":"2023-11-21T11:56:03","modified_gmt":"2023-11-21T11:56:03","slug":"informacja-o-zmianach-zasad-dotyczacych-uprawnien-do-swiadczenia-pielegnacyjnego-specjalnego-zasilku-opiekunczego-i-zasilku-dla-opiekuna-od-1-stycznia-2024-r","status":"publish","type":"post","link":"https:\/\/www.mopskrasnystaw.pl\/?p=4557","title":{"rendered":"Informacja o zmianach zasad dotycz\u0105cych uprawnie\u0144 do \u015bwiadczenia piel\u0119gnacyjnego, specjalnego zasi\u0142ku opieku\u0144czego i zasi\u0142ku dla opiekuna od 1 stycznia 2024 r."},"content":{"rendered":"\n<p><strong>W zwi\u0105zku z zmian\u0105 zasad dotycz\u0105cych uprawnie\u0144 do \u015bwiadczenia piel\u0119gnacyjnego, specjalnego zasi\u0142ku opieku\u0144czego i zasi\u0142ku dla opiekuna, dzia\u0142aj\u0105c na podstawie art. 63 ust. 16 ustawy z dnia 7 lipca 2023 r. o \u015bwiadczeniu wspieraj\u0105cym( Dz.U. z 2023 r. poz.1429 ) kt\u00f3ry wejdzie w \u017cycie\u00a01 stycznia 2024 roku, przedstawiamy najistotniejsze informacje dotycz\u0105ce wprowadzonych zmian.<\/strong><\/p>\n\n\n\n<!--more-->\n\n\n\n<p><strong>Ustawa o \u015bwiadczeniu wspieraj\u0105cym<\/strong><\/p>\n\n\n\n<p>Ustawa z dnia 7 lipca 2023 r. o \u015bwiadczeniu wspieraj\u0105cym (Dz. U. z 2023 r. poz. 1429) zak\u0142ada przebudow\u0119 od 1 stycznia 2024 r. dotychczasowego systemu \u015bwiadcze\u0144 dla os\u00f3b\u00a0z niepe\u0142nosprawno\u015bciami oraz ich opiekun\u00f3w poprzez:<\/p>\n\n\n\n<p>&#8211; wprowadzenie do systemu prawnego nowego \u015bwiadczenia &#8211; \u015bwiadczenia wspieraj\u0105cego kierowanego bezpo\u015brednio do osoby z niepe\u0142nosprawno\u015bci\u0105 w wieku od uko\u0144czenia 18 r. \u017cycia,<\/p>\n\n\n\n<p>&#8211; zmiany w warunkach przyznawania funkcjonuj\u0105cego obecnie \u015bwiadczenia piel\u0119gnacyjnego,<\/p>\n\n\n\n<p>&#8211; likwidacj\u0119 specjalnego zasi\u0142ku opieku\u0144czego.<\/p>\n\n\n\n<ol type=\"1\"><li>\u015awiadczenie wspieraj\u0105ce<\/li><\/ol>\n\n\n\n<p>Ww. ustawa o \u015bwiadczeniu wspieraj\u0105cym (w skr\u00f3cie u.\u015b.w.), wprowadza nowy rodzaj \u015bwiadczenia, \u00a0tj. \u015bwiadczenie wspieraj\u0105ce, kt\u00f3re b\u0119dzie skierowane bezpo\u015brednio do os\u00f3b z niepe\u0142nosprawno\u015bciami. Uprawnionymi do \u015bwiadczenia wspieraj\u0105cego b\u0119d\u0105 osoby z niepe\u0142nosprawno\u015bciami w wieku od uko\u0144czenia 18 roku \u017cycia, kt\u00f3re uzyskaj\u0105 decyzj\u0119 \u00a0ustalaj\u0105c\u0105 poziom potrzeby wsparcia\u00a0 &#8211; na poziomie od 70 pkt do 100 pkt.\u00a0 Poziom potrzeby wsparcia b\u0119dzie ustalany w formie decyzji przez wojew\u00f3dzkie zespo\u0142y do spraw orzekania o niepe\u0142nosprawno\u015bci, natomiast przyznawania i wyp\u0142acanie, na podstawie ww. decyzji o poziomie potrzeby wsparcia, \u015bwiadczenie wspieraj\u0105ce b\u0119dzie, na wniosek osoby z niepe\u0142nosprawno\u015bciami lub jej przedstawiciela,\u00a0 zadaniem Zak\u0142ad Ubezpiecze\u0144 Spo\u0142ecznych.<\/p>\n\n\n\n<p>Ustawa o \u015bwiadczeniu wspieraj\u0105cym wejdzie w \u017cycie 1 stycznia 2024 r. z pewnymi wyj\u0105tkami:<\/p>\n\n\n\n<p><strong>&#8211; od 1 stycznia 2024<\/strong> r. \u2013 \u015bwiadczenie wspieraj\u0105ce&nbsp; b\u0119dzie dost\u0119pne dla os\u00f3b z niepe\u0142nosprawno\u015bciami z ustalonym poziomem potrzeby&nbsp; wsparcia <strong>od 87 do 100 pkt,&nbsp;<\/strong><\/p>\n\n\n\n<p><strong>&#8211; od 1 stycznia 2025 r.<\/strong> \u2013 \u015bwiadczenie wspieraj\u0105ce b\u0119dzie dost\u0119pne dla os\u00f3b z niepe\u0142nosprawno\u015bciami \u00a0\u00a0z ustalonym poziomem potrzeby\u00a0 wsparcia <strong>od 78 do 86 pkt<\/strong>,<\/p>\n\n\n\n<p><strong>&#8211; od 1 stycznia 2026 r.<\/strong> &#8211; \u015bwiadczenie wspieraj\u0105ce b\u0119dzie dost\u0119pne dla os\u00f3b z niepe\u0142nosprawno\u015bciami \u00a0\u00a0z ustalonym poziomem potrzeby\u00a0 wsparcia <strong>od 70\u00a0 do 77 pkt<\/strong> .<\/p>\n\n\n\n<p><strong>Uwaga:<\/strong> wyj\u0105tkiem od tak okre\u015blonego ustaw\u0105 harmonogramu wej\u015bcia w \u017cycie ustawy&nbsp; jest art. 64 ustawy, zgodnie z kt\u00f3rym&nbsp; osoba wymagaj\u0105ca opieki:<\/p>\n\n\n\n<p>1) na kt\u00f3r\u0105 przyznano na podstawie przepis\u00f3w dotychczasowych prawo do \u015bwiadczenia piel\u0119gnacyjnego, specjalnego zasi\u0142ku opieku\u0144czego, albo zasi\u0142ku dla opiekuna,<\/p>\n\n\n\n<p>2) na kt\u00f3r\u0105 przyznano prawo do \u015bwiadczenia piel\u0119gnacyjnego na podstawie nowego, obowi\u0105zuj\u0105cego od 1 stycznia 2024 r. brzmienia ustawy o \u015bwiadczeniach rodzinnych<\/p>\n\n\n\n<p>\u2013 b\u0119dzie mog\u0142a otrzyma\u0107 \u015bwiadczenie wspieraj\u0105ce od dnia 1 stycznia 2024 r., tak\u017ce<br>w przypadku, gdy w decyzji ustalaj\u0105cej poziom potrzeby wsparcia, potrzeb\u0119 t\u0119 okre\u015blono na poziomie ni\u017cszym ni\u017c 87 punkt\u00f3w w skali potrzeby wsparcia. \u015awiadczenie wspieraj\u0105ce b\u0119dzie przys\u0142ugiwa\u0142o, \u00a0w zale\u017cno\u015bci od poziomu potrzeby wsparcia, w wysoko\u015bci od 40% wysoko\u015bci renty socjalnej do maksymalnej wysoko\u015bci &#8211; 220% renty socjalnej (b\u0119dzie to kwota netto czyli bez potr\u0105ca\u0144 na podatek dochodowy czy ubezpieczenie zdrowotne).<\/p>\n\n\n\n<p>Co do zasady \u015bwiadczenie wspieraj\u0105ce b\u0119dzie przyznawane nie wcze\u015bniej ni\u017c od dnia ustalenia przez wojew\u00f3dzki zesp\u00f3\u0142 do spraw orzekania o niepe\u0142nosprawno\u015bci\u00a0 dla danej osoby poziomu\u00a0 potrzeby wsparcia &#8211; w przypadku wniosk\u00f3w o wydanie decyzji w tej sprawie z\u0142o\u017conych w roku 2024, wojew\u00f3dzkie zespo\u0142y orzekaj\u0105ce b\u0119d\u0105 ustala\u0107 poziom potrzeby wsparcia od dnia z\u0142o\u017cenia wniosku (a nie, jak w docelowym rozwi\u0105zaniu, od dnia posiedzenia zespo\u0142u). Takie rozwi\u0105zanie zapewni \u00a0w pocz\u0105tkowym okresie obowi\u0105zywania ustawy mo\u017cliwo\u015b\u0107 otrzymania przez osoby \u00a0z niepe\u0142nosprawno\u015bciami \u015bwiadczenia wspieraj\u0105cego za ca\u0142y okres oczekiwania na wydanie decyzji ustalaj\u0105cej poziom potrzeby wsparcia (art. 65 ust. 3 u.\u015b.w.).<\/p>\n\n\n\n<p><strong>Pakiet os\u0142onowy<\/strong><\/p>\n\n\n\n<p>Ustawa o \u015bwiadczeniu wspieraj\u0105cym wprowadzi\u0142a r\u00f3wnie\u017c tak\u017ce szereg regulacji o charakterze os\u0142onowym dla tych opiekun\u00f3w os\u00f3b niepe\u0142nosprawnych, kt\u00f3rzy zaprzestan\u0105 pobiera\u0107 \u015bwiadczenie piel\u0119gnacyjne, specjalny zasi\u0142ek opieku\u0144czy lub zasi\u0142ek dla opiekuna w zwi\u0105zku z wyborem przez osob\u0119 \u00a0z niepe\u0142nosprawno\u015bciami \u015bwiadczenia wspieraj\u0105cego. Obejmuj\u0105 one:<\/p>\n\n\n\n<p>&#8211; op\u0142acanie ze \u015brodk\u00f3w bud\u017cetu pa\u0144stwa sk\u0142adek na ubezpieczenie emerytalne i rentowe oraz zdrowotne za opiekuna osoby z niepe\u0142nosprawno\u015bci\u0105, kt\u00f3ra pobiera\u0107 b\u0119dzie \u015bwiadczenie wspieraj\u0105ce \u2013 warunkiem jest wsp\u00f3lne zamieszkiwanie i gospodarowanie opiekuna z osob\u0105 z niepe\u0142nosprawno\u015bciami oraz niepodejmowanie zatrudnienia przez opiekuna; co istotne ww. ubezpieczeniami b\u0119d\u0105 mogli by\u0107 obj\u0119ci r\u00f3wnie\u017c ci opiekunowie, kt\u00f3rzy wcze\u015bniej nie pobierali powy\u017cszych \u015bwiadcze\u0144 opieku\u0144czych warunkiem jest jednak wsp\u00f3lne zamieszkiwanie i gospodarowanie opiekuna z osob\u0105 &nbsp;&nbsp;&nbsp;&nbsp;&nbsp;&nbsp;&nbsp;&nbsp;&nbsp;&nbsp;&nbsp;&nbsp;&nbsp;&nbsp;&nbsp;&nbsp;&nbsp;&nbsp;&nbsp;&nbsp;&nbsp;&nbsp;&nbsp;&nbsp;&nbsp;&nbsp;&nbsp;&nbsp;&nbsp;&nbsp;&nbsp;&nbsp;&nbsp;&nbsp;&nbsp;&nbsp;&nbsp;&nbsp;&nbsp;&nbsp;&nbsp;&nbsp;&nbsp;&nbsp;&nbsp;&nbsp;&nbsp;&nbsp;&nbsp;z niepe\u0142nosprawno\u015bciami otrzymuj\u0105c\u0105 \u015bwiadczenie wspieraj\u0105ce oraz niepodejmowanie zatrudnienia przez opiekuna; (obj\u0119cie ww. ubezpieczeniami b\u0119dzie realizowane przez ZUS, na wniosek opiekuna sk\u0142adany do ZUS),<\/p>\n\n\n\n<p>&#8211; mo\u017cliwo\u015b\u0107 uzyskania przez opiekuna zasi\u0142ku dla bezrobotnych, a tak\u017ce \u015bwiadczenia przedemerytalnego.<\/p>\n\n\n\n<p>Ponadto planowane jest r\u00f3wnie\u017c uruchomienie programu aktywizacji zawodowej dla opiekun\u00f3w, kt\u00f3rzy pobierali ww. \u015bwiadczenia opieku\u0144cze.<\/p>\n\n\n\n<ul><li><strong><u>Zmiany w ustawie o \u015bwiadczeniach rodzinnych<\/u><\/strong><\/li><\/ul>\n\n\n\n<p>Ustawa o \u015bwiadczeniu wspieraj\u0105cym wprowadzi\u0142a (w art. 43) r\u00f3wnie\u017c istotne zmiany w\u00a0 ustawie o \u015bwiadczeniach rodzinnych w zakresie \u015bwiadcze\u0144 opieku\u0144czych: specjalnego zasi\u0142ku opieku\u0144czego oraz \u015bwiadczenia piel\u0119gnacyjnego.<\/p>\n\n\n\n<ol type=\"a\"><li><strong><u>specjalny zasi\u0142ek opieku\u0144czy<\/u><\/strong><\/li><\/ol>\n\n\n\n<p>Z dniem wej\u015bcia w \u017cycie ustawy o \u015bwiadczeniu wspieraj\u0105cym czyli 1 stycznia 2024 r. zostaje uchylony art. 16a ustawy o \u015bwiadczeniach rodzinnych reguluj\u0105cy zasady przys\u0142ugiwania specjalnego zasi\u0142ku opieku\u0144czego. Oznacza to, \u017ce od tej daty specjalny zasi\u0142ek opieku\u0144czy nie b\u0119dzie ju\u017c przyznawany. Jedynie, na podstawie przepis\u00f3w przej\u015bciowych, zasi\u0142ek ten b\u0119dzie&nbsp; m\u00f3g\u0142 by\u0107 przyznawany tak\u017ce po 31 grudnia 2023 roku w pewnych przypadkach na zasadzie zachowania praw nabytych.<\/p>\n\n\n\n<ul><li><strong><u>\u015bwiadczenie<\/u><\/strong><strong><em><u> <\/u><\/em><\/strong><strong><u>piel\u0119gnacyjne na nowych zasadach<\/u><\/strong><\/li><\/ul>\n\n\n\n<p>Najwa\u017cniejsze zmiany w przepisach reguluj\u0105cych zasady przyznawania \u015bwiadczenia piel\u0119gnacyjnego obowi\u0105zuj\u0105ce od 1 stycznia 2024 r. \u2013 w tym nowe brzmienie art. 17 ustawy o \u015bwiadczeniach rodzinnych:<\/p>\n\n\n\n<p>&#8211; \u015bwiadczenie piel\u0119gnacyjne b\u0119dzie przys\u0142ugiwa\u0107\u00a0 wy\u0142\u0105cznie osobom sprawuj\u0105cym opiek\u0119 nad osob\u0105 w wieku do uko\u0144czenia 18. roku \u017cycia (art. 17 ust. 1),<\/p>\n\n\n\n<p>&#8211; uchylenie warunku rezygnacji lub niepodejmowania zatrudnienia lub innej pracy zarobkowej &#8211;&nbsp; oznacza to, \u017ce osoby sprawuj\u0105ce opiek\u0119 nie b\u0119d\u0105 musia\u0142y rezygnowa\u0107 z aktywno\u015bci zawodowej aby otrzyma\u0107 \u015bwiadczenie piel\u0119gnacyjne,<\/p>\n\n\n\n<p>&#8211; w konsekwencji uchylenia warunku rezygnacji\/niepodejmowania zatrudnienia lub innej pracy zarobkowej uchylono r\u00f3wnie\u017c art. 17b ustawy o \u015bwiadczeniach rodzinnych, czyli przepis uzale\u017cniaj\u0105cy przyznanie \u015bwiadczenia piel\u0119gnacyjnego i specjalnego zasi\u0142ku opieku\u0144czego rolnikom, ma\u0142\u017conkom rolnik\u00f3w lub domownikom od warunku zaprzestania prowadzenia gospodarstwa rolnego lub pracy w gospodarstwie rolnym. W zwi\u0105zku z tym, uchylono r\u00f3wnie\u017c w ustawie o ubezpieczeniu spo\u0142ecznym rolnik\u00f3w przepisy dotycz\u0105ce op\u0142acania sk\u0142adek na ubezpieczenie emerytalne i rentowe za te osoby (sk\u0142adki do KRUS na dotychczasowych zasadach b\u0119d\u0105 przez organy w\u0142a\u015bciwe op\u0142acane tylko w przypadku os\u00f3b pobieraj\u0105cych \u015bwiadczenie piel\u0119gnacyjne, specjalny zasi\u0142ek opieku\u0144czy i zasi\u0142ek dla opiekuna na podstawie przepis\u00f3w dotychczasowych \u2013art. 63. ust. 15<a> u.\u015b.w.),<\/a><\/p>\n\n\n\n<p>&#8211; uchylenie art. 17 ust. 1a, czyli przepisu, kt\u00f3ry wskazywa\u0142 kolejno\u015b\u0107 os\u00f3b uprawnionych do \u015bwiadczenia piel\u0119gnacyjnego,<\/p>\n\n\n\n<p>&#8211; uchylenie art. 17 ust. 1b, czyli przepisu warunkuj\u0105cego przyznanie \u015bwiadczenia piel\u0119gnacyjnego od daty powstania niepe\u0142nosprawno\u015bci,<\/p>\n\n\n\n<p>&#8211; uchylenie negatywnej przes\u0142anki uniemo\u017cliwiaj\u0105cej przyznanie \u015bwiadczenia piel\u0119gnacyjnego je\u015bli osoba sprawuj\u0105ca opiek\u0119 ma ustalone prawo do w\u0142asnej emerytury, renty rodzinnej z tytu\u0142u \u015bmierci ma\u0142\u017conka przyznanej w przypadku zbiegu prawa do renty rodzinnej i innego \u015bwiadczenia emerytalno-rentowego, renty socjalnej, zasi\u0142ku sta\u0142ego, nauczycielskiego \u015bwiadczenia kompensacyjnego, zasi\u0142ku przedemerytalnego, \u015bwiadczenia przedemerytalnego, rodzicielskiego \u015bwiadczenia uzupe\u0142niaj\u0105cego, o kt\u00f3rym mowa w ustawie z dnia 31 stycznia 2019 r. o rodzicielskim \u015bwiadczeniu uzupe\u0142niaj\u0105cym, lub \u015bwiadczenia pieni\u0119\u017cnego przyznanego na zasadach okre\u015blonych w ustawie z dnia 8 lutego 2023 r. o \u015bwiadczeniu pieni\u0119\u017cnym przys\u0142uguj\u0105cym cz\u0142onkom rodziny funkcjonariuszy lub \u017co\u0142nierzy zawodowych, kt\u00f3rych \u015bmier\u0107 nast\u0105pi\u0142a w zwi\u0105zku ze s\u0142u\u017cb\u0105 albo podj\u0119ciem poza s\u0142u\u017cb\u0105 czynno\u015bci ratowania \u017cycia lub zdrowia ludzkiego albo mienia,<\/p>\n\n\n\n<p>&#8211; uchylenie art. 27 ust. 5 ustawy o \u015bwiadczeniach rodzinnych, ograniczaj\u0105cego zbiegi wymienionych w tym przepisie \u015bwiadcze\u0144 rodzinnych.<\/p>\n\n\n\n<p>Zmianie uleg\u0142 r\u00f3wnie\u017c katalog os\u00f3b uprawnionych do \u015bwiadczenia piel\u0119gnacyjnego. Zgodnie<br>z nowym brzmieniem art. 17 ust. 1 ustawy o \u015bwiadczeniach rodzinnych, \u015bwiadczenie piel\u0119gnacyjne od \u00a01 stycznia 2024r. b\u0119dzie przys\u0142ugiwa\u0107:<\/p>\n\n\n\n<p><a><\/a>1) matce albo<a><\/a> ojcu,<\/p>\n\n\n\n<p><a><\/a>2) <strong>innym osobom, na kt\u00f3rych zgodnie z przepisami ustawy z dnia 25 lutego 1964 r. \u2013 Kodeks rodzinny &nbsp;i opieku\u0144czy (Dz. U. z 2020 r. poz. 1359 oraz z 2022 r. poz. 2140) ci\u0105\u017cy obowi\u0105zek alimentacyjny, <u>a tak\u017ce ma\u0142\u017conkom,<\/u><\/strong><\/p>\n\n\n\n<p>3) opiekunowi faktycznemu dziecka,<\/p>\n\n\n\n<p><a><\/a>4<strong>) rodzinie zast\u0119pczej, osobie prowadz\u0105cej rodzinny dom dziecka, dyrektorowi plac\u00f3wki opieku\u0144czo-wychowawczej, dyrektorowi regionalnej plac\u00f3wki opieku\u0144czo-terapeutycznej albo dyrektorowi interwencyjnego o\u015brodka preadopcyjnego,<\/strong><\/p>\n\n\n\n<p><a><\/a><a><\/a><a><\/a>\u2013 <strong>je\u017celi sprawuj\u0105 opiek\u0119 nad osob\u0105 w wieku do uko\u0144czenia 18. roku \u017cycia<\/strong> legitymuj\u0105c\u0105 si\u0119 orzeczeniem <a><\/a>o znacznym stopniu niepe\u0142nosprawno\u015bci albo orzeczeniem<a><\/a> o niepe\u0142nosprawno\u015bci \u0142\u0105cznie ze wskazaniami: konieczno\u015bci sta\u0142ej lub d\u0142ugotrwa\u0142ej opieki lub pomocy innej osoby w zwi\u0105zku ze znacznie ograniczon\u0105 mo\u017cliwo\u015bci\u0105 samodzielnej egzystencji oraz konieczno\u015bci sta\u0142ego wsp\u00f3\u0142udzia\u0142u na co dzie\u0144 opiekuna dziecka w procesie jego leczenia, rehabilitacji i edukacji.<\/p>\n\n\n\n<p>Ponadto nowe regulacje dotycz\u0105ce \u015bwiadczenia piel\u0119gnacyjnego przewiduj\u0105, \u017ce w przypadku\u00a0 gdy opiekun sprawuje opiek\u0119 nad wi\u0119cej ni\u017c jedn\u0105 osob\u0105 niepe\u0142nosprawn\u0105 w wieku do uko\u0144czenia 18. roku \u017cycia legitymuj\u0105c\u0105 si\u0119 odpowiednim orzeczeniem o niepe\u0142nosprawno\u015bci lub znacznym stopniu niepe\u0142nosprawno\u015bci, to wysoko\u015b\u0107 \u015bwiadczenia piel\u0119gnacyjnego, podwy\u017csza si\u0119 po 100% na drug\u0105 \u00a0i ka\u017cd\u0105 kolejn\u0105 osob\u0119, nad kt\u00f3r\u0105 sprawowana jest opieka (uwaga: dotyczy to os\u00f3b-opiekun\u00f3w: wymienionych w art. 17 ust. 1-3, os\u00f3b b\u0119d\u0105cych rodzin\u0105 zast\u0119pcz\u0105 oraz os\u00f3b prowadz\u0105cych rodzinny dom dziecka).\u00a0<\/p>\n\n\n\n<p><strong>Uwaga: opisane wy\u017cej, nowe warunki przyznawania \u015bwiadczenia piel\u0119gnacyjnego, kt\u00f3re obowi\u0105zywa\u0107 b\u0119d\u0105 od 1 stycznia 2024 r. nie dotycz\u0105 os\u00f3b, kt\u00f3re na zasadzie zachowania praw nabytych, b\u0119d\u0105 pobiera\u0107 to \u015bwiadczenie na podstawie przepis\u00f3w dotychczasowych (w oparciu o\u00a0 przepis przej\u015bciowy &#8211; art. 63 u.\u015b.w.).<\/strong><\/p>\n\n\n\n<p>Ponadto nowym przepisem, kt\u00f3ry zacznie r\u00f3wnie\u017c obowi\u0105zywa\u0107 od 1 stycznia 2024 r. jest art. 17 ust. 4a, zgodnie z kt\u00f3rym, w przypadku \u015bmierci osoby wymagaj\u0105cej opieki, osoba sprawuj\u0105ca opiek\u0119 zachowuje prawo do \u015bwiadczenia piel\u0119gnacyjnego do ostatniego dnia miesi\u0105ca nast\u0119puj\u0105cego po miesi\u0105cu, w kt\u00f3rym nast\u0105pi\u0142 zgon osoby wymagaj\u0105cej opieki. Analogiczna regulacja obowi\u0105zuj\u0105ca od 1 stycznia 2024 dotyczy\u0107 r\u00f3wnie\u017c b\u0119dzie os\u00f3b pobieraj\u0105cych \u015bwiadczenie piel\u0119gnacyjne, specjalny zasi\u0142ek opieku\u0144czy na podstawie przepis\u00f3w dotychczasowych oraz os\u00f3b pobieraj\u0105cych zasi\u0142ek dla opiekuna i zosta\u0142a ona&nbsp; uregulowana w art. 63 ust. 12 u.\u015b.w. (dotyczy\u0107 b\u0119dzie jednak tylko przypadk\u00f3w gdy \u015bmier\u0107 osoby wymagaj\u0105cej opieki nast\u0105pi\u0142a po 31 grudnia 2023 r.).<\/p>\n\n\n\n<p><strong>3.<\/strong><strong> Przepisy przej\u015bciowe<\/strong><\/p>\n\n\n\n<p>Wprowadzaj\u0105c istotne zmiany w warunkach przyznawania \u015bwiadczenia piel\u0119gnacyjnego oraz uchylaj\u0105c specjalny zasi\u0142ek opieku\u0144czy, ustawa o \u015bwiadczeniu wspieraj\u0105cym wprowadza jednocze\u015bnie przepisy maj\u0105ce na celu pe\u0142n\u0105 ochron\u0119 praw nabytych os\u00f3b,kt\u00f3re naby\u0142y b\u0105d\u017a nab\u0119d\u0105 na starych, obowi\u0105zuj\u0105cych przed wej\u015bciem w \u017cycie ustawy, tj. do 31 grudnia 2023 r. przepisach, prawo do \u015bwiadczenia piel\u0119gnacyjnego albo specjalnego zasi\u0142ku opieku\u0144czego. Osoby te b\u0119d\u0105 mog\u0142y w dalszym ci\u0105gu pobiera\u0107 wymienione \u015bwiadczenia zgodnie z dotychczasowymi przepisami. Prawo do pobierania tych \u015bwiadcze\u0144 na zasadach dotychczasowych zosta\u0142o uregulowane w art. 63 u.\u015b.w.&nbsp; Przepis ten przewiduj\u0105, \u017ce:<\/p>\n\n\n\n<p>&#8211; w sprawach o \u015bwiadczenie piel\u0119gnacyjne i specjalny zasi\u0142ek opieku\u0144czy, do kt\u00f3rych prawo powsta\u0142o do dnia 31 grudnia 2023 r., stosuje si\u0119 przepisy dotychczasowe (art. 63 ust. 1 u.\u015b.w.),<\/p>\n\n\n\n<p>&#8211; osoby, kt\u00f3rym przed 1 stycznia 2024 r., albo nawet po tej dacie, ale na zasadach obowi\u0105zuj\u0105cych do dnia 31 grudnia 2023 r., przyznane zosta\u0142o co najmniej do dnia 31 grudnia 2023 r. prawo do \u015bwiadczenia piel\u0119gnacyjnego albo specjalnego zasi\u0142ku opieku\u0144czego, zachowuj\u0105 na zasadach obowi\u0105zuj\u0105cych do dnia 31 grudnia 2023 r., prawo do tych \u015bwiadcze\u0144 nie d\u0142u\u017cej jednak ni\u017c do ko\u0144ca okresu, na kt\u00f3ry prawo zosta\u0142o przyznane (art. 63 ust. 2 u.\u015b.w.),<\/p>\n\n\n\n<p>&#8211; ww. osoby, zachowuj\u0105 prawo do \u015bwiadczenia piel\u0119gnacyjnego albo specjalnego zasi\u0142ku opieku\u0144czego na zasadach obowi\u0105zuj\u0105cych do dnia 31 grudnia 2023 r., r\u00f3wnie\u017c w przypadku, gdy osobie nad kt\u00f3r\u0105 sprawuj\u0105 opiek\u0119 zosta\u0142o wydane nowe orzeczenie o stopniu niepe\u0142nosprawno\u015bci albo orzeczenie o\u00a0niepe\u0142nosprawno\u015bci. Warunkiem zachowania prawa odpowiednio do \u015bwiadczenia piel\u0119gnacyjnego albo specjalnego zasi\u0142ku opieku\u0144czego w tym przypadku b\u0119dzie z\u0142o\u017cenie wniosku o nowe orzeczenie o stopniu niepe\u0142nosprawno\u015bci albo o niepe\u0142nosprawno\u015bci w terminie 3 miesi\u0119cy od dnia nast\u0119puj\u0105cego po dniu, w kt\u00f3rym up\u0142yn\u0105\u0142 termin wa\u017cno\u015bci dotychczasowego orzeczenia o stopniu niepe\u0142nosprawno\u015bci albo orzeczenia\u00a0o\u00a0niepe\u0142nosprawno\u015bci, a nast\u0119pnie z\u0142o\u017cenie wniosku o ustalenie prawa odpowiednio do \u015bwiadczenia piel\u0119gnacyjnego albo specjalnego zasi\u0142ku opieku\u0144czego w terminie 3 miesi\u0119cy, licz\u0105c od wydania orzeczenia o stopniu niepe\u0142nosprawno\u015bci albo o niepe\u0142nosprawno\u015bci (art. 63 ust. 3 ustawy),<\/p>\n\n\n\n<p>&#8211; prawo do specjalnego zasi\u0142ku opieku\u0144czego na zasadach dotychczasowych przys\u0142ugiwa\u0107 b\u0119dzie ww. osobom wymienionym w art. 63 ust. 1-2 u.\u015b.w. r\u00f3wnie\u017c po up\u0142ywie okresu zasi\u0142kowego na kt\u00f3ry prawo zosta\u0142o przyznane (czyli tak\u017ce na kolejne okresy zasi\u0142kowe) pod warunkiem, \u017ce wniosek o ustalenie prawa do specjalnego zasi\u0142ku opieku\u0144czego na nowy okres zasi\u0142kowy zostanie z\u0142o\u017cony w terminie &nbsp;&nbsp;&nbsp;&nbsp;&nbsp;&nbsp;&nbsp;&nbsp;&nbsp;&nbsp;&nbsp;&nbsp;&nbsp;&nbsp;&nbsp;&nbsp;&nbsp;&nbsp;&nbsp;&nbsp;&nbsp;3 miesi\u0119cy od dnia nast\u0119puj\u0105cego po dniu, w kt\u00f3rym zako\u0144czy\u0142 si\u0119 dotychczasowy okres zasi\u0142kowy (art. 63 ust. 4 u.\u015b.w.).<\/p>\n\n\n\n<p><strong>Uwaga: <\/strong>przepisy przej\u015bciowe o \u015bwiadczeniu wspieraj\u0105cym wprowadzaj\u0105 r\u00f3wnie\u017c dodatkow\u0105, negatywn\u0105 przes\u0142ank\u0119, kt\u00f3ra przewiduje, \u017ce \u015bwiadczenie piel\u0119gnacyjne, specjalny zasi\u0142ek opieku\u0144czy przyznane na zasadach dotychczasowych oraz zasi\u0142ek dla opiekuna, nie przys\u0142uguj\u0105 je\u017celi osoba wymagaj\u0105ca opieki b\u0119dzie mia\u0142a przyznane prawo do \u015bwiadczenia wspieraj\u0105cego (art. 63 ust. 6 u.\u015b.w.).&nbsp; W konsekwencji tego przepisu wprowadzone zosta\u0142y tak\u017ce przepisy proceduralne okre\u015blaj\u0105ce:<\/p>\n\n\n\n<p>&#8211; zawieszenie post\u0119powania o ustalenie prawa do \u015bwiadczenia piel\u0119gnacyjnego, specjalnego zasi\u0142ku opieku\u0144czego, zasi\u0142ku dla opiekuna do czasu rozstrzygni\u0119cia sprawy z wniosku o ustalenie prawa do \u015bwiadczenia wspieraj\u0105cego w sytuacji gdy osoba wymagaj\u0105ca opieki lub osoba uprawniona do jej reprezentowania z\u0142o\u017cy\u0142y wniosek o ustalenie prawa do \u015bwiadczenia wspieraj\u0105cego. Nast\u0119pnie ustalenie prawa do ww. \u015bwiadcze\u0144 w wyniku podj\u0119cia zawieszonego post\u0119powania nast\u0119puje po dokonaniu&nbsp; przez ZUS&nbsp; rozstrzygni\u0119cia sprawy z wniosku o ustalenie prawa do \u015bwiadczenia wspieraj\u0105cego (art. 63 ust. 7-8 u.\u015b.w.).<\/p>\n\n\n\n<p>&#8211; zawieszenie wyp\u0142aty przyznanego ju\u017c \u015bwiadczenia piel\u0119gnacyjnego, specjalnego zasi\u0142ku opieku\u0144czego, zasi\u0142ku dla opiekuna je\u017celi osoba wymagaj\u0105ca opieki lub osoba uprawniona do jej reprezentowania z\u0142o\u017cy\u0142a wniosek o ustalenie prawa do \u015bwiadczenia wspieraj\u0105cego. W przypadku odmowy przyznania osobie wymagaj\u0105cej opieki \u015bwiadczenia wspieraj\u0105cego lub pozostawienia wniosku o to \u015bwiadczenie bez rozpatrzenia, \u015bwiadczenie piel\u0119gnacyjne albo specjalny zasi\u0142ek opieku\u0144czy, zasi\u0142ek dla opiekuna,&nbsp; wyp\u0142aca si\u0119 od miesi\u0105ca, w kt\u00f3rym wstrzymano ich wyp\u0142at\u0119 do ko\u0144ca okresu na jaki je przyznano, je\u017celi nadal osoba spe\u0142nia warunki okre\u015blone w&nbsp; brzmieniu dotychczasowym (art. 63 ust. 9-10 u.\u015b.w.).<\/p>\n\n\n\n<p>&#8211; uznanie za nienale\u017cnie pobrane \u015bwiadczenia: \u015bwiadczenia piel\u0119gnacyjnego, specjalnego zasi\u0142ku<\/p>\n\n\n\n<p>&nbsp;opieku\u0144czego, zasi\u0142ku dla opiekuna,&nbsp; wyp\u0142aconego opiekunowi za okres, za kt\u00f3ry osoba wymagaj\u0105ca opieki otrzyma\u0142a \u015bwiadczenie wspieraj\u0105ce.<\/p>\n\n\n\n<p>W celu realizacji ww. przepis\u00f3w gminne organy w\u0142a\u015bciwe b\u0119d\u0105 mia\u0142y zapewniony, drog\u0105 elektroniczn\u0105, poprzez odpowiednie us\u0142ugi wymiany danych w ramach Emp@tii, dost\u0119p do danych ZUS o z\u0142o\u017conych wnioskach\/przyznanych \u015bwiadczeniach wspieraj\u0105cych.<\/p>\n\n\n\n<p><strong>W przypadku w\u0105tpliwo\u015bci dotycz\u0105cych zmian zapraszamy do kontaktu w Miejskim O\u015brodka Pomocy Spo\u0142ecznej w Krasnymstawie, ul. Marsza\u0142ka Pi\u0142sudskiego 9 (pok\u00f3j nr 1 &#8211; parter) lub pod numerem telefonu 82&nbsp;576-23-24 wew. 105.<\/strong><\/p>\n","protected":false},"excerpt":{"rendered":"<p>W zwi\u0105zku z zmian\u0105 zasad dotycz\u0105cych uprawnie\u0144 do \u015bwiadczenia piel\u0119gnacyjnego, specjalnego zasi\u0142ku opieku\u0144czego i zasi\u0142ku dla opiekuna, dzia\u0142aj\u0105c na podstawie art. 63 ust. 16 ustawy z dnia 7 lipca 2023 r. o \u015bwiadczeniu wspieraj\u0105cym( Dz.U. z 2023 r. poz.1429 ) kt\u00f3ry wejdzie w \u017cycie\u00a01 stycznia 2024 roku, przedstawiamy najistotniejsze informacje dotycz\u0105ce wprowadzonych zmian.<\/p>\n","protected":false},"author":3,"featured_media":0,"comment_status":"closed","ping_status":"open","sticky":false,"template":"","format":"standard","meta":[],"categories":[1],"tags":[],"yoast_head":"<!-- This site is optimized with the Yoast SEO plugin v19.0 - https:\/\/yoast.com\/wordpress\/plugins\/seo\/ -->\n<title>Informacja o zmianach zasad dotycz\u0105cych uprawnie\u0144 do \u015bwiadczenia piel\u0119gnacyjnego, specjalnego zasi\u0142ku opieku\u0144czego i zasi\u0142ku dla opiekuna od 1 stycznia 2024 r. - MOPS Krasnystaw<\/title>\n<meta name=\"robots\" content=\"index, follow, max-snippet:-1, max-image-preview:large, max-video-preview:-1\" \/>\n<link rel=\"canonical\" href=\"https:\/\/www.mopskrasnystaw.pl\/?p=4557\" \/>\n<meta property=\"og:locale\" content=\"pl_PL\" \/>\n<meta property=\"og:type\" content=\"article\" \/>\n<meta property=\"og:title\" content=\"Informacja o zmianach zasad dotycz\u0105cych uprawnie\u0144 do \u015bwiadczenia piel\u0119gnacyjnego, specjalnego zasi\u0142ku opieku\u0144czego i zasi\u0142ku dla opiekuna od 1 stycznia 2024 r. - MOPS Krasnystaw\" \/>\n<meta property=\"og:description\" content=\"W zwi\u0105zku z zmian\u0105 zasad dotycz\u0105cych uprawnie\u0144 do \u015bwiadczenia piel\u0119gnacyjnego, specjalnego zasi\u0142ku opieku\u0144czego i zasi\u0142ku dla opiekuna, dzia\u0142aj\u0105c na podstawie art. 63 ust. 16 ustawy z dnia 7 lipca 2023 r. o \u015bwiadczeniu wspieraj\u0105cym( Dz.U. z 2023 r. poz.1429 ) kt\u00f3ry wejdzie w \u017cycie\u00a01 stycznia 2024 roku, przedstawiamy najistotniejsze informacje dotycz\u0105ce wprowadzonych zmian.\" \/>\n<meta property=\"og:url\" content=\"https:\/\/www.mopskrasnystaw.pl\/?p=4557\" \/>\n<meta property=\"og:site_name\" content=\"MOPS Krasnystaw\" \/>\n<meta property=\"article:published_time\" content=\"2023-11-21T11:55:27+00:00\" \/>\n<meta property=\"article:modified_time\" content=\"2023-11-21T11:56:03+00:00\" \/>\n<meta name=\"twitter:card\" content=\"summary_large_image\" \/>\n<meta name=\"twitter:label1\" content=\"Napisane przez\" \/>\n\t<meta name=\"twitter:data1\" content=\"redaktor\" \/>\n\t<meta name=\"twitter:label2\" content=\"Szacowany czas czytania\" \/>\n\t<meta name=\"twitter:data2\" content=\"14 minut\" \/>\n<script type=\"application\/ld+json\" class=\"yoast-schema-graph\">{\"@context\":\"https:\/\/schema.org\",\"@graph\":[{\"@type\":\"WebSite\",\"@id\":\"https:\/\/www.mopskrasnystaw.pl\/#website\",\"url\":\"https:\/\/www.mopskrasnystaw.pl\/\",\"name\":\"MOPS Krasnystaw\",\"description\":\"\",\"potentialAction\":[{\"@type\":\"SearchAction\",\"target\":{\"@type\":\"EntryPoint\",\"urlTemplate\":\"https:\/\/www.mopskrasnystaw.pl\/?s={search_term_string}\"},\"query-input\":\"required name=search_term_string\"}],\"inLanguage\":\"pl-PL\"},{\"@type\":\"WebPage\",\"@id\":\"https:\/\/www.mopskrasnystaw.pl\/?p=4557#webpage\",\"url\":\"https:\/\/www.mopskrasnystaw.pl\/?p=4557\",\"name\":\"Informacja o zmianach zasad dotycz\u0105cych uprawnie\u0144 do \u015bwiadczenia piel\u0119gnacyjnego, specjalnego zasi\u0142ku opieku\u0144czego i zasi\u0142ku dla opiekuna od 1 stycznia 2024 r. - MOPS Krasnystaw\",\"isPartOf\":{\"@id\":\"https:\/\/www.mopskrasnystaw.pl\/#website\"},\"datePublished\":\"2023-11-21T11:55:27+00:00\",\"dateModified\":\"2023-11-21T11:56:03+00:00\",\"author\":{\"@id\":\"https:\/\/www.mopskrasnystaw.pl\/#\/schema\/person\/c243255ac797e8203dac0928e5fb7dd7\"},\"breadcrumb\":{\"@id\":\"https:\/\/www.mopskrasnystaw.pl\/?p=4557#breadcrumb\"},\"inLanguage\":\"pl-PL\",\"potentialAction\":[{\"@type\":\"ReadAction\",\"target\":[\"https:\/\/www.mopskrasnystaw.pl\/?p=4557\"]}]},{\"@type\":\"BreadcrumbList\",\"@id\":\"https:\/\/www.mopskrasnystaw.pl\/?p=4557#breadcrumb\",\"itemListElement\":[{\"@type\":\"ListItem\",\"position\":1,\"name\":\"Strona g\u0142\u00f3wna\",\"item\":\"https:\/\/www.mopskrasnystaw.pl\/\"},{\"@type\":\"ListItem\",\"position\":2,\"name\":\"Informacja o zmianach zasad dotycz\u0105cych uprawnie\u0144 do \u015bwiadczenia piel\u0119gnacyjnego, specjalnego zasi\u0142ku opieku\u0144czego i zasi\u0142ku dla opiekuna od 1 stycznia 2024 r.\"}]},{\"@type\":\"Person\",\"@id\":\"https:\/\/www.mopskrasnystaw.pl\/#\/schema\/person\/c243255ac797e8203dac0928e5fb7dd7\",\"name\":\"redaktor\",\"image\":{\"@type\":\"ImageObject\",\"inLanguage\":\"pl-PL\",\"@id\":\"https:\/\/www.mopskrasnystaw.pl\/#\/schema\/person\/image\/\",\"url\":\"https:\/\/secure.gravatar.com\/avatar\/6508b8995653ed772737e87b63e3a77a?s=96&d=mm&r=g\",\"contentUrl\":\"https:\/\/secure.gravatar.com\/avatar\/6508b8995653ed772737e87b63e3a77a?s=96&d=mm&r=g\",\"caption\":\"redaktor\"},\"url\":\"https:\/\/www.mopskrasnystaw.pl\/?author=3\"}]}<\/script>\n<!-- \/ Yoast SEO plugin. -->","yoast_head_json":{"title":"Informacja o zmianach zasad dotycz\u0105cych uprawnie\u0144 do \u015bwiadczenia piel\u0119gnacyjnego, specjalnego zasi\u0142ku opieku\u0144czego i zasi\u0142ku dla opiekuna od 1 stycznia 2024 r. - MOPS Krasnystaw","robots":{"index":"index","follow":"follow","max-snippet":"max-snippet:-1","max-image-preview":"max-image-preview:large","max-video-preview":"max-video-preview:-1"},"canonical":"https:\/\/www.mopskrasnystaw.pl\/?p=4557","og_locale":"pl_PL","og_type":"article","og_title":"Informacja o zmianach zasad dotycz\u0105cych uprawnie\u0144 do \u015bwiadczenia piel\u0119gnacyjnego, specjalnego zasi\u0142ku opieku\u0144czego i zasi\u0142ku dla opiekuna od 1 stycznia 2024 r. - MOPS Krasnystaw","og_description":"W zwi\u0105zku z zmian\u0105 zasad dotycz\u0105cych uprawnie\u0144 do \u015bwiadczenia piel\u0119gnacyjnego, specjalnego zasi\u0142ku opieku\u0144czego i zasi\u0142ku dla opiekuna, dzia\u0142aj\u0105c na podstawie art. 63 ust. 16 ustawy z dnia 7 lipca 2023 r. o \u015bwiadczeniu wspieraj\u0105cym( Dz.U. z 2023 r. poz.1429 ) kt\u00f3ry wejdzie w \u017cycie\u00a01 stycznia 2024 roku, przedstawiamy najistotniejsze informacje dotycz\u0105ce wprowadzonych zmian.","og_url":"https:\/\/www.mopskrasnystaw.pl\/?p=4557","og_site_name":"MOPS Krasnystaw","article_published_time":"2023-11-21T11:55:27+00:00","article_modified_time":"2023-11-21T11:56:03+00:00","twitter_card":"summary_large_image","twitter_misc":{"Napisane przez":"redaktor","Szacowany czas czytania":"14 minut"},"schema":{"@context":"https:\/\/schema.org","@graph":[{"@type":"WebSite","@id":"https:\/\/www.mopskrasnystaw.pl\/#website","url":"https:\/\/www.mopskrasnystaw.pl\/","name":"MOPS Krasnystaw","description":"","potentialAction":[{"@type":"SearchAction","target":{"@type":"EntryPoint","urlTemplate":"https:\/\/www.mopskrasnystaw.pl\/?s={search_term_string}"},"query-input":"required name=search_term_string"}],"inLanguage":"pl-PL"},{"@type":"WebPage","@id":"https:\/\/www.mopskrasnystaw.pl\/?p=4557#webpage","url":"https:\/\/www.mopskrasnystaw.pl\/?p=4557","name":"Informacja o zmianach zasad dotycz\u0105cych uprawnie\u0144 do \u015bwiadczenia piel\u0119gnacyjnego, specjalnego zasi\u0142ku opieku\u0144czego i zasi\u0142ku dla opiekuna od 1 stycznia 2024 r. - MOPS Krasnystaw","isPartOf":{"@id":"https:\/\/www.mopskrasnystaw.pl\/#website"},"datePublished":"2023-11-21T11:55:27+00:00","dateModified":"2023-11-21T11:56:03+00:00","author":{"@id":"https:\/\/www.mopskrasnystaw.pl\/#\/schema\/person\/c243255ac797e8203dac0928e5fb7dd7"},"breadcrumb":{"@id":"https:\/\/www.mopskrasnystaw.pl\/?p=4557#breadcrumb"},"inLanguage":"pl-PL","potentialAction":[{"@type":"ReadAction","target":["https:\/\/www.mopskrasnystaw.pl\/?p=4557"]}]},{"@type":"BreadcrumbList","@id":"https:\/\/www.mopskrasnystaw.pl\/?p=4557#breadcrumb","itemListElement":[{"@type":"ListItem","position":1,"name":"Strona g\u0142\u00f3wna","item":"https:\/\/www.mopskrasnystaw.pl\/"},{"@type":"ListItem","position":2,"name":"Informacja o zmianach zasad dotycz\u0105cych uprawnie\u0144 do \u015bwiadczenia piel\u0119gnacyjnego, specjalnego zasi\u0142ku opieku\u0144czego i zasi\u0142ku dla opiekuna od 1 stycznia 2024 r."}]},{"@type":"Person","@id":"https:\/\/www.mopskrasnystaw.pl\/#\/schema\/person\/c243255ac797e8203dac0928e5fb7dd7","name":"redaktor","image":{"@type":"ImageObject","inLanguage":"pl-PL","@id":"https:\/\/www.mopskrasnystaw.pl\/#\/schema\/person\/image\/","url":"https:\/\/secure.gravatar.com\/avatar\/6508b8995653ed772737e87b63e3a77a?s=96&d=mm&r=g","contentUrl":"https:\/\/secure.gravatar.com\/avatar\/6508b8995653ed772737e87b63e3a77a?s=96&d=mm&r=g","caption":"redaktor"},"url":"https:\/\/www.mopskrasnystaw.pl\/?author=3"}]}},"_links":{"self":[{"href":"https:\/\/www.mopskrasnystaw.pl\/index.php?rest_route=\/wp\/v2\/posts\/4557"}],"collection":[{"href":"https:\/\/www.mopskrasnystaw.pl\/index.php?rest_route=\/wp\/v2\/posts"}],"about":[{"href":"https:\/\/www.mopskrasnystaw.pl\/index.php?rest_route=\/wp\/v2\/types\/post"}],"author":[{"embeddable":true,"href":"https:\/\/www.mopskrasnystaw.pl\/index.php?rest_route=\/wp\/v2\/users\/3"}],"replies":[{"embeddable":true,"href":"https:\/\/www.mopskrasnystaw.pl\/index.php?rest_route=%2Fwp%2Fv2%2Fcomments&post=4557"}],"version-history":[{"count":1,"href":"https:\/\/www.mopskrasnystaw.pl\/index.php?rest_route=\/wp\/v2\/posts\/4557\/revisions"}],"predecessor-version":[{"id":4558,"href":"https:\/\/www.mopskrasnystaw.pl\/index.php?rest_route=\/wp\/v2\/posts\/4557\/revisions\/4558"}],"wp:attachment":[{"href":"https:\/\/www.mopskrasnystaw.pl\/index.php?rest_route=%2Fwp%2Fv2%2Fmedia&parent=4557"}],"wp:term":[{"taxonomy":"category","embeddable":true,"href":"https:\/\/www.mopskrasnystaw.pl\/index.php?rest_route=%2Fwp%2Fv2%2Fcategories&post=4557"},{"taxonomy":"post_tag","embeddable":true,"href":"https:\/\/www.mopskrasnystaw.pl\/index.php?rest_route=%2Fwp%2Fv2%2Ftags&post=4557"}],"curies":[{"name":"wp","href":"https:\/\/api.w.org\/{rel}","templated":true}]}}