{"id":4545,"date":"2023-11-15T12:20:37","date_gmt":"2023-11-15T12:20:37","guid":{"rendered":"https:\/\/www.mopskrasnystaw.pl\/?p=4545"},"modified":"2023-11-15T12:20:39","modified_gmt":"2023-11-15T12:20:39","slug":"rekrutacja-do-projektu-polityka-senioralna-efs","status":"publish","type":"post","link":"https:\/\/www.mopskrasnystaw.pl\/?p=4545","title":{"rendered":"REKRUTACJA DO PROJEKTU \u201ePolityka Senioralna EFS+\u201d"},"content":{"rendered":"\n<p>Miasto Krasnystaw\/Miejski O\u015brodek Pomocy Spo\u0142ecznej w Krasnymstawie&nbsp; zaprasza<\/p>\n\n\n\n<ul><li><strong>Senior\u00f3w, tj. os\u00f3b w wieku 65 lat i wi\u0119cej \u2013 w tym os\u00f3b z niepe\u0142nosprawno\u015bciami oraz os\u00f3b wymagaj\u0105cych wsparcia w codziennym funkcjonowaniu<\/strong><\/li><li><strong>Opiekun\u00f3w faktycznych\/nieformalnych os\u00f3b w wieku 65 lat i wi\u0119cej<\/strong><\/li><\/ul>\n\n\n\n<p>zamieszka\u0142ych na terenie miasta Krasnystaw<\/p>\n\n\n\n<!--more-->\n\n\n\n<p><strong>do uczestnictwa w projekcie pn.&nbsp;\u201ePolityka Senioralna EFS+<em>\u201d<\/em><\/strong><em> <\/em>w ramach Programu Fundusze Europejskie dla Lubelskiego 2021-2027 wsp\u00f3\u0142finansowanego ze \u015brodk\u00f3w Europejskiego Funduszu Spo\u0142ecznego Plus w ramach Dzia\u0142ania 8.5 Us\u0142ugi spo\u0142eczne Priorytetu VIII Zwi\u0119kszenie Sp\u00f3jno\u015bci Spo\u0142ecznej Programu Fundusze Europejskie dla Lubelskiego 2021-2027,&nbsp; realizowanym w partnerstwie &nbsp;z Regionalnym O\u015brodkiem Polityki Spo\u0142ecznej w Lublinie.<\/p>\n\n\n\n<p><strong>W ramach projektu oferujemy bezp\u0142atne wsparcie dostosowane do zindywidualizowanych potrzeb uczestnik\u00f3w tj.<\/strong><\/p>\n\n\n\n<ol type=\"1\"><li><strong><u>&nbsp;Dla os\u00f3b starszych w wieku 65 lat i wi\u0119cej&nbsp;<\/u><\/strong><\/li><\/ol>\n\n\n\n<ul><li>us\u0142ugi rehabilitacyjne;<\/li><li>us\u0142ugi fizjoterapeutyczne;<\/li><li>indywidualne poradnictwo psychologiczne;<\/li><li>us\u0142ugi opieku\u0144cze;<\/li><li>us\u0142ugi asystenckie;<\/li><li>us\u0142ugi piel\u0119gnacyjne ( fryzjerskie, kosmetyczne, podologiczne);<\/li><\/ul>\n\n\n\n<p>us\u0142ugi wspomagaj\u0105ce do realizacji ww.us\u0142ug:<\/p>\n\n\n\n<ul><li>us\u0142ugi tzw. \u201ez\u0142ota r\u0105czka\u201d (np. drobne naprawy domowe, mycie okien);<\/li><li>us\u0142ugi \u201edoor to door\u201d \u2013 maj\u0105cej na celu w szczeg\u00f3lno\u015bci dotarcie do instytucji, urz\u0119d\u00f3w, poradni na wizyty lekarskie, a tak\u017ce do gabinet\u00f3w rehabilitacyjnych i poradni uzale\u017cnie\u0144 oraz innych miejsc wskazanych przez Uczestnika (znajduj\u0105cych si\u0119 na terenie miasta Krasnystaw);<\/li><li>wypo\u017cyczalnia sprz\u0119tu rehabilitacyjnego;<\/li><li>opaski bezpiecze\u0144stwa<\/li><\/ul>\n\n\n\n<ul><li><strong><u>Dla opiekun\u00f3w faktycznych\/nieformalnych os\u00f3b niesamodzielnych w wieku 65 lat &nbsp;&nbsp;&nbsp;&nbsp;&nbsp;&nbsp;&nbsp;&nbsp;&nbsp;&nbsp;&nbsp;&nbsp;&nbsp;&nbsp;&nbsp;&nbsp;&nbsp;&nbsp;&nbsp;i wi\u0119cej:<\/u><\/strong><\/li><\/ul>\n\n\n\n<ul><li>us\u0142ugi opieki wytchnieniowej<\/li><li>us\u0142ugi poradnictwa specjalistycznego \u2013 geriatrycznego<\/li><\/ul>\n\n\n\n<p><strong>Dob\u00f3r us\u0142ug zostanie poprzedzony okre\u015bleniem poziomu pilno\u015bci potrzeb uczestnika.<\/strong><\/p>\n\n\n\n<p>Okres realizacji us\u0142ug: stycze\u0144 2024 \u2013 grudzie\u0144 2025<\/p>\n\n\n\n<p><strong>Aby wi\u0105\u0107 udzia\u0142 w projekcie nale\u017cy:<br>&#8211; zapozna\u0107 si\u0119 z Regulaminem rekrutacji<br>&#8211; z\u0142o\u017cy\u0107 Formularz Rekrutacyjny wraz z za\u0142\u0105cznikami (o\u015bwiadczenie, klazula RODO)<\/strong><br>osobi\u015bcie w:<\/p>\n\n\n\n<ol><li><strong>Miejskim O\u015brodku Pomocy Spo\u0142ecznej w Krasnymstawie<\/strong> w godzinach od 7:30 do 15:30<br>&#8211; w Biurze projektu pok. 102,<br>&#8211; u pracownik\u00f3w socjalnych O\u015brodka,<\/li><li><strong>Dziennym Domu Pomocy Spo\u0142ecznej w Krasnymstawie<\/strong> w godzinach od 8:00 do 16:00.<\/li><li><strong>Punkcie Wsparcia Seniora \u2013 I pi\u0119tro Krasnostawskiego Domu Kultury<\/strong> w godzinach od 9:00 do 16:00 \/wtorek-pi\u0105tek\/<\/li><\/ol>\n\n\n\n<p>lub za po\u015brednictwem poczty adres 22-300 Krasnystaw ul. Marsza\u0142ka Pi\u0142sudskiego 9.<\/p>\n\n\n\n<p>Regulamin rekrutacji oraz Formularz zg\u0142oszeniowy do udzia\u0142u w projekcie dost\u0119pne s\u0105 poni\u017cej lub na stronie internetowej www.mopskrasnystaw.pl w zak\u0142adce \u201ePolityka Senioralna EFS+\u201c .<\/p>\n\n\n\n<p>W przypadku trudno\u015bci w wype\u0142nianiu dokumentacji rekrutacyjnej s\u0142u\u017cymy pomoc\u0105: koordynator projektu pok. 102 tel. 82 576 23 24 wew. 102 , rejonowi pracownicy socjalni, kierownik sekcji pomocy \u015brodowiskowej, kierownik Dziennego Domu Pomocy Spo\u0142ecznej, animator Punktu Wsparcia Seniora tel. 531 801 690<\/p>\n\n\n\n<p><strong>Osoby z poni\u017cszych grup:<\/strong><br>a) osoby ze znacznym lub umiarkowanym stopniem niepe\u0142nosprawno\u015bci<br>b) osoby z niepe\u0142nosprawno\u015bci\u0105 sprz\u0119\u017con\u0105<br>c) osoby z chorobami psychicznymi<br>d) osoby z niepe\u0142nosprawno\u015bci\u0105 intelektualn\u0105<br>e) osoby z ca\u0142o\u015bciowymi zaburzeniami rozwojowymi (w rozumieniu zgodnym<br>z Mi\u0119dzynarodow\u0105 Statystyczn\u0105 Kwalifikacj\u0105 Chor\u00f3b i Problem\u00f3w Zdrowotnych ICD10)<br>f) osoby le\u017c\u0105ce<br>g) osoby niesamodzielne<br>h) osoby korzystaj\u0105ce z programu Fundusze Europejskie Pomoc \u017bywno\u015bciowa (FE P\u017b)<br>i) osoby zamieszkuj\u0105ce samotnie<br>j) osoby wykluczone komunikacyjnie.<\/p>\n\n\n\n<p>otrzymaj\u0105 dodatkowe punkty za spe\u0142nione Kryterium. Punkty w poszczeg\u00f3lnych kryteriach b\u0119d\u0105 sumowane. Do projektu zakwalifikowane zostan\u0105 osoby z najwy\u017csz\u0105 \u0142\u0105czn\u0105 liczb\u0105 punkt\u00f3w. W przypadku otrzymania od kandydata tej samej liczby punkt\u00f3w kryterium dodatkowym b\u0119dzie kolejno\u015b\u0107 zg\u0142osze\u0144.<\/p>\n\n\n\n<p>Na podstawie przed\u0142o\u017conych formularzy stworzona zostanie lista podstawowa oraz rezerwowa uczestnik\u00f3w.<\/p>\n\n\n\n<p>O wynikach rekrutacji kandydaci zostan\u0105 poinformowani telefonicznie.<\/p>\n\n\n\n<p><strong>REKRUTACJA MA CHARAKTER OTWARTY \u2013 CI\u0104G\u0141Y tj. do wyczerpania za\u0142o\u017conego limitu uczestnik\u00f3w tj. 653 os\u00f3b lub limit\u00f3w dost\u0119pnych us\u0142ug.<\/strong><\/p>\n\n\n\n<div class=\"wp-block-file\"><a id=\"wp-block-file--media-2fb6d425-c45c-405e-8173-443ef19b3f23\" href=\"https:\/\/www.mopskrasnystaw.pl\/wp-content\/uploads\/2023\/11\/FORMULARZ-ZGLOSZENIOWY.pdf\">FORMULARZ ZG\u0141OSZENIOWY<\/a><\/div>\n\n\n\n<div class=\"wp-block-file\"><a id=\"wp-block-file--media-8bc2d028-b6ff-47f7-ab7b-0af89b4859e4\" href=\"https:\/\/www.mopskrasnystaw.pl\/wp-content\/uploads\/2023\/11\/KLAUZULA-RODO.pdf\">KLAUZULA RODO<\/a><\/div>\n\n\n\n<div class=\"wp-block-file\"><a id=\"wp-block-file--media-66275c3f-759f-480b-87f1-cbae08e5f2a9\" href=\"https:\/\/www.mopskrasnystaw.pl\/wp-content\/uploads\/2023\/11\/OSWIADCZENIE.docx\">O\u015aWIADCZENIE<\/a><\/div>\n\n\n\n<div class=\"wp-block-file\"><a id=\"wp-block-file--media-0b23066e-f01b-43de-8e9b-4b0b8379303c\" href=\"https:\/\/www.mopskrasnystaw.pl\/wp-content\/uploads\/2023\/11\/Regulamin-Rekrutacji.pdf\">Regulamin Rekrutacji<\/a><\/div>\n\n\n\n<figure class=\"wp-block-image size-large\"><img loading=\"lazy\" width=\"1024\" height=\"722\" src=\"https:\/\/www.mopskrasnystaw.pl\/wp-content\/uploads\/2023\/11\/Zrzut-ekranu-754-1-1024x722.png\" alt=\"\" class=\"wp-image-4550\" srcset=\"https:\/\/www.mopskrasnystaw.pl\/wp-content\/uploads\/2023\/11\/Zrzut-ekranu-754-1-1024x722.png 1024w, https:\/\/www.mopskrasnystaw.pl\/wp-content\/uploads\/2023\/11\/Zrzut-ekranu-754-1-300x211.png 300w, https:\/\/www.mopskrasnystaw.pl\/wp-content\/uploads\/2023\/11\/Zrzut-ekranu-754-1-768x541.png 768w, https:\/\/www.mopskrasnystaw.pl\/wp-content\/uploads\/2023\/11\/Zrzut-ekranu-754-1.png 1344w\" sizes=\"(max-width: 1024px) 100vw, 1024px\" \/><\/figure>\n","protected":false},"excerpt":{"rendered":"<p>Miasto Krasnystaw\/Miejski O\u015brodek Pomocy Spo\u0142ecznej w Krasnymstawie&nbsp; zaprasza Senior\u00f3w, tj. os\u00f3b w wieku 65 lat i wi\u0119cej \u2013 w tym os\u00f3b z niepe\u0142nosprawno\u015bciami oraz os\u00f3b wymagaj\u0105cych wsparcia w codziennym funkcjonowaniu Opiekun\u00f3w faktycznych\/nieformalnych os\u00f3b w wieku 65 lat i wi\u0119cej zamieszka\u0142ych na terenie miasta Krasnystaw<\/p>\n","protected":false},"author":3,"featured_media":0,"comment_status":"closed","ping_status":"open","sticky":false,"template":"","format":"standard","meta":[],"categories":[1],"tags":[],"yoast_head":"<!-- This site is optimized with the Yoast SEO plugin v19.0 - https:\/\/yoast.com\/wordpress\/plugins\/seo\/ -->\n<title>REKRUTACJA DO PROJEKTU \u201ePolityka Senioralna EFS+\u201d - MOPS Krasnystaw<\/title>\n<meta name=\"robots\" content=\"index, follow, max-snippet:-1, max-image-preview:large, max-video-preview:-1\" \/>\n<link rel=\"canonical\" href=\"https:\/\/www.mopskrasnystaw.pl\/?p=4545\" \/>\n<meta property=\"og:locale\" content=\"pl_PL\" \/>\n<meta property=\"og:type\" content=\"article\" \/>\n<meta property=\"og:title\" content=\"REKRUTACJA DO PROJEKTU \u201ePolityka Senioralna EFS+\u201d - MOPS Krasnystaw\" \/>\n<meta property=\"og:description\" content=\"Miasto Krasnystaw\/Miejski O\u015brodek Pomocy Spo\u0142ecznej w Krasnymstawie&nbsp; zaprasza Senior\u00f3w, tj. os\u00f3b w wieku 65 lat i wi\u0119cej \u2013 w tym os\u00f3b z niepe\u0142nosprawno\u015bciami oraz os\u00f3b wymagaj\u0105cych wsparcia w codziennym funkcjonowaniu Opiekun\u00f3w faktycznych\/nieformalnych os\u00f3b w wieku 65 lat i wi\u0119cej zamieszka\u0142ych na terenie miasta Krasnystaw\" \/>\n<meta property=\"og:url\" content=\"https:\/\/www.mopskrasnystaw.pl\/?p=4545\" \/>\n<meta property=\"og:site_name\" content=\"MOPS Krasnystaw\" \/>\n<meta property=\"article:published_time\" content=\"2023-11-15T12:20:37+00:00\" \/>\n<meta property=\"article:modified_time\" content=\"2023-11-15T12:20:39+00:00\" \/>\n<meta property=\"og:image\" content=\"https:\/\/www.mopskrasnystaw.pl\/wp-content\/uploads\/2023\/11\/Zrzut-ekranu-754-1-1024x722.png\" \/>\n<meta name=\"twitter:card\" content=\"summary_large_image\" \/>\n<meta name=\"twitter:label1\" content=\"Napisane przez\" \/>\n\t<meta name=\"twitter:data1\" content=\"redaktor\" \/>\n\t<meta name=\"twitter:label2\" content=\"Szacowany czas czytania\" \/>\n\t<meta name=\"twitter:data2\" content=\"4 minuty\" \/>\n<script type=\"application\/ld+json\" class=\"yoast-schema-graph\">{\"@context\":\"https:\/\/schema.org\",\"@graph\":[{\"@type\":\"WebSite\",\"@id\":\"https:\/\/www.mopskrasnystaw.pl\/#website\",\"url\":\"https:\/\/www.mopskrasnystaw.pl\/\",\"name\":\"MOPS Krasnystaw\",\"description\":\"\",\"potentialAction\":[{\"@type\":\"SearchAction\",\"target\":{\"@type\":\"EntryPoint\",\"urlTemplate\":\"https:\/\/www.mopskrasnystaw.pl\/?s={search_term_string}\"},\"query-input\":\"required name=search_term_string\"}],\"inLanguage\":\"pl-PL\"},{\"@type\":\"ImageObject\",\"inLanguage\":\"pl-PL\",\"@id\":\"https:\/\/www.mopskrasnystaw.pl\/?p=4545#primaryimage\",\"url\":\"https:\/\/www.mopskrasnystaw.pl\/wp-content\/uploads\/2023\/11\/Zrzut-ekranu-754-1.png\",\"contentUrl\":\"https:\/\/www.mopskrasnystaw.pl\/wp-content\/uploads\/2023\/11\/Zrzut-ekranu-754-1.png\",\"width\":1344,\"height\":947},{\"@type\":\"WebPage\",\"@id\":\"https:\/\/www.mopskrasnystaw.pl\/?p=4545#webpage\",\"url\":\"https:\/\/www.mopskrasnystaw.pl\/?p=4545\",\"name\":\"REKRUTACJA DO PROJEKTU \u201ePolityka Senioralna EFS+\u201d - MOPS Krasnystaw\",\"isPartOf\":{\"@id\":\"https:\/\/www.mopskrasnystaw.pl\/#website\"},\"primaryImageOfPage\":{\"@id\":\"https:\/\/www.mopskrasnystaw.pl\/?p=4545#primaryimage\"},\"datePublished\":\"2023-11-15T12:20:37+00:00\",\"dateModified\":\"2023-11-15T12:20:39+00:00\",\"author\":{\"@id\":\"https:\/\/www.mopskrasnystaw.pl\/#\/schema\/person\/c243255ac797e8203dac0928e5fb7dd7\"},\"breadcrumb\":{\"@id\":\"https:\/\/www.mopskrasnystaw.pl\/?p=4545#breadcrumb\"},\"inLanguage\":\"pl-PL\",\"potentialAction\":[{\"@type\":\"ReadAction\",\"target\":[\"https:\/\/www.mopskrasnystaw.pl\/?p=4545\"]}]},{\"@type\":\"BreadcrumbList\",\"@id\":\"https:\/\/www.mopskrasnystaw.pl\/?p=4545#breadcrumb\",\"itemListElement\":[{\"@type\":\"ListItem\",\"position\":1,\"name\":\"Strona g\u0142\u00f3wna\",\"item\":\"https:\/\/www.mopskrasnystaw.pl\/\"},{\"@type\":\"ListItem\",\"position\":2,\"name\":\"REKRUTACJA DO PROJEKTU \u201ePolityka Senioralna EFS+\u201d\"}]},{\"@type\":\"Person\",\"@id\":\"https:\/\/www.mopskrasnystaw.pl\/#\/schema\/person\/c243255ac797e8203dac0928e5fb7dd7\",\"name\":\"redaktor\",\"image\":{\"@type\":\"ImageObject\",\"inLanguage\":\"pl-PL\",\"@id\":\"https:\/\/www.mopskrasnystaw.pl\/#\/schema\/person\/image\/\",\"url\":\"https:\/\/secure.gravatar.com\/avatar\/6508b8995653ed772737e87b63e3a77a?s=96&d=mm&r=g\",\"contentUrl\":\"https:\/\/secure.gravatar.com\/avatar\/6508b8995653ed772737e87b63e3a77a?s=96&d=mm&r=g\",\"caption\":\"redaktor\"},\"url\":\"https:\/\/www.mopskrasnystaw.pl\/?author=3\"}]}<\/script>\n<!-- \/ Yoast SEO plugin. -->","yoast_head_json":{"title":"REKRUTACJA DO PROJEKTU \u201ePolityka Senioralna EFS+\u201d - MOPS Krasnystaw","robots":{"index":"index","follow":"follow","max-snippet":"max-snippet:-1","max-image-preview":"max-image-preview:large","max-video-preview":"max-video-preview:-1"},"canonical":"https:\/\/www.mopskrasnystaw.pl\/?p=4545","og_locale":"pl_PL","og_type":"article","og_title":"REKRUTACJA DO PROJEKTU \u201ePolityka Senioralna EFS+\u201d - MOPS Krasnystaw","og_description":"Miasto Krasnystaw\/Miejski O\u015brodek Pomocy Spo\u0142ecznej w Krasnymstawie&nbsp; zaprasza Senior\u00f3w, tj. os\u00f3b w wieku 65 lat i wi\u0119cej \u2013 w tym os\u00f3b z niepe\u0142nosprawno\u015bciami oraz os\u00f3b wymagaj\u0105cych wsparcia w codziennym funkcjonowaniu Opiekun\u00f3w faktycznych\/nieformalnych os\u00f3b w wieku 65 lat i wi\u0119cej zamieszka\u0142ych na terenie miasta Krasnystaw","og_url":"https:\/\/www.mopskrasnystaw.pl\/?p=4545","og_site_name":"MOPS Krasnystaw","article_published_time":"2023-11-15T12:20:37+00:00","article_modified_time":"2023-11-15T12:20:39+00:00","og_image":[{"url":"https:\/\/www.mopskrasnystaw.pl\/wp-content\/uploads\/2023\/11\/Zrzut-ekranu-754-1-1024x722.png"}],"twitter_card":"summary_large_image","twitter_misc":{"Napisane przez":"redaktor","Szacowany czas czytania":"4 minuty"},"schema":{"@context":"https:\/\/schema.org","@graph":[{"@type":"WebSite","@id":"https:\/\/www.mopskrasnystaw.pl\/#website","url":"https:\/\/www.mopskrasnystaw.pl\/","name":"MOPS Krasnystaw","description":"","potentialAction":[{"@type":"SearchAction","target":{"@type":"EntryPoint","urlTemplate":"https:\/\/www.mopskrasnystaw.pl\/?s={search_term_string}"},"query-input":"required name=search_term_string"}],"inLanguage":"pl-PL"},{"@type":"ImageObject","inLanguage":"pl-PL","@id":"https:\/\/www.mopskrasnystaw.pl\/?p=4545#primaryimage","url":"https:\/\/www.mopskrasnystaw.pl\/wp-content\/uploads\/2023\/11\/Zrzut-ekranu-754-1.png","contentUrl":"https:\/\/www.mopskrasnystaw.pl\/wp-content\/uploads\/2023\/11\/Zrzut-ekranu-754-1.png","width":1344,"height":947},{"@type":"WebPage","@id":"https:\/\/www.mopskrasnystaw.pl\/?p=4545#webpage","url":"https:\/\/www.mopskrasnystaw.pl\/?p=4545","name":"REKRUTACJA DO PROJEKTU \u201ePolityka Senioralna EFS+\u201d - MOPS Krasnystaw","isPartOf":{"@id":"https:\/\/www.mopskrasnystaw.pl\/#website"},"primaryImageOfPage":{"@id":"https:\/\/www.mopskrasnystaw.pl\/?p=4545#primaryimage"},"datePublished":"2023-11-15T12:20:37+00:00","dateModified":"2023-11-15T12:20:39+00:00","author":{"@id":"https:\/\/www.mopskrasnystaw.pl\/#\/schema\/person\/c243255ac797e8203dac0928e5fb7dd7"},"breadcrumb":{"@id":"https:\/\/www.mopskrasnystaw.pl\/?p=4545#breadcrumb"},"inLanguage":"pl-PL","potentialAction":[{"@type":"ReadAction","target":["https:\/\/www.mopskrasnystaw.pl\/?p=4545"]}]},{"@type":"BreadcrumbList","@id":"https:\/\/www.mopskrasnystaw.pl\/?p=4545#breadcrumb","itemListElement":[{"@type":"ListItem","position":1,"name":"Strona g\u0142\u00f3wna","item":"https:\/\/www.mopskrasnystaw.pl\/"},{"@type":"ListItem","position":2,"name":"REKRUTACJA DO PROJEKTU \u201ePolityka Senioralna EFS+\u201d"}]},{"@type":"Person","@id":"https:\/\/www.mopskrasnystaw.pl\/#\/schema\/person\/c243255ac797e8203dac0928e5fb7dd7","name":"redaktor","image":{"@type":"ImageObject","inLanguage":"pl-PL","@id":"https:\/\/www.mopskrasnystaw.pl\/#\/schema\/person\/image\/","url":"https:\/\/secure.gravatar.com\/avatar\/6508b8995653ed772737e87b63e3a77a?s=96&d=mm&r=g","contentUrl":"https:\/\/secure.gravatar.com\/avatar\/6508b8995653ed772737e87b63e3a77a?s=96&d=mm&r=g","caption":"redaktor"},"url":"https:\/\/www.mopskrasnystaw.pl\/?author=3"}]}},"_links":{"self":[{"href":"https:\/\/www.mopskrasnystaw.pl\/index.php?rest_route=\/wp\/v2\/posts\/4545"}],"collection":[{"href":"https:\/\/www.mopskrasnystaw.pl\/index.php?rest_route=\/wp\/v2\/posts"}],"about":[{"href":"https:\/\/www.mopskrasnystaw.pl\/index.php?rest_route=\/wp\/v2\/types\/post"}],"author":[{"embeddable":true,"href":"https:\/\/www.mopskrasnystaw.pl\/index.php?rest_route=\/wp\/v2\/users\/3"}],"replies":[{"embeddable":true,"href":"https:\/\/www.mopskrasnystaw.pl\/index.php?rest_route=%2Fwp%2Fv2%2Fcomments&post=4545"}],"version-history":[{"count":1,"href":"https:\/\/www.mopskrasnystaw.pl\/index.php?rest_route=\/wp\/v2\/posts\/4545\/revisions"}],"predecessor-version":[{"id":4551,"href":"https:\/\/www.mopskrasnystaw.pl\/index.php?rest_route=\/wp\/v2\/posts\/4545\/revisions\/4551"}],"wp:attachment":[{"href":"https:\/\/www.mopskrasnystaw.pl\/index.php?rest_route=%2Fwp%2Fv2%2Fmedia&parent=4545"}],"wp:term":[{"taxonomy":"category","embeddable":true,"href":"https:\/\/www.mopskrasnystaw.pl\/index.php?rest_route=%2Fwp%2Fv2%2Fcategories&post=4545"},{"taxonomy":"post_tag","embeddable":true,"href":"https:\/\/www.mopskrasnystaw.pl\/index.php?rest_route=%2Fwp%2Fv2%2Ftags&post=4545"}],"curies":[{"name":"wp","href":"https:\/\/api.w.org\/{rel}","templated":true}]}}