{"id":4504,"date":"2022-08-31T09:52:00","date_gmt":"2022-08-31T09:52:00","guid":{"rendered":"https:\/\/www.mopskrasnystaw.pl\/?p=4504"},"modified":"2023-08-16T09:55:41","modified_gmt":"2023-08-16T09:55:41","slug":"uczestnicy-projektu-pt-cis-krasnystaw-akcja-reintegracja-8","status":"publish","type":"post","link":"https:\/\/www.mopskrasnystaw.pl\/?p=4504","title":{"rendered":"UCZESTNICY projektu pt. \u201e CIS Krasnystaw \u2013 Akcja \u2013 Reintegracja!\u201d"},"content":{"rendered":"\n<p>realizowanego we wsp\u00f3\u0142pracy z Centrum Integracji Spo\u0142ecznej w Krasnymstawie a dofinansowanego ze \u015brodk\u00f3w Unii Europejskiej w ramach Regionalnego Programu Operacyjnego Wojew\u00f3dztwa Lubelskiego 2014 \u2013 2020 &nbsp;wspomagaj\u0105 miasto w utrzymanie porz\u0105dku w miejskich przestrzeniach publicznych.<\/p>\n\n\n\n<p>Uczestnicy &nbsp;II Edycji projektu pod kierunkiem trenera \u0141.Bila dbaj\u0105 o utrzymanie czysto\u015bci o porz\u0105dku w Krasnymstawie \u2013 prace porz\u0105dkowe przy Zau\u0142ku Nadrzecznym.<\/p>\n\n\n\n<p>\u00a0\u00a0\u00a0\u00a0\u00a0\u00a0\u00a0\u00a0\u00a0\u00a0\u00a0 Zaj\u0119cia reintegracji prowadzone s\u0105 codziennie w godzinach od 8.00 do 14.00.<\/p>\n\n\n\n<figure class=\"wp-block-image size-large\"><img loading=\"lazy\" width=\"1024\" height=\"656\" src=\"https:\/\/www.mopskrasnystaw.pl\/wp-content\/uploads\/2023\/08\/Zrzut-ekranu-655-1024x656.png\" alt=\"\" class=\"wp-image-4505\" srcset=\"https:\/\/www.mopskrasnystaw.pl\/wp-content\/uploads\/2023\/08\/Zrzut-ekranu-655-1024x656.png 1024w, https:\/\/www.mopskrasnystaw.pl\/wp-content\/uploads\/2023\/08\/Zrzut-ekranu-655-300x192.png 300w, https:\/\/www.mopskrasnystaw.pl\/wp-content\/uploads\/2023\/08\/Zrzut-ekranu-655-768x492.png 768w, https:\/\/www.mopskrasnystaw.pl\/wp-content\/uploads\/2023\/08\/Zrzut-ekranu-655.png 1097w\" sizes=\"(max-width: 1024px) 100vw, 1024px\" \/><\/figure>\n\n\n\n<figure class=\"wp-block-image size-large\"><img loading=\"lazy\" width=\"1024\" height=\"644\" src=\"https:\/\/www.mopskrasnystaw.pl\/wp-content\/uploads\/2023\/08\/Zrzut-ekranu-656-1024x644.png\" alt=\"\" class=\"wp-image-4506\" srcset=\"https:\/\/www.mopskrasnystaw.pl\/wp-content\/uploads\/2023\/08\/Zrzut-ekranu-656-1024x644.png 1024w, https:\/\/www.mopskrasnystaw.pl\/wp-content\/uploads\/2023\/08\/Zrzut-ekranu-656-300x189.png 300w, https:\/\/www.mopskrasnystaw.pl\/wp-content\/uploads\/2023\/08\/Zrzut-ekranu-656-768x483.png 768w, https:\/\/www.mopskrasnystaw.pl\/wp-content\/uploads\/2023\/08\/Zrzut-ekranu-656.png 1091w\" sizes=\"(max-width: 1024px) 100vw, 1024px\" \/><\/figure>\n","protected":false},"excerpt":{"rendered":"<p>realizowanego we wsp\u00f3\u0142pracy z Centrum Integracji Spo\u0142ecznej w Krasnymstawie a dofinansowanego ze \u015brodk\u00f3w Unii Europejskiej w ramach Regionalnego Programu Operacyjnego Wojew\u00f3dztwa Lubelskiego 2014 \u2013 2020 &nbsp;wspomagaj\u0105 miasto w utrzymanie porz\u0105dku w miejskich przestrzeniach publicznych. Uczestnicy &nbsp;II Edycji projektu pod kierunkiem trenera \u0141.Bila dbaj\u0105 o utrzymanie czysto\u015bci o porz\u0105dku w Krasnymstawie \u2013 prace porz\u0105dkowe przy Zau\u0142ku [&hellip;]<\/p>\n","protected":false},"author":3,"featured_media":4475,"comment_status":"closed","ping_status":"open","sticky":false,"template":"","format":"standard","meta":[],"categories":[1],"tags":[],"yoast_head":"<!-- This site is optimized with the Yoast SEO plugin v19.0 - https:\/\/yoast.com\/wordpress\/plugins\/seo\/ -->\n<title>UCZESTNICY projektu pt. \u201e CIS Krasnystaw \u2013 Akcja \u2013 Reintegracja!\u201d - MOPS Krasnystaw<\/title>\n<meta name=\"robots\" content=\"index, follow, max-snippet:-1, max-image-preview:large, max-video-preview:-1\" \/>\n<link rel=\"canonical\" href=\"https:\/\/www.mopskrasnystaw.pl\/?p=4504\" \/>\n<meta property=\"og:locale\" content=\"pl_PL\" \/>\n<meta property=\"og:type\" content=\"article\" \/>\n<meta property=\"og:title\" content=\"UCZESTNICY projektu pt. \u201e CIS Krasnystaw \u2013 Akcja \u2013 Reintegracja!\u201d - MOPS Krasnystaw\" \/>\n<meta property=\"og:description\" content=\"realizowanego we wsp\u00f3\u0142pracy z Centrum Integracji Spo\u0142ecznej w Krasnymstawie a dofinansowanego ze \u015brodk\u00f3w Unii Europejskiej w ramach Regionalnego Programu Operacyjnego Wojew\u00f3dztwa Lubelskiego 2014 \u2013 2020 &nbsp;wspomagaj\u0105 miasto w utrzymanie porz\u0105dku w miejskich przestrzeniach publicznych. Uczestnicy &nbsp;II Edycji projektu pod kierunkiem trenera \u0141.Bila dbaj\u0105 o utrzymanie czysto\u015bci o porz\u0105dku w Krasnymstawie \u2013 prace porz\u0105dkowe przy Zau\u0142ku [&hellip;]\" \/>\n<meta property=\"og:url\" content=\"https:\/\/www.mopskrasnystaw.pl\/?p=4504\" \/>\n<meta property=\"og:site_name\" content=\"MOPS Krasnystaw\" \/>\n<meta property=\"article:published_time\" content=\"2022-08-31T09:52:00+00:00\" \/>\n<meta property=\"article:modified_time\" content=\"2023-08-16T09:55:41+00:00\" \/>\n<meta property=\"og:image\" content=\"https:\/\/www.mopskrasnystaw.pl\/wp-content\/uploads\/2023\/08\/001_16082023_111022.jpg\" \/>\n\t<meta property=\"og:image:width\" content=\"1268\" \/>\n\t<meta property=\"og:image:height\" content=\"674\" \/>\n\t<meta property=\"og:image:type\" content=\"image\/jpeg\" \/>\n<meta name=\"twitter:card\" content=\"summary_large_image\" \/>\n<meta name=\"twitter:label1\" content=\"Napisane przez\" \/>\n\t<meta name=\"twitter:data1\" content=\"redaktor\" \/>\n\t<meta name=\"twitter:label2\" content=\"Szacowany czas czytania\" \/>\n\t<meta name=\"twitter:data2\" content=\"1 minuta\" \/>\n<script type=\"application\/ld+json\" class=\"yoast-schema-graph\">{\"@context\":\"https:\/\/schema.org\",\"@graph\":[{\"@type\":\"WebSite\",\"@id\":\"https:\/\/www.mopskrasnystaw.pl\/#website\",\"url\":\"https:\/\/www.mopskrasnystaw.pl\/\",\"name\":\"MOPS Krasnystaw\",\"description\":\"\",\"potentialAction\":[{\"@type\":\"SearchAction\",\"target\":{\"@type\":\"EntryPoint\",\"urlTemplate\":\"https:\/\/www.mopskrasnystaw.pl\/?s={search_term_string}\"},\"query-input\":\"required name=search_term_string\"}],\"inLanguage\":\"pl-PL\"},{\"@type\":\"ImageObject\",\"inLanguage\":\"pl-PL\",\"@id\":\"https:\/\/www.mopskrasnystaw.pl\/?p=4504#primaryimage\",\"url\":\"https:\/\/www.mopskrasnystaw.pl\/wp-content\/uploads\/2023\/08\/001_16082023_111022.jpg\",\"contentUrl\":\"https:\/\/www.mopskrasnystaw.pl\/wp-content\/uploads\/2023\/08\/001_16082023_111022.jpg\",\"width\":1268,\"height\":674},{\"@type\":\"WebPage\",\"@id\":\"https:\/\/www.mopskrasnystaw.pl\/?p=4504#webpage\",\"url\":\"https:\/\/www.mopskrasnystaw.pl\/?p=4504\",\"name\":\"UCZESTNICY projektu pt. \u201e CIS Krasnystaw \u2013 Akcja \u2013 Reintegracja!\u201d - MOPS Krasnystaw\",\"isPartOf\":{\"@id\":\"https:\/\/www.mopskrasnystaw.pl\/#website\"},\"primaryImageOfPage\":{\"@id\":\"https:\/\/www.mopskrasnystaw.pl\/?p=4504#primaryimage\"},\"datePublished\":\"2022-08-31T09:52:00+00:00\",\"dateModified\":\"2023-08-16T09:55:41+00:00\",\"author\":{\"@id\":\"https:\/\/www.mopskrasnystaw.pl\/#\/schema\/person\/c243255ac797e8203dac0928e5fb7dd7\"},\"breadcrumb\":{\"@id\":\"https:\/\/www.mopskrasnystaw.pl\/?p=4504#breadcrumb\"},\"inLanguage\":\"pl-PL\",\"potentialAction\":[{\"@type\":\"ReadAction\",\"target\":[\"https:\/\/www.mopskrasnystaw.pl\/?p=4504\"]}]},{\"@type\":\"BreadcrumbList\",\"@id\":\"https:\/\/www.mopskrasnystaw.pl\/?p=4504#breadcrumb\",\"itemListElement\":[{\"@type\":\"ListItem\",\"position\":1,\"name\":\"Strona g\u0142\u00f3wna\",\"item\":\"https:\/\/www.mopskrasnystaw.pl\/\"},{\"@type\":\"ListItem\",\"position\":2,\"name\":\"UCZESTNICY projektu pt. \u201e CIS Krasnystaw \u2013 Akcja \u2013 Reintegracja!\u201d\"}]},{\"@type\":\"Person\",\"@id\":\"https:\/\/www.mopskrasnystaw.pl\/#\/schema\/person\/c243255ac797e8203dac0928e5fb7dd7\",\"name\":\"redaktor\",\"image\":{\"@type\":\"ImageObject\",\"inLanguage\":\"pl-PL\",\"@id\":\"https:\/\/www.mopskrasnystaw.pl\/#\/schema\/person\/image\/\",\"url\":\"https:\/\/secure.gravatar.com\/avatar\/6508b8995653ed772737e87b63e3a77a?s=96&d=mm&r=g\",\"contentUrl\":\"https:\/\/secure.gravatar.com\/avatar\/6508b8995653ed772737e87b63e3a77a?s=96&d=mm&r=g\",\"caption\":\"redaktor\"},\"url\":\"https:\/\/www.mopskrasnystaw.pl\/?author=3\"}]}<\/script>\n<!-- \/ Yoast SEO plugin. -->","yoast_head_json":{"title":"UCZESTNICY projektu pt. \u201e CIS Krasnystaw \u2013 Akcja \u2013 Reintegracja!\u201d - MOPS Krasnystaw","robots":{"index":"index","follow":"follow","max-snippet":"max-snippet:-1","max-image-preview":"max-image-preview:large","max-video-preview":"max-video-preview:-1"},"canonical":"https:\/\/www.mopskrasnystaw.pl\/?p=4504","og_locale":"pl_PL","og_type":"article","og_title":"UCZESTNICY projektu pt. \u201e CIS Krasnystaw \u2013 Akcja \u2013 Reintegracja!\u201d - MOPS Krasnystaw","og_description":"realizowanego we wsp\u00f3\u0142pracy z Centrum Integracji Spo\u0142ecznej w Krasnymstawie a dofinansowanego ze \u015brodk\u00f3w Unii Europejskiej w ramach Regionalnego Programu Operacyjnego Wojew\u00f3dztwa Lubelskiego 2014 \u2013 2020 &nbsp;wspomagaj\u0105 miasto w utrzymanie porz\u0105dku w miejskich przestrzeniach publicznych. Uczestnicy &nbsp;II Edycji projektu pod kierunkiem trenera \u0141.Bila dbaj\u0105 o utrzymanie czysto\u015bci o porz\u0105dku w Krasnymstawie \u2013 prace porz\u0105dkowe przy Zau\u0142ku [&hellip;]","og_url":"https:\/\/www.mopskrasnystaw.pl\/?p=4504","og_site_name":"MOPS Krasnystaw","article_published_time":"2022-08-31T09:52:00+00:00","article_modified_time":"2023-08-16T09:55:41+00:00","og_image":[{"width":1268,"height":674,"url":"https:\/\/www.mopskrasnystaw.pl\/wp-content\/uploads\/2023\/08\/001_16082023_111022.jpg","type":"image\/jpeg"}],"twitter_card":"summary_large_image","twitter_misc":{"Napisane przez":"redaktor","Szacowany czas czytania":"1 minuta"},"schema":{"@context":"https:\/\/schema.org","@graph":[{"@type":"WebSite","@id":"https:\/\/www.mopskrasnystaw.pl\/#website","url":"https:\/\/www.mopskrasnystaw.pl\/","name":"MOPS Krasnystaw","description":"","potentialAction":[{"@type":"SearchAction","target":{"@type":"EntryPoint","urlTemplate":"https:\/\/www.mopskrasnystaw.pl\/?s={search_term_string}"},"query-input":"required name=search_term_string"}],"inLanguage":"pl-PL"},{"@type":"ImageObject","inLanguage":"pl-PL","@id":"https:\/\/www.mopskrasnystaw.pl\/?p=4504#primaryimage","url":"https:\/\/www.mopskrasnystaw.pl\/wp-content\/uploads\/2023\/08\/001_16082023_111022.jpg","contentUrl":"https:\/\/www.mopskrasnystaw.pl\/wp-content\/uploads\/2023\/08\/001_16082023_111022.jpg","width":1268,"height":674},{"@type":"WebPage","@id":"https:\/\/www.mopskrasnystaw.pl\/?p=4504#webpage","url":"https:\/\/www.mopskrasnystaw.pl\/?p=4504","name":"UCZESTNICY projektu pt. \u201e CIS Krasnystaw \u2013 Akcja \u2013 Reintegracja!\u201d - MOPS Krasnystaw","isPartOf":{"@id":"https:\/\/www.mopskrasnystaw.pl\/#website"},"primaryImageOfPage":{"@id":"https:\/\/www.mopskrasnystaw.pl\/?p=4504#primaryimage"},"datePublished":"2022-08-31T09:52:00+00:00","dateModified":"2023-08-16T09:55:41+00:00","author":{"@id":"https:\/\/www.mopskrasnystaw.pl\/#\/schema\/person\/c243255ac797e8203dac0928e5fb7dd7"},"breadcrumb":{"@id":"https:\/\/www.mopskrasnystaw.pl\/?p=4504#breadcrumb"},"inLanguage":"pl-PL","potentialAction":[{"@type":"ReadAction","target":["https:\/\/www.mopskrasnystaw.pl\/?p=4504"]}]},{"@type":"BreadcrumbList","@id":"https:\/\/www.mopskrasnystaw.pl\/?p=4504#breadcrumb","itemListElement":[{"@type":"ListItem","position":1,"name":"Strona g\u0142\u00f3wna","item":"https:\/\/www.mopskrasnystaw.pl\/"},{"@type":"ListItem","position":2,"name":"UCZESTNICY projektu pt. \u201e CIS Krasnystaw \u2013 Akcja \u2013 Reintegracja!\u201d"}]},{"@type":"Person","@id":"https:\/\/www.mopskrasnystaw.pl\/#\/schema\/person\/c243255ac797e8203dac0928e5fb7dd7","name":"redaktor","image":{"@type":"ImageObject","inLanguage":"pl-PL","@id":"https:\/\/www.mopskrasnystaw.pl\/#\/schema\/person\/image\/","url":"https:\/\/secure.gravatar.com\/avatar\/6508b8995653ed772737e87b63e3a77a?s=96&d=mm&r=g","contentUrl":"https:\/\/secure.gravatar.com\/avatar\/6508b8995653ed772737e87b63e3a77a?s=96&d=mm&r=g","caption":"redaktor"},"url":"https:\/\/www.mopskrasnystaw.pl\/?author=3"}]}},"_links":{"self":[{"href":"https:\/\/www.mopskrasnystaw.pl\/index.php?rest_route=\/wp\/v2\/posts\/4504"}],"collection":[{"href":"https:\/\/www.mopskrasnystaw.pl\/index.php?rest_route=\/wp\/v2\/posts"}],"about":[{"href":"https:\/\/www.mopskrasnystaw.pl\/index.php?rest_route=\/wp\/v2\/types\/post"}],"author":[{"embeddable":true,"href":"https:\/\/www.mopskrasnystaw.pl\/index.php?rest_route=\/wp\/v2\/users\/3"}],"replies":[{"embeddable":true,"href":"https:\/\/www.mopskrasnystaw.pl\/index.php?rest_route=%2Fwp%2Fv2%2Fcomments&post=4504"}],"version-history":[{"count":1,"href":"https:\/\/www.mopskrasnystaw.pl\/index.php?rest_route=\/wp\/v2\/posts\/4504\/revisions"}],"predecessor-version":[{"id":4507,"href":"https:\/\/www.mopskrasnystaw.pl\/index.php?rest_route=\/wp\/v2\/posts\/4504\/revisions\/4507"}],"wp:featuredmedia":[{"embeddable":true,"href":"https:\/\/www.mopskrasnystaw.pl\/index.php?rest_route=\/wp\/v2\/media\/4475"}],"wp:attachment":[{"href":"https:\/\/www.mopskrasnystaw.pl\/index.php?rest_route=%2Fwp%2Fv2%2Fmedia&parent=4504"}],"wp:term":[{"taxonomy":"category","embeddable":true,"href":"https:\/\/www.mopskrasnystaw.pl\/index.php?rest_route=%2Fwp%2Fv2%2Fcategories&post=4504"},{"taxonomy":"post_tag","embeddable":true,"href":"https:\/\/www.mopskrasnystaw.pl\/index.php?rest_route=%2Fwp%2Fv2%2Ftags&post=4504"}],"curies":[{"name":"wp","href":"https:\/\/api.w.org\/{rel}","templated":true}]}}