{"id":4481,"date":"2022-11-16T09:39:00","date_gmt":"2022-11-16T09:39:00","guid":{"rendered":"https:\/\/www.mopskrasnystaw.pl\/?p=4481"},"modified":"2023-08-16T09:41:48","modified_gmt":"2023-08-16T09:41:48","slug":"uczestnicy-projektu-pt-cis-krasnystaw-akcja-reintegracja-2","status":"publish","type":"post","link":"https:\/\/www.mopskrasnystaw.pl\/?p=4481","title":{"rendered":"UCZESTNICY projektu pt. \u201e CIS Krasnystaw \u2013 Akcja \u2013 Reintegracja!\u201d"},"content":{"rendered":"\n<p>realizowanego we wsp\u00f3\u0142pracy z Centrum Integracji Spo\u0142ecznej w Krasnymstawie a dofinansowanego ze \u015brodk\u00f3w Unii Europejskiej w ramach Regionalnego Programu Operacyjnego Wojew\u00f3dztwa Lubelskiego 2014 \u2013 2020 &nbsp;rozpoczynaj\u0105 realizacje indywidualnych program\u00f3w zatrudnienia socjalnego w CIS Krasnystaw.<\/p>\n\n\n\n<p>To ju\u017c III Edycja projektu, do kt\u00f3rej zakwalifikowano 19 os\u00f3b. W ramach reintegracji spo\u0142ecznej maj\u0105 mo\u017cliwo\u015b\u0107 uczestnictwa w :<\/p>\n\n\n\n<ul><li>Indywidualnych i grupowych poradnictwie psychologicznym, prawnym, terapeutycznym oraz zawodowym,<\/li><li>Warsztatach integracyjnych i kulturalnych.<\/li><\/ul>\n\n\n\n<p>W ramach reintegracji zawodowej 5 uczestnik\u00f3w przyucza si\u0119 do zawodu Technolog Rob\u00f3t Wyko\u0144czeniowych, 6 uczestnik\u00f3w do zawodu Robotnik oczyszczania miasta za 8 uczestniczek do zawodu \u2013 Opiekunka Os\u00f3b Starszych i Dzieci\u0119ca. \u00a0\u00a0\u00a0\u00a0\u00a0\u00a0\u00a0\u00a0\u00a0\u00a0\u00a0<\/p>\n\n\n\n<p> Zaj\u0119cia reintegracji prowadzone s\u0105 codziennie w godzinach od 8.00 do 14.00<\/p>\n\n\n\n<figure class=\"wp-block-image size-large\"><img loading=\"lazy\" width=\"1024\" height=\"683\" src=\"https:\/\/www.mopskrasnystaw.pl\/wp-content\/uploads\/2023\/08\/opiekun-15-of-25-1024x683.jpg\" alt=\"\" class=\"wp-image-4482\" srcset=\"https:\/\/www.mopskrasnystaw.pl\/wp-content\/uploads\/2023\/08\/opiekun-15-of-25-1024x683.jpg 1024w, https:\/\/www.mopskrasnystaw.pl\/wp-content\/uploads\/2023\/08\/opiekun-15-of-25-300x200.jpg 300w, https:\/\/www.mopskrasnystaw.pl\/wp-content\/uploads\/2023\/08\/opiekun-15-of-25-768x512.jpg 768w, https:\/\/www.mopskrasnystaw.pl\/wp-content\/uploads\/2023\/08\/opiekun-15-of-25-1536x1024.jpg 1536w, https:\/\/www.mopskrasnystaw.pl\/wp-content\/uploads\/2023\/08\/opiekun-15-of-25-2048x1365.jpg 2048w\" sizes=\"(max-width: 1024px) 100vw, 1024px\" \/><\/figure>\n\n\n\n<figure class=\"wp-block-image size-large\"><img loading=\"lazy\" width=\"1024\" height=\"686\" src=\"https:\/\/www.mopskrasnystaw.pl\/wp-content\/uploads\/2023\/08\/Zrzut-ekranu-657-1024x686.png\" alt=\"\" class=\"wp-image-4483\" srcset=\"https:\/\/www.mopskrasnystaw.pl\/wp-content\/uploads\/2023\/08\/Zrzut-ekranu-657-1024x686.png 1024w, https:\/\/www.mopskrasnystaw.pl\/wp-content\/uploads\/2023\/08\/Zrzut-ekranu-657-300x201.png 300w, https:\/\/www.mopskrasnystaw.pl\/wp-content\/uploads\/2023\/08\/Zrzut-ekranu-657-768x514.png 768w, https:\/\/www.mopskrasnystaw.pl\/wp-content\/uploads\/2023\/08\/Zrzut-ekranu-657.png 1051w\" sizes=\"(max-width: 1024px) 100vw, 1024px\" \/><\/figure>\n\n\n\n<figure class=\"wp-block-image size-full\"><img loading=\"lazy\" width=\"639\" height=\"687\" src=\"https:\/\/www.mopskrasnystaw.pl\/wp-content\/uploads\/2023\/08\/Zrzut-ekranu-658.png\" alt=\"\" class=\"wp-image-4484\" srcset=\"https:\/\/www.mopskrasnystaw.pl\/wp-content\/uploads\/2023\/08\/Zrzut-ekranu-658.png 639w, https:\/\/www.mopskrasnystaw.pl\/wp-content\/uploads\/2023\/08\/Zrzut-ekranu-658-279x300.png 279w\" sizes=\"(max-width: 639px) 100vw, 639px\" \/><\/figure>\n","protected":false},"excerpt":{"rendered":"<p>realizowanego we wsp\u00f3\u0142pracy z Centrum Integracji Spo\u0142ecznej w Krasnymstawie a dofinansowanego ze \u015brodk\u00f3w Unii Europejskiej w ramach Regionalnego Programu Operacyjnego Wojew\u00f3dztwa Lubelskiego 2014 \u2013 2020 &nbsp;rozpoczynaj\u0105 realizacje indywidualnych program\u00f3w zatrudnienia socjalnego w CIS Krasnystaw. To ju\u017c III Edycja projektu, do kt\u00f3rej zakwalifikowano 19 os\u00f3b. W ramach reintegracji spo\u0142ecznej maj\u0105 mo\u017cliwo\u015b\u0107 uczestnictwa w : Indywidualnych i [&hellip;]<\/p>\n","protected":false},"author":3,"featured_media":4475,"comment_status":"closed","ping_status":"open","sticky":false,"template":"","format":"standard","meta":[],"categories":[1],"tags":[],"yoast_head":"<!-- This site is optimized with the Yoast SEO plugin v19.0 - https:\/\/yoast.com\/wordpress\/plugins\/seo\/ -->\n<title>UCZESTNICY projektu pt. \u201e CIS Krasnystaw \u2013 Akcja \u2013 Reintegracja!\u201d - MOPS Krasnystaw<\/title>\n<meta name=\"robots\" content=\"index, follow, max-snippet:-1, max-image-preview:large, max-video-preview:-1\" \/>\n<link rel=\"canonical\" href=\"https:\/\/www.mopskrasnystaw.pl\/?p=4481\" \/>\n<meta property=\"og:locale\" content=\"pl_PL\" \/>\n<meta property=\"og:type\" content=\"article\" \/>\n<meta property=\"og:title\" content=\"UCZESTNICY projektu pt. \u201e CIS Krasnystaw \u2013 Akcja \u2013 Reintegracja!\u201d - MOPS Krasnystaw\" \/>\n<meta property=\"og:description\" content=\"realizowanego we wsp\u00f3\u0142pracy z Centrum Integracji Spo\u0142ecznej w Krasnymstawie a dofinansowanego ze \u015brodk\u00f3w Unii Europejskiej w ramach Regionalnego Programu Operacyjnego Wojew\u00f3dztwa Lubelskiego 2014 \u2013 2020 &nbsp;rozpoczynaj\u0105 realizacje indywidualnych program\u00f3w zatrudnienia socjalnego w CIS Krasnystaw. To ju\u017c III Edycja projektu, do kt\u00f3rej zakwalifikowano 19 os\u00f3b. W ramach reintegracji spo\u0142ecznej maj\u0105 mo\u017cliwo\u015b\u0107 uczestnictwa w : Indywidualnych i [&hellip;]\" \/>\n<meta property=\"og:url\" content=\"https:\/\/www.mopskrasnystaw.pl\/?p=4481\" \/>\n<meta property=\"og:site_name\" content=\"MOPS Krasnystaw\" \/>\n<meta property=\"article:published_time\" content=\"2022-11-16T09:39:00+00:00\" \/>\n<meta property=\"article:modified_time\" content=\"2023-08-16T09:41:48+00:00\" \/>\n<meta property=\"og:image\" content=\"https:\/\/www.mopskrasnystaw.pl\/wp-content\/uploads\/2023\/08\/001_16082023_111022.jpg\" \/>\n\t<meta property=\"og:image:width\" content=\"1268\" \/>\n\t<meta property=\"og:image:height\" content=\"674\" \/>\n\t<meta property=\"og:image:type\" content=\"image\/jpeg\" \/>\n<meta name=\"twitter:card\" content=\"summary_large_image\" \/>\n<meta name=\"twitter:label1\" content=\"Napisane przez\" \/>\n\t<meta name=\"twitter:data1\" content=\"redaktor\" \/>\n\t<meta name=\"twitter:label2\" content=\"Szacowany czas czytania\" \/>\n\t<meta name=\"twitter:data2\" content=\"2 minuty\" \/>\n<script type=\"application\/ld+json\" class=\"yoast-schema-graph\">{\"@context\":\"https:\/\/schema.org\",\"@graph\":[{\"@type\":\"WebSite\",\"@id\":\"https:\/\/www.mopskrasnystaw.pl\/#website\",\"url\":\"https:\/\/www.mopskrasnystaw.pl\/\",\"name\":\"MOPS Krasnystaw\",\"description\":\"\",\"potentialAction\":[{\"@type\":\"SearchAction\",\"target\":{\"@type\":\"EntryPoint\",\"urlTemplate\":\"https:\/\/www.mopskrasnystaw.pl\/?s={search_term_string}\"},\"query-input\":\"required name=search_term_string\"}],\"inLanguage\":\"pl-PL\"},{\"@type\":\"ImageObject\",\"inLanguage\":\"pl-PL\",\"@id\":\"https:\/\/www.mopskrasnystaw.pl\/?p=4481#primaryimage\",\"url\":\"https:\/\/www.mopskrasnystaw.pl\/wp-content\/uploads\/2023\/08\/001_16082023_111022.jpg\",\"contentUrl\":\"https:\/\/www.mopskrasnystaw.pl\/wp-content\/uploads\/2023\/08\/001_16082023_111022.jpg\",\"width\":1268,\"height\":674},{\"@type\":\"WebPage\",\"@id\":\"https:\/\/www.mopskrasnystaw.pl\/?p=4481#webpage\",\"url\":\"https:\/\/www.mopskrasnystaw.pl\/?p=4481\",\"name\":\"UCZESTNICY projektu pt. \u201e CIS Krasnystaw \u2013 Akcja \u2013 Reintegracja!\u201d - MOPS Krasnystaw\",\"isPartOf\":{\"@id\":\"https:\/\/www.mopskrasnystaw.pl\/#website\"},\"primaryImageOfPage\":{\"@id\":\"https:\/\/www.mopskrasnystaw.pl\/?p=4481#primaryimage\"},\"datePublished\":\"2022-11-16T09:39:00+00:00\",\"dateModified\":\"2023-08-16T09:41:48+00:00\",\"author\":{\"@id\":\"https:\/\/www.mopskrasnystaw.pl\/#\/schema\/person\/c243255ac797e8203dac0928e5fb7dd7\"},\"breadcrumb\":{\"@id\":\"https:\/\/www.mopskrasnystaw.pl\/?p=4481#breadcrumb\"},\"inLanguage\":\"pl-PL\",\"potentialAction\":[{\"@type\":\"ReadAction\",\"target\":[\"https:\/\/www.mopskrasnystaw.pl\/?p=4481\"]}]},{\"@type\":\"BreadcrumbList\",\"@id\":\"https:\/\/www.mopskrasnystaw.pl\/?p=4481#breadcrumb\",\"itemListElement\":[{\"@type\":\"ListItem\",\"position\":1,\"name\":\"Strona g\u0142\u00f3wna\",\"item\":\"https:\/\/www.mopskrasnystaw.pl\/\"},{\"@type\":\"ListItem\",\"position\":2,\"name\":\"UCZESTNICY projektu pt. \u201e CIS Krasnystaw \u2013 Akcja \u2013 Reintegracja!\u201d\"}]},{\"@type\":\"Person\",\"@id\":\"https:\/\/www.mopskrasnystaw.pl\/#\/schema\/person\/c243255ac797e8203dac0928e5fb7dd7\",\"name\":\"redaktor\",\"image\":{\"@type\":\"ImageObject\",\"inLanguage\":\"pl-PL\",\"@id\":\"https:\/\/www.mopskrasnystaw.pl\/#\/schema\/person\/image\/\",\"url\":\"https:\/\/secure.gravatar.com\/avatar\/6508b8995653ed772737e87b63e3a77a?s=96&d=mm&r=g\",\"contentUrl\":\"https:\/\/secure.gravatar.com\/avatar\/6508b8995653ed772737e87b63e3a77a?s=96&d=mm&r=g\",\"caption\":\"redaktor\"},\"url\":\"https:\/\/www.mopskrasnystaw.pl\/?author=3\"}]}<\/script>\n<!-- \/ Yoast SEO plugin. -->","yoast_head_json":{"title":"UCZESTNICY projektu pt. \u201e CIS Krasnystaw \u2013 Akcja \u2013 Reintegracja!\u201d - MOPS Krasnystaw","robots":{"index":"index","follow":"follow","max-snippet":"max-snippet:-1","max-image-preview":"max-image-preview:large","max-video-preview":"max-video-preview:-1"},"canonical":"https:\/\/www.mopskrasnystaw.pl\/?p=4481","og_locale":"pl_PL","og_type":"article","og_title":"UCZESTNICY projektu pt. \u201e CIS Krasnystaw \u2013 Akcja \u2013 Reintegracja!\u201d - MOPS Krasnystaw","og_description":"realizowanego we wsp\u00f3\u0142pracy z Centrum Integracji Spo\u0142ecznej w Krasnymstawie a dofinansowanego ze \u015brodk\u00f3w Unii Europejskiej w ramach Regionalnego Programu Operacyjnego Wojew\u00f3dztwa Lubelskiego 2014 \u2013 2020 &nbsp;rozpoczynaj\u0105 realizacje indywidualnych program\u00f3w zatrudnienia socjalnego w CIS Krasnystaw. To ju\u017c III Edycja projektu, do kt\u00f3rej zakwalifikowano 19 os\u00f3b. W ramach reintegracji spo\u0142ecznej maj\u0105 mo\u017cliwo\u015b\u0107 uczestnictwa w : Indywidualnych i [&hellip;]","og_url":"https:\/\/www.mopskrasnystaw.pl\/?p=4481","og_site_name":"MOPS Krasnystaw","article_published_time":"2022-11-16T09:39:00+00:00","article_modified_time":"2023-08-16T09:41:48+00:00","og_image":[{"width":1268,"height":674,"url":"https:\/\/www.mopskrasnystaw.pl\/wp-content\/uploads\/2023\/08\/001_16082023_111022.jpg","type":"image\/jpeg"}],"twitter_card":"summary_large_image","twitter_misc":{"Napisane przez":"redaktor","Szacowany czas czytania":"2 minuty"},"schema":{"@context":"https:\/\/schema.org","@graph":[{"@type":"WebSite","@id":"https:\/\/www.mopskrasnystaw.pl\/#website","url":"https:\/\/www.mopskrasnystaw.pl\/","name":"MOPS Krasnystaw","description":"","potentialAction":[{"@type":"SearchAction","target":{"@type":"EntryPoint","urlTemplate":"https:\/\/www.mopskrasnystaw.pl\/?s={search_term_string}"},"query-input":"required name=search_term_string"}],"inLanguage":"pl-PL"},{"@type":"ImageObject","inLanguage":"pl-PL","@id":"https:\/\/www.mopskrasnystaw.pl\/?p=4481#primaryimage","url":"https:\/\/www.mopskrasnystaw.pl\/wp-content\/uploads\/2023\/08\/001_16082023_111022.jpg","contentUrl":"https:\/\/www.mopskrasnystaw.pl\/wp-content\/uploads\/2023\/08\/001_16082023_111022.jpg","width":1268,"height":674},{"@type":"WebPage","@id":"https:\/\/www.mopskrasnystaw.pl\/?p=4481#webpage","url":"https:\/\/www.mopskrasnystaw.pl\/?p=4481","name":"UCZESTNICY projektu pt. \u201e CIS Krasnystaw \u2013 Akcja \u2013 Reintegracja!\u201d - MOPS Krasnystaw","isPartOf":{"@id":"https:\/\/www.mopskrasnystaw.pl\/#website"},"primaryImageOfPage":{"@id":"https:\/\/www.mopskrasnystaw.pl\/?p=4481#primaryimage"},"datePublished":"2022-11-16T09:39:00+00:00","dateModified":"2023-08-16T09:41:48+00:00","author":{"@id":"https:\/\/www.mopskrasnystaw.pl\/#\/schema\/person\/c243255ac797e8203dac0928e5fb7dd7"},"breadcrumb":{"@id":"https:\/\/www.mopskrasnystaw.pl\/?p=4481#breadcrumb"},"inLanguage":"pl-PL","potentialAction":[{"@type":"ReadAction","target":["https:\/\/www.mopskrasnystaw.pl\/?p=4481"]}]},{"@type":"BreadcrumbList","@id":"https:\/\/www.mopskrasnystaw.pl\/?p=4481#breadcrumb","itemListElement":[{"@type":"ListItem","position":1,"name":"Strona g\u0142\u00f3wna","item":"https:\/\/www.mopskrasnystaw.pl\/"},{"@type":"ListItem","position":2,"name":"UCZESTNICY projektu pt. \u201e CIS Krasnystaw \u2013 Akcja \u2013 Reintegracja!\u201d"}]},{"@type":"Person","@id":"https:\/\/www.mopskrasnystaw.pl\/#\/schema\/person\/c243255ac797e8203dac0928e5fb7dd7","name":"redaktor","image":{"@type":"ImageObject","inLanguage":"pl-PL","@id":"https:\/\/www.mopskrasnystaw.pl\/#\/schema\/person\/image\/","url":"https:\/\/secure.gravatar.com\/avatar\/6508b8995653ed772737e87b63e3a77a?s=96&d=mm&r=g","contentUrl":"https:\/\/secure.gravatar.com\/avatar\/6508b8995653ed772737e87b63e3a77a?s=96&d=mm&r=g","caption":"redaktor"},"url":"https:\/\/www.mopskrasnystaw.pl\/?author=3"}]}},"_links":{"self":[{"href":"https:\/\/www.mopskrasnystaw.pl\/index.php?rest_route=\/wp\/v2\/posts\/4481"}],"collection":[{"href":"https:\/\/www.mopskrasnystaw.pl\/index.php?rest_route=\/wp\/v2\/posts"}],"about":[{"href":"https:\/\/www.mopskrasnystaw.pl\/index.php?rest_route=\/wp\/v2\/types\/post"}],"author":[{"embeddable":true,"href":"https:\/\/www.mopskrasnystaw.pl\/index.php?rest_route=\/wp\/v2\/users\/3"}],"replies":[{"embeddable":true,"href":"https:\/\/www.mopskrasnystaw.pl\/index.php?rest_route=%2Fwp%2Fv2%2Fcomments&post=4481"}],"version-history":[{"count":1,"href":"https:\/\/www.mopskrasnystaw.pl\/index.php?rest_route=\/wp\/v2\/posts\/4481\/revisions"}],"predecessor-version":[{"id":4485,"href":"https:\/\/www.mopskrasnystaw.pl\/index.php?rest_route=\/wp\/v2\/posts\/4481\/revisions\/4485"}],"wp:featuredmedia":[{"embeddable":true,"href":"https:\/\/www.mopskrasnystaw.pl\/index.php?rest_route=\/wp\/v2\/media\/4475"}],"wp:attachment":[{"href":"https:\/\/www.mopskrasnystaw.pl\/index.php?rest_route=%2Fwp%2Fv2%2Fmedia&parent=4481"}],"wp:term":[{"taxonomy":"category","embeddable":true,"href":"https:\/\/www.mopskrasnystaw.pl\/index.php?rest_route=%2Fwp%2Fv2%2Fcategories&post=4481"},{"taxonomy":"post_tag","embeddable":true,"href":"https:\/\/www.mopskrasnystaw.pl\/index.php?rest_route=%2Fwp%2Fv2%2Ftags&post=4481"}],"curies":[{"name":"wp","href":"https:\/\/api.w.org\/{rel}","templated":true}]}}