{"id":4373,"date":"2023-01-18T11:33:53","date_gmt":"2023-01-18T11:33:53","guid":{"rendered":"https:\/\/www.mopskrasnystaw.pl\/?p=4373"},"modified":"2023-01-19T09:08:09","modified_gmt":"2023-01-19T09:08:09","slug":"opieka-wytchnieniowa-edycja-2023","status":"publish","type":"post","link":"https:\/\/www.mopskrasnystaw.pl\/?p=4373","title":{"rendered":"Opieka wytchnieniowa \u2013 edycja 2023"},"content":{"rendered":"\n<p>W zwiazku z zaakceptowaniem przez Ministra Rodziny i Polityki Spo\u0142ecznej zaktualizowanej listy rekomendowanych wniosk\u00f3w<br>w ramach programu <strong>\u201eOpieka wytchnieniowa\u201d<\/strong> \u2013 edycja 2023 finansowanego z Funduszu Solidarno\u015bciowego \u2013 pa\u0144stwowego funduszu celowego, Miasto Krasnystaw informuje, \u017ce otrzyma\u0142o \u015brodki na realizacj\u0119 Programu \u201eOpieka wytchnieniowa\u201d w ramach pobytu dziennego w miejscu zamieszkania osoby niepe\u0142nosprawnej.<\/p>\n\n\n\n<!--more-->\n\n\n\n<p>Kwota dofinansowania: &nbsp;<strong>146&nbsp;880,00 z\u0142.<\/strong><\/p>\n\n\n\n<p>Ca\u0142kowita warto\u015b\u0107: <strong>146 880,00 z\u0142.<\/strong><\/p>\n\n\n\n<p>Program trwa <strong>od 01.01.2023 r. do 31.12.2023 r<\/strong>.<\/p>\n\n\n\n<p>G\u0142\u00f3wnym celem Programu jest wsparcie cz\u0142onk\u00f3w rodzin<br>lub opiekun\u00f3w sprawuj\u0105cych bezpo\u015bredni\u0105 opiek\u0119 nad:<\/p>\n\n\n\n<p>1) dzie\u0107mi z orzeczeniem o niepe\u0142nosprawno\u015bci,<\/p>\n\n\n\n<p>2) osobami posiadaj\u0105cymi:<\/p>\n\n\n\n<ol type=\"a\"><li>orzeczenie o znacznym stopniu niepe\u0142nosprawno\u015bci (zgodnie z ustaw\u0105 z dnia 27&nbsp;sierpnia 1997 r. o&nbsp;rehabilitacji zawodowej i spo\u0142ecznej oraz zatrudnianiu os\u00f3b niepe\u0142nosprawnych (Dz. U. z 2021 r. poz. 573) albo<\/li><li>orzeczenie traktowane na r\u00f3wni z orzeczeniem<br>o znacznym stopniu niepe\u0142nosprawno\u015bci (zgodnie z art.<br>5 i art. 62 ww. ustawy z dnia 27&nbsp;sierpnia 1997 r. o rehabilitacji zawodowej i spo\u0142ecznej oraz zatrudnianiu os\u00f3b niepe\u0142nosprawnych)<\/li><\/ol>\n\n\n\n<p>\u2012 poprzez mo\u017cliwo\u015b\u0107 uzyskania dora\u017anej, czasowej pomocy w formie us\u0142ugi opieki wytchnieniowej.<\/p>\n\n\n\n<p>Program ma zapewnia\u0107 w odniesieniu do cz\u0142onk\u00f3w rodzin<br>lub opiekun\u00f3w os\u00f3b niepe\u0142nosprawnych czasowe odci\u0105\u017cenie<br>od codziennych obowi\u0105zk\u00f3w \u0142\u0105cz\u0105cych si\u0119 ze sprawowaniem opieki, zapewnienie czasu na odpoczynek i regeneracj\u0119.<\/p>\n\n\n\n<p>W zwi\u0105zku z powy\u017cszym <strong>Miejski O\u015brodek Pomocy Spo\u0142ecznej<br>w Krasnymstawie<\/strong> informuje, \u017ce mo\u017cna zg\u0142asza\u0107 osoby, kt\u00f3re wymagaj\u0105 zapewnienia takiego wsparcia w ramach Programu.<\/p>\n\n\n\n<p>Uczestnik Programu za us\u0142ugi nie ponosi odp\u0142atno\u015bci.<\/p>\n\n\n\n<p>Karty zg\u0142oszenia do Programu mo\u017cna sk\u0142ada\u0107 do Miejskiego O\u015brodka Pomocy Spo\u0142ecznej w Krasnymstawie ul. Pi\u0142sudskiego 9<\/p>\n\n\n\n<p>W przypadku wi\u0119kszej liczby os\u00f3b zainteresowanych zostanie ustalona lista rezerwowa. Wi\u0119cej informacji:<br><a href=\"https:\/\/www.gov.pl\/web\/rodzina\/ogloszenie-o-naborze-wnioskow-w-ramach-programu-resortowego-ministra-rodziny-i-polityki-spolecznej-opieka-wytchnieniowa---edycja-2023\">https:\/\/www.gov.pl\/web\/rodzina\/ogloszenie-o-naborze-wnioskow-w-ramach-programu-resortowego-ministra-rodziny-i-polityki-spolecznej-opieka-wytchnieniowa&#8212;edycja-2023<\/a><\/p>\n\n\n\n<div class=\"wp-block-file\"><a id=\"wp-block-file--media-73f8c0d5-beb4-4e7e-a8ad-74af545dca06\" href=\"https:\/\/www.mopskrasnystaw.pl\/wp-content\/uploads\/2023\/01\/Karta_pomiaru.docx\">Karta_pomiaru<\/a><\/div>\n\n\n\n<div class=\"wp-block-file\"><a id=\"wp-block-file--media-f50d7000-8149-4310-b543-fdbecc56b851\" href=\"https:\/\/www.mopskrasnystaw.pl\/wp-content\/uploads\/2023\/01\/Karta_zgloszenia-2.docx\">Karta_zg\u0142oszenia<\/a><\/div>\n\n\n\n<div class=\"wp-block-file\"><a id=\"wp-block-file--media-bdde639a-7f50-4742-b16d-f980a3f4d3de\" href=\"https:\/\/www.mopskrasnystaw.pl\/wp-content\/uploads\/2023\/01\/Klauzula_informacyjna-2.docx\">Klauzula_informacyjna<\/a><\/div>\n\n\n\n<div class=\"wp-block-file\"><a id=\"wp-block-file--media-7b9c550f-21fc-457e-a07c-978e69d87a35\" href=\"https:\/\/www.mopskrasnystaw.pl\/wp-content\/uploads\/2023\/01\/oswiadczenie-uczestnika-o-wyborze-osoby-swiadczacej-opieke-wytchnieniowa.docx\">o\u015bwiadczenie uczestnika o wyborze osoby \u015bwiadcz\u0105cej opiek\u0119 wytchnieniow\u0105<\/a><\/div>\n\n\n\n<div class=\"wp-block-file\"><a id=\"wp-block-file--media-dad428b3-cd34-4044-af1c-62818210f55a\" href=\"https:\/\/www.mopskrasnystaw.pl\/wp-content\/uploads\/2023\/01\/PROGRAM-OPIEKA-WYTCHNIENIOWA_18_10.docx\">PROGRAM OPIEKA WYTCHNIENIOWA<\/a><\/div>\n","protected":false},"excerpt":{"rendered":"<p>W zwiazku z zaakceptowaniem przez Ministra Rodziny i Polityki Spo\u0142ecznej zaktualizowanej listy rekomendowanych wniosk\u00f3ww ramach programu \u201eOpieka wytchnieniowa\u201d \u2013 edycja 2023 finansowanego z Funduszu Solidarno\u015bciowego \u2013 pa\u0144stwowego funduszu celowego, Miasto Krasnystaw informuje, \u017ce otrzyma\u0142o \u015brodki na realizacj\u0119 Programu \u201eOpieka wytchnieniowa\u201d w ramach pobytu dziennego w miejscu zamieszkania osoby niepe\u0142nosprawnej.<\/p>\n","protected":false},"author":3,"featured_media":0,"comment_status":"closed","ping_status":"open","sticky":false,"template":"","format":"standard","meta":[],"categories":[1],"tags":[],"yoast_head":"<!-- This site is optimized with the Yoast SEO plugin v19.0 - https:\/\/yoast.com\/wordpress\/plugins\/seo\/ -->\n<title>Opieka wytchnieniowa \u2013 edycja 2023 - MOPS Krasnystaw<\/title>\n<meta name=\"robots\" content=\"index, follow, max-snippet:-1, max-image-preview:large, max-video-preview:-1\" \/>\n<link rel=\"canonical\" href=\"https:\/\/www.mopskrasnystaw.pl\/?p=4373\" \/>\n<meta property=\"og:locale\" content=\"pl_PL\" \/>\n<meta property=\"og:type\" content=\"article\" \/>\n<meta property=\"og:title\" content=\"Opieka wytchnieniowa \u2013 edycja 2023 - MOPS Krasnystaw\" \/>\n<meta property=\"og:description\" content=\"W zwiazku z zaakceptowaniem przez Ministra Rodziny i Polityki Spo\u0142ecznej zaktualizowanej listy rekomendowanych wniosk\u00f3ww ramach programu \u201eOpieka wytchnieniowa\u201d \u2013 edycja 2023 finansowanego z Funduszu Solidarno\u015bciowego \u2013 pa\u0144stwowego funduszu celowego, Miasto Krasnystaw informuje, \u017ce otrzyma\u0142o \u015brodki na realizacj\u0119 Programu \u201eOpieka wytchnieniowa\u201d w ramach pobytu dziennego w miejscu zamieszkania osoby niepe\u0142nosprawnej.\" \/>\n<meta property=\"og:url\" content=\"https:\/\/www.mopskrasnystaw.pl\/?p=4373\" \/>\n<meta property=\"og:site_name\" content=\"MOPS Krasnystaw\" \/>\n<meta property=\"article:published_time\" content=\"2023-01-18T11:33:53+00:00\" \/>\n<meta property=\"article:modified_time\" content=\"2023-01-19T09:08:09+00:00\" \/>\n<meta name=\"twitter:card\" content=\"summary_large_image\" \/>\n<meta name=\"twitter:label1\" content=\"Napisane przez\" \/>\n\t<meta name=\"twitter:data1\" content=\"redaktor\" \/>\n\t<meta name=\"twitter:label2\" content=\"Szacowany czas czytania\" \/>\n\t<meta name=\"twitter:data2\" content=\"2 minuty\" \/>\n<script type=\"application\/ld+json\" class=\"yoast-schema-graph\">{\"@context\":\"https:\/\/schema.org\",\"@graph\":[{\"@type\":\"WebSite\",\"@id\":\"https:\/\/www.mopskrasnystaw.pl\/#website\",\"url\":\"https:\/\/www.mopskrasnystaw.pl\/\",\"name\":\"MOPS Krasnystaw\",\"description\":\"\",\"potentialAction\":[{\"@type\":\"SearchAction\",\"target\":{\"@type\":\"EntryPoint\",\"urlTemplate\":\"https:\/\/www.mopskrasnystaw.pl\/?s={search_term_string}\"},\"query-input\":\"required name=search_term_string\"}],\"inLanguage\":\"pl-PL\"},{\"@type\":\"WebPage\",\"@id\":\"https:\/\/www.mopskrasnystaw.pl\/?p=4373#webpage\",\"url\":\"https:\/\/www.mopskrasnystaw.pl\/?p=4373\",\"name\":\"Opieka wytchnieniowa \u2013 edycja 2023 - MOPS Krasnystaw\",\"isPartOf\":{\"@id\":\"https:\/\/www.mopskrasnystaw.pl\/#website\"},\"datePublished\":\"2023-01-18T11:33:53+00:00\",\"dateModified\":\"2023-01-19T09:08:09+00:00\",\"author\":{\"@id\":\"https:\/\/www.mopskrasnystaw.pl\/#\/schema\/person\/c243255ac797e8203dac0928e5fb7dd7\"},\"breadcrumb\":{\"@id\":\"https:\/\/www.mopskrasnystaw.pl\/?p=4373#breadcrumb\"},\"inLanguage\":\"pl-PL\",\"potentialAction\":[{\"@type\":\"ReadAction\",\"target\":[\"https:\/\/www.mopskrasnystaw.pl\/?p=4373\"]}]},{\"@type\":\"BreadcrumbList\",\"@id\":\"https:\/\/www.mopskrasnystaw.pl\/?p=4373#breadcrumb\",\"itemListElement\":[{\"@type\":\"ListItem\",\"position\":1,\"name\":\"Strona g\u0142\u00f3wna\",\"item\":\"https:\/\/www.mopskrasnystaw.pl\/\"},{\"@type\":\"ListItem\",\"position\":2,\"name\":\"Opieka wytchnieniowa \u2013 edycja 2023\"}]},{\"@type\":\"Person\",\"@id\":\"https:\/\/www.mopskrasnystaw.pl\/#\/schema\/person\/c243255ac797e8203dac0928e5fb7dd7\",\"name\":\"redaktor\",\"image\":{\"@type\":\"ImageObject\",\"inLanguage\":\"pl-PL\",\"@id\":\"https:\/\/www.mopskrasnystaw.pl\/#\/schema\/person\/image\/\",\"url\":\"https:\/\/secure.gravatar.com\/avatar\/6508b8995653ed772737e87b63e3a77a?s=96&d=mm&r=g\",\"contentUrl\":\"https:\/\/secure.gravatar.com\/avatar\/6508b8995653ed772737e87b63e3a77a?s=96&d=mm&r=g\",\"caption\":\"redaktor\"},\"url\":\"https:\/\/www.mopskrasnystaw.pl\/?author=3\"}]}<\/script>\n<!-- \/ Yoast SEO plugin. -->","yoast_head_json":{"title":"Opieka wytchnieniowa \u2013 edycja 2023 - MOPS Krasnystaw","robots":{"index":"index","follow":"follow","max-snippet":"max-snippet:-1","max-image-preview":"max-image-preview:large","max-video-preview":"max-video-preview:-1"},"canonical":"https:\/\/www.mopskrasnystaw.pl\/?p=4373","og_locale":"pl_PL","og_type":"article","og_title":"Opieka wytchnieniowa \u2013 edycja 2023 - MOPS Krasnystaw","og_description":"W zwiazku z zaakceptowaniem przez Ministra Rodziny i Polityki Spo\u0142ecznej zaktualizowanej listy rekomendowanych wniosk\u00f3ww ramach programu \u201eOpieka wytchnieniowa\u201d \u2013 edycja 2023 finansowanego z Funduszu Solidarno\u015bciowego \u2013 pa\u0144stwowego funduszu celowego, Miasto Krasnystaw informuje, \u017ce otrzyma\u0142o \u015brodki na realizacj\u0119 Programu \u201eOpieka wytchnieniowa\u201d w ramach pobytu dziennego w miejscu zamieszkania osoby niepe\u0142nosprawnej.","og_url":"https:\/\/www.mopskrasnystaw.pl\/?p=4373","og_site_name":"MOPS Krasnystaw","article_published_time":"2023-01-18T11:33:53+00:00","article_modified_time":"2023-01-19T09:08:09+00:00","twitter_card":"summary_large_image","twitter_misc":{"Napisane przez":"redaktor","Szacowany czas czytania":"2 minuty"},"schema":{"@context":"https:\/\/schema.org","@graph":[{"@type":"WebSite","@id":"https:\/\/www.mopskrasnystaw.pl\/#website","url":"https:\/\/www.mopskrasnystaw.pl\/","name":"MOPS Krasnystaw","description":"","potentialAction":[{"@type":"SearchAction","target":{"@type":"EntryPoint","urlTemplate":"https:\/\/www.mopskrasnystaw.pl\/?s={search_term_string}"},"query-input":"required name=search_term_string"}],"inLanguage":"pl-PL"},{"@type":"WebPage","@id":"https:\/\/www.mopskrasnystaw.pl\/?p=4373#webpage","url":"https:\/\/www.mopskrasnystaw.pl\/?p=4373","name":"Opieka wytchnieniowa \u2013 edycja 2023 - MOPS Krasnystaw","isPartOf":{"@id":"https:\/\/www.mopskrasnystaw.pl\/#website"},"datePublished":"2023-01-18T11:33:53+00:00","dateModified":"2023-01-19T09:08:09+00:00","author":{"@id":"https:\/\/www.mopskrasnystaw.pl\/#\/schema\/person\/c243255ac797e8203dac0928e5fb7dd7"},"breadcrumb":{"@id":"https:\/\/www.mopskrasnystaw.pl\/?p=4373#breadcrumb"},"inLanguage":"pl-PL","potentialAction":[{"@type":"ReadAction","target":["https:\/\/www.mopskrasnystaw.pl\/?p=4373"]}]},{"@type":"BreadcrumbList","@id":"https:\/\/www.mopskrasnystaw.pl\/?p=4373#breadcrumb","itemListElement":[{"@type":"ListItem","position":1,"name":"Strona g\u0142\u00f3wna","item":"https:\/\/www.mopskrasnystaw.pl\/"},{"@type":"ListItem","position":2,"name":"Opieka wytchnieniowa \u2013 edycja 2023"}]},{"@type":"Person","@id":"https:\/\/www.mopskrasnystaw.pl\/#\/schema\/person\/c243255ac797e8203dac0928e5fb7dd7","name":"redaktor","image":{"@type":"ImageObject","inLanguage":"pl-PL","@id":"https:\/\/www.mopskrasnystaw.pl\/#\/schema\/person\/image\/","url":"https:\/\/secure.gravatar.com\/avatar\/6508b8995653ed772737e87b63e3a77a?s=96&d=mm&r=g","contentUrl":"https:\/\/secure.gravatar.com\/avatar\/6508b8995653ed772737e87b63e3a77a?s=96&d=mm&r=g","caption":"redaktor"},"url":"https:\/\/www.mopskrasnystaw.pl\/?author=3"}]}},"_links":{"self":[{"href":"https:\/\/www.mopskrasnystaw.pl\/index.php?rest_route=\/wp\/v2\/posts\/4373"}],"collection":[{"href":"https:\/\/www.mopskrasnystaw.pl\/index.php?rest_route=\/wp\/v2\/posts"}],"about":[{"href":"https:\/\/www.mopskrasnystaw.pl\/index.php?rest_route=\/wp\/v2\/types\/post"}],"author":[{"embeddable":true,"href":"https:\/\/www.mopskrasnystaw.pl\/index.php?rest_route=\/wp\/v2\/users\/3"}],"replies":[{"embeddable":true,"href":"https:\/\/www.mopskrasnystaw.pl\/index.php?rest_route=%2Fwp%2Fv2%2Fcomments&post=4373"}],"version-history":[{"count":3,"href":"https:\/\/www.mopskrasnystaw.pl\/index.php?rest_route=\/wp\/v2\/posts\/4373\/revisions"}],"predecessor-version":[{"id":4387,"href":"https:\/\/www.mopskrasnystaw.pl\/index.php?rest_route=\/wp\/v2\/posts\/4373\/revisions\/4387"}],"wp:attachment":[{"href":"https:\/\/www.mopskrasnystaw.pl\/index.php?rest_route=%2Fwp%2Fv2%2Fmedia&parent=4373"}],"wp:term":[{"taxonomy":"category","embeddable":true,"href":"https:\/\/www.mopskrasnystaw.pl\/index.php?rest_route=%2Fwp%2Fv2%2Fcategories&post=4373"},{"taxonomy":"post_tag","embeddable":true,"href":"https:\/\/www.mopskrasnystaw.pl\/index.php?rest_route=%2Fwp%2Fv2%2Ftags&post=4373"}],"curies":[{"name":"wp","href":"https:\/\/api.w.org\/{rel}","templated":true}]}}