{"id":4364,"date":"2023-01-18T11:06:31","date_gmt":"2023-01-18T11:06:31","guid":{"rendered":"https:\/\/www.mopskrasnystaw.pl\/?p=4364"},"modified":"2023-01-18T11:08:30","modified_gmt":"2023-01-18T11:08:30","slug":"asystent-osobisty-osoby-niepelnosprawnej-edycja-2023%ef%bf%bc","status":"publish","type":"post","link":"https:\/\/www.mopskrasnystaw.pl\/?p=4364","title":{"rendered":"Asystent Osobisty Osoby Niepe\u0142nosprawnej \u2013 edycja 2023"},"content":{"rendered":"\n<p>W zwiazku z zaakceptowaniem przez Ministra Rodziny i Polityki Spo\u0142ecznej zaktualizowanej listy rekomendowanych wniosk\u00f3w w ramach programu <strong>\u201eAsystent osobisty osoby niepe\u0142nosprawnej\u201d<\/strong> \u2013 edycja 2023 finansowanego z Funduszu Solidarno\u015bciowego \u2013 pa\u0144stwowego funduszu celowego, Miasto Krasnystaw informuje, \u017ce otrzyma\u0142o \u015brodki na realizacj\u0119 Programu \u201eAsystent osobisty osoby niepe\u0142nosprawnej\u201d edycja 2023<br>w wysoko\u015bci:<\/p>\n\n\n\n<!--more-->\n\n\n\n<p>Kwota dofinansowania:&nbsp; <strong>2&nbsp;235 477,00 z\u0142.<\/strong><\/p>\n\n\n\n<p>Ca\u0142kowita warto\u015b\u0107: &nbsp;<strong>2&nbsp;235 477,00 z\u0142.<\/strong><\/p>\n\n\n\n<p>Program trwa <strong>od 01.01.2023 r. do 31.12.2023 r<\/strong>.<\/p>\n\n\n\n<p>G\u0142\u00f3wnym celem Programu jest wprowadzenie us\u0142ug asystenta osobistego osoby niepe\u0142nosprawnej jako formy og\u00f3lnodost\u0119pnego wsparcia<br>dla uczestnik\u00f3w Programu:<\/p>\n\n\n\n<ol type=\"1\"><li>dzieci do 16. roku \u017cycia z orzeczeniem o niepe\u0142nosprawno\u015bci \u0142\u0105cznie ze wskazaniami: konieczno\u015bci sta\u0142ej lub d\u0142ugotrwa\u0142ej opieki<br>lub pomocy innej osoby w zwi\u0105zku ze znacznie ograniczon\u0105 mo\u017cliwo\u015bci\u0105 samodzielnej egzystencji oraz konieczno\u015bci sta\u0142ego wsp\u00f3\u0142udzia\u0142u na co dzie\u0144 opiekuna dziecka w procesie jego leczenia, rehabilitacji i edukacjioraz<\/li><li>osoby niepe\u0142nosprawne posiadaj\u0105ce orzeczenie:<\/li><li>o znacznym stopniu niepe\u0142nosprawno\u015bci albo<\/li><li>o umiarkowanym stopniu niepe\u0142nosprawno\u015bci albo<\/li><li>traktowane na r\u00f3wni z orzeczeniami wymienionymi w lit. a i b, zgodnie z art. 5 i art. 62 ustawy z dnia 27 sierpnia 1997 r.<br>o rehabilitacji zawodowej i spo\u0142ecznej oraz zatrudnianiu os\u00f3b niepe\u0142nosprawnych (Dz. U. z 2021 r. poz. 573, z p\u00f3\u017an. zm.).<\/li><\/ol>\n\n\n\n<p>Program ma tak\u017ce zapewnia\u0107:<\/p>\n\n\n\n<ol type=\"1\"><li>popraw\u0119 jako\u015bci \u017cycia os\u00f3b niepe\u0142noprawnych,<br>w szczeg\u00f3lno\u015bci poprzez umo\u017cliwienie im jak najbardziej niezale\u017cnego \u017cycia;<\/li><li>wsparcie osobom niepe\u0142nosprawnym oraz pomoc adekwatn\u0105 do&nbsp;potrzeb;<\/li><li>uczestnictwo os\u00f3b niepe\u0142nosprawnych w wydarzeniach spo\u0142ecznych, kulturalnych, rozrywkowych lub sportowych itp.;<\/li><li>dofinansowanie jednostek samorz\u0105du terytorialnego<br>w ramach realizowanych zada\u0144 maj\u0105cych na celu wsparcie spo\u0142eczne os\u00f3b niepe\u0142nosprawnych;<\/li><li>zwi\u0119kszenie wsparcia asystenckiego dla niepe\u0142nosprawnych uczni\u00f3w ze specjalnymi potrzebami edukacyjnymi, tak\u017ce<br>w innych wymiarach \u017cycia i funkcjonowania spo\u0142ecznego.<\/li><\/ol>\n\n\n\n<p>W zwi\u0105zku z powy\u017cszym <strong>Miejski O\u015brodek Pomocy Spo\u0142ecznej<br>w Krasnymstawie<\/strong> informuje, \u017ce mo\u017cna zg\u0142asza\u0107 osoby, kt\u00f3re wymagaj\u0105 zapewnienia takiego wsparcia w ramach Programu.<\/p>\n\n\n\n<p>Uczestnik Programu za us\u0142ugi nie ponosi odp\u0142atno\u015bci.<\/p>\n\n\n\n<p>Kart\u0119 zg\u0142oszenia do Programu mo\u017cna sk\u0142ada\u0107 do Miejskiego O\u015brodka Pomocy Spo\u0142ecznej w Krasnymstawie ul. Pi\u0142sudskiego 9<\/p>\n\n\n\n<p>W przypadku wi\u0119kszej liczby os\u00f3b zainteresowanych zostanie ustalona lista rezerwowa.<\/p>\n\n\n\n<p>Szczeg\u00f3\u0142owe informacje dotycz\u0105ce Programu mo\u017cna uzyska\u0107 pod numerem telefonu 82&nbsp;576 23 24 wew. 107<\/p>\n\n\n\n<p>Wi\u0119cej informacji:<br><a href=\"https:\/\/www.gov.pl\/web\/rodzina\/ogloszenie-o-naborze-wnioskow-w-ramach-programu-resortowego-ministra-rodziny-i-polityki-spolecznej-asystent-osobisty-osoby-niepelnosprawnej---edycja-2023\">https:\/\/www.gov.pl\/web\/rodzina\/ogloszenie-o-naborze-wnioskow-w-ramach-programu-resortowego-ministra-rodziny-i-polityki-spolecznej-asystent-osobisty-osoby-niepelnosprawnej&#8212;edycja-2023<\/a><\/p>\n\n\n\n<p><\/p>\n\n\n\n<div class=\"wp-block-file\"><a id=\"wp-block-file--media-907dcbf7-2447-438b-8aa9-6d35a64c71aa\" href=\"https:\/\/www.mopskrasnystaw.pl\/wp-content\/uploads\/2023\/01\/Karta_zgloszenia.docx\">Karta_zg\u0142oszenia<\/a><\/div>\n\n\n\n<div class=\"wp-block-file\"><a id=\"wp-block-file--media-668a8c1d-baa1-42a2-a306-a9152b673359\" href=\"https:\/\/www.mopskrasnystaw.pl\/wp-content\/uploads\/2023\/01\/Klauzula_informacyjna.docx\">Klauzula_informacyjna<\/a><\/div>\n\n\n\n<div class=\"wp-block-file\"><a id=\"wp-block-file--media-fd835be3-6388-4d5a-8efb-e72f74d1a520\" href=\"https:\/\/www.mopskrasnystaw.pl\/wp-content\/uploads\/2023\/01\/Oswiadczenia_2023.docx\">O\u015bwiadczenia_2023<\/a><\/div>\n\n\n\n<div class=\"wp-block-file\"><a id=\"wp-block-file--media-a27be723-ea0a-42ca-ba9e-cb4434dc001e\" href=\"https:\/\/www.mopskrasnystaw.pl\/wp-content\/uploads\/2023\/01\/Zakres_czynnosci.docx\">Zakres_czynno\u015bci<\/a><\/div>\n\n\n\n<div class=\"wp-block-file\"><a id=\"wp-block-file--media-e7359bc7-8d99-4271-b9df-98dc6e27b7f9\" href=\"https:\/\/www.mopskrasnystaw.pl\/wp-content\/uploads\/2023\/01\/PROGRAM_AOON_JST_EDYCJA_2023.docx\">PROGRAM_AOON_JST_EDYCJA_2023<\/a><\/div>\n","protected":false},"excerpt":{"rendered":"<p>W zwiazku z zaakceptowaniem przez Ministra Rodziny i Polityki Spo\u0142ecznej zaktualizowanej listy rekomendowanych wniosk\u00f3w w ramach programu \u201eAsystent osobisty osoby niepe\u0142nosprawnej\u201d \u2013 edycja 2023 finansowanego z Funduszu Solidarno\u015bciowego \u2013 pa\u0144stwowego funduszu celowego, Miasto Krasnystaw informuje, \u017ce otrzyma\u0142o \u015brodki na realizacj\u0119 Programu \u201eAsystent osobisty osoby niepe\u0142nosprawnej\u201d edycja 2023w wysoko\u015bci:<\/p>\n","protected":false},"author":3,"featured_media":0,"comment_status":"closed","ping_status":"open","sticky":false,"template":"","format":"standard","meta":[],"categories":[1],"tags":[],"yoast_head":"<!-- This site is optimized with the Yoast SEO plugin v19.0 - https:\/\/yoast.com\/wordpress\/plugins\/seo\/ -->\n<title>Asystent Osobisty Osoby Niepe\u0142nosprawnej \u2013 edycja 2023 - MOPS Krasnystaw<\/title>\n<meta name=\"robots\" content=\"index, follow, max-snippet:-1, max-image-preview:large, max-video-preview:-1\" \/>\n<link rel=\"canonical\" href=\"https:\/\/www.mopskrasnystaw.pl\/?p=4364\" \/>\n<meta property=\"og:locale\" content=\"pl_PL\" \/>\n<meta property=\"og:type\" content=\"article\" \/>\n<meta property=\"og:title\" content=\"Asystent Osobisty Osoby Niepe\u0142nosprawnej \u2013 edycja 2023 - MOPS Krasnystaw\" \/>\n<meta property=\"og:description\" content=\"W zwiazku z zaakceptowaniem przez Ministra Rodziny i Polityki Spo\u0142ecznej zaktualizowanej listy rekomendowanych wniosk\u00f3w w ramach programu \u201eAsystent osobisty osoby niepe\u0142nosprawnej\u201d \u2013 edycja 2023 finansowanego z Funduszu Solidarno\u015bciowego \u2013 pa\u0144stwowego funduszu celowego, Miasto Krasnystaw informuje, \u017ce otrzyma\u0142o \u015brodki na realizacj\u0119 Programu \u201eAsystent osobisty osoby niepe\u0142nosprawnej\u201d edycja 2023w wysoko\u015bci:\" \/>\n<meta property=\"og:url\" content=\"https:\/\/www.mopskrasnystaw.pl\/?p=4364\" \/>\n<meta property=\"og:site_name\" content=\"MOPS Krasnystaw\" \/>\n<meta property=\"article:published_time\" content=\"2023-01-18T11:06:31+00:00\" \/>\n<meta property=\"article:modified_time\" content=\"2023-01-18T11:08:30+00:00\" \/>\n<meta name=\"twitter:card\" content=\"summary_large_image\" \/>\n<meta name=\"twitter:label1\" content=\"Napisane przez\" \/>\n\t<meta name=\"twitter:data1\" content=\"redaktor\" \/>\n\t<meta name=\"twitter:label2\" content=\"Szacowany czas czytania\" \/>\n\t<meta name=\"twitter:data2\" content=\"3 minuty\" \/>\n<script type=\"application\/ld+json\" class=\"yoast-schema-graph\">{\"@context\":\"https:\/\/schema.org\",\"@graph\":[{\"@type\":\"WebSite\",\"@id\":\"https:\/\/www.mopskrasnystaw.pl\/#website\",\"url\":\"https:\/\/www.mopskrasnystaw.pl\/\",\"name\":\"MOPS Krasnystaw\",\"description\":\"\",\"potentialAction\":[{\"@type\":\"SearchAction\",\"target\":{\"@type\":\"EntryPoint\",\"urlTemplate\":\"https:\/\/www.mopskrasnystaw.pl\/?s={search_term_string}\"},\"query-input\":\"required name=search_term_string\"}],\"inLanguage\":\"pl-PL\"},{\"@type\":\"WebPage\",\"@id\":\"https:\/\/www.mopskrasnystaw.pl\/?p=4364#webpage\",\"url\":\"https:\/\/www.mopskrasnystaw.pl\/?p=4364\",\"name\":\"Asystent Osobisty Osoby Niepe\u0142nosprawnej \u2013 edycja 2023 - MOPS Krasnystaw\",\"isPartOf\":{\"@id\":\"https:\/\/www.mopskrasnystaw.pl\/#website\"},\"datePublished\":\"2023-01-18T11:06:31+00:00\",\"dateModified\":\"2023-01-18T11:08:30+00:00\",\"author\":{\"@id\":\"https:\/\/www.mopskrasnystaw.pl\/#\/schema\/person\/c243255ac797e8203dac0928e5fb7dd7\"},\"breadcrumb\":{\"@id\":\"https:\/\/www.mopskrasnystaw.pl\/?p=4364#breadcrumb\"},\"inLanguage\":\"pl-PL\",\"potentialAction\":[{\"@type\":\"ReadAction\",\"target\":[\"https:\/\/www.mopskrasnystaw.pl\/?p=4364\"]}]},{\"@type\":\"BreadcrumbList\",\"@id\":\"https:\/\/www.mopskrasnystaw.pl\/?p=4364#breadcrumb\",\"itemListElement\":[{\"@type\":\"ListItem\",\"position\":1,\"name\":\"Strona g\u0142\u00f3wna\",\"item\":\"https:\/\/www.mopskrasnystaw.pl\/\"},{\"@type\":\"ListItem\",\"position\":2,\"name\":\"Asystent Osobisty Osoby Niepe\u0142nosprawnej \u2013 edycja 2023\"}]},{\"@type\":\"Person\",\"@id\":\"https:\/\/www.mopskrasnystaw.pl\/#\/schema\/person\/c243255ac797e8203dac0928e5fb7dd7\",\"name\":\"redaktor\",\"image\":{\"@type\":\"ImageObject\",\"inLanguage\":\"pl-PL\",\"@id\":\"https:\/\/www.mopskrasnystaw.pl\/#\/schema\/person\/image\/\",\"url\":\"https:\/\/secure.gravatar.com\/avatar\/6508b8995653ed772737e87b63e3a77a?s=96&d=mm&r=g\",\"contentUrl\":\"https:\/\/secure.gravatar.com\/avatar\/6508b8995653ed772737e87b63e3a77a?s=96&d=mm&r=g\",\"caption\":\"redaktor\"},\"url\":\"https:\/\/www.mopskrasnystaw.pl\/?author=3\"}]}<\/script>\n<!-- \/ Yoast SEO plugin. -->","yoast_head_json":{"title":"Asystent Osobisty Osoby Niepe\u0142nosprawnej \u2013 edycja 2023 - MOPS Krasnystaw","robots":{"index":"index","follow":"follow","max-snippet":"max-snippet:-1","max-image-preview":"max-image-preview:large","max-video-preview":"max-video-preview:-1"},"canonical":"https:\/\/www.mopskrasnystaw.pl\/?p=4364","og_locale":"pl_PL","og_type":"article","og_title":"Asystent Osobisty Osoby Niepe\u0142nosprawnej \u2013 edycja 2023 - MOPS Krasnystaw","og_description":"W zwiazku z zaakceptowaniem przez Ministra Rodziny i Polityki Spo\u0142ecznej zaktualizowanej listy rekomendowanych wniosk\u00f3w w ramach programu \u201eAsystent osobisty osoby niepe\u0142nosprawnej\u201d \u2013 edycja 2023 finansowanego z Funduszu Solidarno\u015bciowego \u2013 pa\u0144stwowego funduszu celowego, Miasto Krasnystaw informuje, \u017ce otrzyma\u0142o \u015brodki na realizacj\u0119 Programu \u201eAsystent osobisty osoby niepe\u0142nosprawnej\u201d edycja 2023w wysoko\u015bci:","og_url":"https:\/\/www.mopskrasnystaw.pl\/?p=4364","og_site_name":"MOPS Krasnystaw","article_published_time":"2023-01-18T11:06:31+00:00","article_modified_time":"2023-01-18T11:08:30+00:00","twitter_card":"summary_large_image","twitter_misc":{"Napisane przez":"redaktor","Szacowany czas czytania":"3 minuty"},"schema":{"@context":"https:\/\/schema.org","@graph":[{"@type":"WebSite","@id":"https:\/\/www.mopskrasnystaw.pl\/#website","url":"https:\/\/www.mopskrasnystaw.pl\/","name":"MOPS Krasnystaw","description":"","potentialAction":[{"@type":"SearchAction","target":{"@type":"EntryPoint","urlTemplate":"https:\/\/www.mopskrasnystaw.pl\/?s={search_term_string}"},"query-input":"required name=search_term_string"}],"inLanguage":"pl-PL"},{"@type":"WebPage","@id":"https:\/\/www.mopskrasnystaw.pl\/?p=4364#webpage","url":"https:\/\/www.mopskrasnystaw.pl\/?p=4364","name":"Asystent Osobisty Osoby Niepe\u0142nosprawnej \u2013 edycja 2023 - MOPS Krasnystaw","isPartOf":{"@id":"https:\/\/www.mopskrasnystaw.pl\/#website"},"datePublished":"2023-01-18T11:06:31+00:00","dateModified":"2023-01-18T11:08:30+00:00","author":{"@id":"https:\/\/www.mopskrasnystaw.pl\/#\/schema\/person\/c243255ac797e8203dac0928e5fb7dd7"},"breadcrumb":{"@id":"https:\/\/www.mopskrasnystaw.pl\/?p=4364#breadcrumb"},"inLanguage":"pl-PL","potentialAction":[{"@type":"ReadAction","target":["https:\/\/www.mopskrasnystaw.pl\/?p=4364"]}]},{"@type":"BreadcrumbList","@id":"https:\/\/www.mopskrasnystaw.pl\/?p=4364#breadcrumb","itemListElement":[{"@type":"ListItem","position":1,"name":"Strona g\u0142\u00f3wna","item":"https:\/\/www.mopskrasnystaw.pl\/"},{"@type":"ListItem","position":2,"name":"Asystent Osobisty Osoby Niepe\u0142nosprawnej \u2013 edycja 2023"}]},{"@type":"Person","@id":"https:\/\/www.mopskrasnystaw.pl\/#\/schema\/person\/c243255ac797e8203dac0928e5fb7dd7","name":"redaktor","image":{"@type":"ImageObject","inLanguage":"pl-PL","@id":"https:\/\/www.mopskrasnystaw.pl\/#\/schema\/person\/image\/","url":"https:\/\/secure.gravatar.com\/avatar\/6508b8995653ed772737e87b63e3a77a?s=96&d=mm&r=g","contentUrl":"https:\/\/secure.gravatar.com\/avatar\/6508b8995653ed772737e87b63e3a77a?s=96&d=mm&r=g","caption":"redaktor"},"url":"https:\/\/www.mopskrasnystaw.pl\/?author=3"}]}},"_links":{"self":[{"href":"https:\/\/www.mopskrasnystaw.pl\/index.php?rest_route=\/wp\/v2\/posts\/4364"}],"collection":[{"href":"https:\/\/www.mopskrasnystaw.pl\/index.php?rest_route=\/wp\/v2\/posts"}],"about":[{"href":"https:\/\/www.mopskrasnystaw.pl\/index.php?rest_route=\/wp\/v2\/types\/post"}],"author":[{"embeddable":true,"href":"https:\/\/www.mopskrasnystaw.pl\/index.php?rest_route=\/wp\/v2\/users\/3"}],"replies":[{"embeddable":true,"href":"https:\/\/www.mopskrasnystaw.pl\/index.php?rest_route=%2Fwp%2Fv2%2Fcomments&post=4364"}],"version-history":[{"count":2,"href":"https:\/\/www.mopskrasnystaw.pl\/index.php?rest_route=\/wp\/v2\/posts\/4364\/revisions"}],"predecessor-version":[{"id":4372,"href":"https:\/\/www.mopskrasnystaw.pl\/index.php?rest_route=\/wp\/v2\/posts\/4364\/revisions\/4372"}],"wp:attachment":[{"href":"https:\/\/www.mopskrasnystaw.pl\/index.php?rest_route=%2Fwp%2Fv2%2Fmedia&parent=4364"}],"wp:term":[{"taxonomy":"category","embeddable":true,"href":"https:\/\/www.mopskrasnystaw.pl\/index.php?rest_route=%2Fwp%2Fv2%2Fcategories&post=4364"},{"taxonomy":"post_tag","embeddable":true,"href":"https:\/\/www.mopskrasnystaw.pl\/index.php?rest_route=%2Fwp%2Fv2%2Ftags&post=4364"}],"curies":[{"name":"wp","href":"https:\/\/api.w.org\/{rel}","templated":true}]}}