{"id":4278,"date":"2022-10-28T11:06:29","date_gmt":"2022-10-28T11:06:29","guid":{"rendered":"https:\/\/www.mopskrasnystaw.pl\/?p=4278"},"modified":"2022-10-28T11:06:31","modified_gmt":"2022-10-28T11:06:31","slug":"diagnoza-potrzeb-w-zwiazku-z-planowanym-przystapieniem-do-realizacji-programu-opieka-wytchnieniowa-edycja-2023","status":"publish","type":"post","link":"https:\/\/www.mopskrasnystaw.pl\/?p=4278","title":{"rendered":"Diagnoza potrzeb w zwi\u0105zku z planowanym przyst\u0105pieniem do realizacji Programu \u201eOpieka wytchnieniowa\u201d \u2013 edycja 2023"},"content":{"rendered":"\n<p>Podstaw\u0105 prawn\u0105 Programu jest art. 7 ust. 5 oraz art. 13 ust. 1 ustawy z dnia<br>23 pa\u017adziernika 2018r. o Funduszu Solidarno\u015bciowym (Dz.U z 2020 r. poz.1787 z p\u00f3\u017an. zm.)<\/p>\n\n\n\n<p>W zwi\u0105zku z og\u0142oszonym przez Ministerstwo Rodziny i Polityki Spo\u0142ecznej Programem\u00a0 \u201eOpieka wytchnieniowa\u201d \u2013 edycja 2023 finansowanym ze \u015brodk\u00f3w Funduszu Solidarno\u015bciowego, Miejski O\u015brodek Pomocy Spo\u0142ecznej w Krasnymstawie przeprowadza rozeznanie w \u015brodowisku Miasta Krasnystaw w\u00a0 sprawie potrzeb realizacji programu \u201e Opieka wytchnieniowa\u201d<\/p>\n\n\n\n<!--more-->\n\n\n\n<p>G\u0142\u00f3wnym celem Programu jest wsparcie cz\u0142onk\u00f3w rodzin lub opiekun\u00f3w sprawuj\u0105cych bezpo\u015bredni\u0105 opiek\u0119 nad:<\/p>\n\n\n\n<p>1.&nbsp;&nbsp;dzie\u0107mi&nbsp;z&nbsp;orzeczeniem&nbsp;o&nbsp;niepe\u0142nosprawno\u015bci,<br>2.&nbsp;&nbsp;Osobami&nbsp;posiadaj\u0105cymi:<br>a)&nbsp;&nbsp; &nbsp;orzeczenie o znacznym stopniu niepe\u0142nosprawno\u015bci (zgodnie z ustaw\u0105 z 27 sierpnia 1997 r. o rehabilitacji zawodowej i spo\u0142ecznej oraz zatrudnianiu os\u00f3b niepe\u0142nosprawnych albo<br>b)&nbsp;&nbsp; &nbsp;orzeczenie traktowane na r\u00f3wni z orzeczeniem o znacznym stopniu niepe\u0142nosprawno\u015bci (zgodnie z art. 5 i art. 62 ww. ustawy z&nbsp;27 sierpnia 1997 r.<br>o rehabilitacji zawodowej i&nbsp;spo\u0142ecznej oraz zatrudnianiu os\u00f3b niepe\u0142nosprawnych)<\/p>\n\n\n\n<p>\u2013 poprzez mo\u017cliwo\u015b\u0107 uzyskania dora\u017anej, czasowej pomocy w formie us\u0142ugi opieki wytchnieniowej.<\/p>\n\n\n\n<p>Niniejsza informacja ma pos\u0142u\u017cy\u0107 do zdiagnozowania potrzeb os\u00f3b niepe\u0142nosprawnych zainteresowanych us\u0142ug\u0105 opieki wytchnieniowej oraz kalkulacji \u015brodk\u00f3w na realizacj\u0119 zadania<br>w roku 2023.<\/p>\n\n\n\n<p>Osoby niepe\u0142nosprawne zainteresowane tego typu wsparciem<br>lub ich opiekunowie\/cz\u0142onkowie rodzin mog\u0105 zg\u0142asza\u0107 swoje zapotrzebowanie na us\u0142ugi opieki wytchnieniowej bezpo\u015brednio do MOPS w Krasnymstawie, ul. Pi\u0142sudskiego 9, 22-300 Krasnystaw \u2013 pok\u00f3j 106, poprzez e-mail: <a href=\"mailto:poczta@mopskrasnystaw.pl\">poczta@mopskrasnystaw.pl<\/a>, nr tel. : 82 576 23 24 wew. 107 w terminie do dnia <strong><u>10 listopada 2022 r.<\/u><\/strong><\/p>\n\n\n\n<p><br><strong>Wszelkie informacje dotycz\u0105ce programu \u201dOpieka wytchnieniowa\u201d- edycja 2023 znajd\u0105 Pa\u0144stwo pod podanym linkiem<\/strong><\/p>\n\n\n\n<p><a href=\"https:\/\/www.gov.pl\/web\/rodzina\/ogloszenie-o-naborze-wnioskow-w-ramach-programu-resortowego-ministra-rodziny-i-polityki-spolecznej-opieka-wytchnieniowa---edycja-2023\">https:\/\/www.gov.pl\/web\/rodzina\/ogloszenie-o-naborze-wnioskow-w-ramach-programu-resortowego-ministra-rodziny-i-polityki-spolecznej-opieka-wytchnieniowa&#8212;edycja-2023<\/a><a href=\"https:\/\/niepelnosprawni.gov.pl\/art,1418,nabor-wnioskow-w-ramach-programu-resortowego-ministra-rodziny-i-polityki-spolecznej-opieka-wytchnieniowa-edycja-2023\">https:\/\/niepelnosprawni.gov.pl\/art,1418,nabor-wnioskow-w-ramach-programu-resortowego-ministra-rodziny-i-polityki-spolecznej-opieka-wytchnieniowa-edycja-2023<\/a><\/p>\n","protected":false},"excerpt":{"rendered":"<p>Podstaw\u0105 prawn\u0105 Programu jest art. 7 ust. 5 oraz art. 13 ust. 1 ustawy z dnia23 pa\u017adziernika 2018r. o Funduszu Solidarno\u015bciowym (Dz.U z 2020 r. poz.1787 z p\u00f3\u017an. zm.) W zwi\u0105zku z og\u0142oszonym przez Ministerstwo Rodziny i Polityki Spo\u0142ecznej Programem\u00a0 \u201eOpieka wytchnieniowa\u201d \u2013 edycja 2023 finansowanym ze \u015brodk\u00f3w Funduszu Solidarno\u015bciowego, Miejski O\u015brodek Pomocy Spo\u0142ecznej w [&hellip;]<\/p>\n","protected":false},"author":3,"featured_media":0,"comment_status":"closed","ping_status":"open","sticky":false,"template":"","format":"standard","meta":[],"categories":[1],"tags":[],"yoast_head":"<!-- This site is optimized with the Yoast SEO plugin v19.0 - https:\/\/yoast.com\/wordpress\/plugins\/seo\/ -->\n<title>Diagnoza potrzeb w zwi\u0105zku z planowanym przyst\u0105pieniem do realizacji Programu \u201eOpieka wytchnieniowa\u201d \u2013 edycja 2023 - MOPS Krasnystaw<\/title>\n<meta name=\"robots\" content=\"index, follow, max-snippet:-1, max-image-preview:large, max-video-preview:-1\" \/>\n<link rel=\"canonical\" href=\"https:\/\/www.mopskrasnystaw.pl\/?p=4278\" \/>\n<meta property=\"og:locale\" content=\"pl_PL\" \/>\n<meta property=\"og:type\" content=\"article\" \/>\n<meta property=\"og:title\" content=\"Diagnoza potrzeb w zwi\u0105zku z planowanym przyst\u0105pieniem do realizacji Programu \u201eOpieka wytchnieniowa\u201d \u2013 edycja 2023 - MOPS Krasnystaw\" \/>\n<meta property=\"og:description\" content=\"Podstaw\u0105 prawn\u0105 Programu jest art. 7 ust. 5 oraz art. 13 ust. 1 ustawy z dnia23 pa\u017adziernika 2018r. o Funduszu Solidarno\u015bciowym (Dz.U z 2020 r. poz.1787 z p\u00f3\u017an. zm.) W zwi\u0105zku z og\u0142oszonym przez Ministerstwo Rodziny i Polityki Spo\u0142ecznej Programem\u00a0 \u201eOpieka wytchnieniowa\u201d \u2013 edycja 2023 finansowanym ze \u015brodk\u00f3w Funduszu Solidarno\u015bciowego, Miejski O\u015brodek Pomocy Spo\u0142ecznej w [&hellip;]\" \/>\n<meta property=\"og:url\" content=\"https:\/\/www.mopskrasnystaw.pl\/?p=4278\" \/>\n<meta property=\"og:site_name\" content=\"MOPS Krasnystaw\" \/>\n<meta property=\"article:published_time\" content=\"2022-10-28T11:06:29+00:00\" \/>\n<meta property=\"article:modified_time\" content=\"2022-10-28T11:06:31+00:00\" \/>\n<meta name=\"twitter:card\" content=\"summary_large_image\" \/>\n<meta name=\"twitter:label1\" content=\"Napisane przez\" \/>\n\t<meta name=\"twitter:data1\" content=\"redaktor\" \/>\n\t<meta name=\"twitter:label2\" content=\"Szacowany czas czytania\" \/>\n\t<meta name=\"twitter:data2\" content=\"2 minuty\" \/>\n<script type=\"application\/ld+json\" class=\"yoast-schema-graph\">{\"@context\":\"https:\/\/schema.org\",\"@graph\":[{\"@type\":\"WebSite\",\"@id\":\"https:\/\/www.mopskrasnystaw.pl\/#website\",\"url\":\"https:\/\/www.mopskrasnystaw.pl\/\",\"name\":\"MOPS Krasnystaw\",\"description\":\"\",\"potentialAction\":[{\"@type\":\"SearchAction\",\"target\":{\"@type\":\"EntryPoint\",\"urlTemplate\":\"https:\/\/www.mopskrasnystaw.pl\/?s={search_term_string}\"},\"query-input\":\"required name=search_term_string\"}],\"inLanguage\":\"pl-PL\"},{\"@type\":\"WebPage\",\"@id\":\"https:\/\/www.mopskrasnystaw.pl\/?p=4278#webpage\",\"url\":\"https:\/\/www.mopskrasnystaw.pl\/?p=4278\",\"name\":\"Diagnoza potrzeb w zwi\u0105zku z planowanym przyst\u0105pieniem do realizacji Programu \u201eOpieka wytchnieniowa\u201d \u2013 edycja 2023 - MOPS Krasnystaw\",\"isPartOf\":{\"@id\":\"https:\/\/www.mopskrasnystaw.pl\/#website\"},\"datePublished\":\"2022-10-28T11:06:29+00:00\",\"dateModified\":\"2022-10-28T11:06:31+00:00\",\"author\":{\"@id\":\"https:\/\/www.mopskrasnystaw.pl\/#\/schema\/person\/c243255ac797e8203dac0928e5fb7dd7\"},\"breadcrumb\":{\"@id\":\"https:\/\/www.mopskrasnystaw.pl\/?p=4278#breadcrumb\"},\"inLanguage\":\"pl-PL\",\"potentialAction\":[{\"@type\":\"ReadAction\",\"target\":[\"https:\/\/www.mopskrasnystaw.pl\/?p=4278\"]}]},{\"@type\":\"BreadcrumbList\",\"@id\":\"https:\/\/www.mopskrasnystaw.pl\/?p=4278#breadcrumb\",\"itemListElement\":[{\"@type\":\"ListItem\",\"position\":1,\"name\":\"Strona g\u0142\u00f3wna\",\"item\":\"https:\/\/www.mopskrasnystaw.pl\/\"},{\"@type\":\"ListItem\",\"position\":2,\"name\":\"Diagnoza potrzeb w zwi\u0105zku z planowanym przyst\u0105pieniem do realizacji Programu \u201eOpieka wytchnieniowa\u201d \u2013 edycja 2023\"}]},{\"@type\":\"Person\",\"@id\":\"https:\/\/www.mopskrasnystaw.pl\/#\/schema\/person\/c243255ac797e8203dac0928e5fb7dd7\",\"name\":\"redaktor\",\"image\":{\"@type\":\"ImageObject\",\"inLanguage\":\"pl-PL\",\"@id\":\"https:\/\/www.mopskrasnystaw.pl\/#\/schema\/person\/image\/\",\"url\":\"https:\/\/secure.gravatar.com\/avatar\/6508b8995653ed772737e87b63e3a77a?s=96&d=mm&r=g\",\"contentUrl\":\"https:\/\/secure.gravatar.com\/avatar\/6508b8995653ed772737e87b63e3a77a?s=96&d=mm&r=g\",\"caption\":\"redaktor\"},\"url\":\"https:\/\/www.mopskrasnystaw.pl\/?author=3\"}]}<\/script>\n<!-- \/ Yoast SEO plugin. -->","yoast_head_json":{"title":"Diagnoza potrzeb w zwi\u0105zku z planowanym przyst\u0105pieniem do realizacji Programu \u201eOpieka wytchnieniowa\u201d \u2013 edycja 2023 - MOPS Krasnystaw","robots":{"index":"index","follow":"follow","max-snippet":"max-snippet:-1","max-image-preview":"max-image-preview:large","max-video-preview":"max-video-preview:-1"},"canonical":"https:\/\/www.mopskrasnystaw.pl\/?p=4278","og_locale":"pl_PL","og_type":"article","og_title":"Diagnoza potrzeb w zwi\u0105zku z planowanym przyst\u0105pieniem do realizacji Programu \u201eOpieka wytchnieniowa\u201d \u2013 edycja 2023 - MOPS Krasnystaw","og_description":"Podstaw\u0105 prawn\u0105 Programu jest art. 7 ust. 5 oraz art. 13 ust. 1 ustawy z dnia23 pa\u017adziernika 2018r. o Funduszu Solidarno\u015bciowym (Dz.U z 2020 r. poz.1787 z p\u00f3\u017an. zm.) W zwi\u0105zku z og\u0142oszonym przez Ministerstwo Rodziny i Polityki Spo\u0142ecznej Programem\u00a0 \u201eOpieka wytchnieniowa\u201d \u2013 edycja 2023 finansowanym ze \u015brodk\u00f3w Funduszu Solidarno\u015bciowego, Miejski O\u015brodek Pomocy Spo\u0142ecznej w [&hellip;]","og_url":"https:\/\/www.mopskrasnystaw.pl\/?p=4278","og_site_name":"MOPS Krasnystaw","article_published_time":"2022-10-28T11:06:29+00:00","article_modified_time":"2022-10-28T11:06:31+00:00","twitter_card":"summary_large_image","twitter_misc":{"Napisane przez":"redaktor","Szacowany czas czytania":"2 minuty"},"schema":{"@context":"https:\/\/schema.org","@graph":[{"@type":"WebSite","@id":"https:\/\/www.mopskrasnystaw.pl\/#website","url":"https:\/\/www.mopskrasnystaw.pl\/","name":"MOPS Krasnystaw","description":"","potentialAction":[{"@type":"SearchAction","target":{"@type":"EntryPoint","urlTemplate":"https:\/\/www.mopskrasnystaw.pl\/?s={search_term_string}"},"query-input":"required name=search_term_string"}],"inLanguage":"pl-PL"},{"@type":"WebPage","@id":"https:\/\/www.mopskrasnystaw.pl\/?p=4278#webpage","url":"https:\/\/www.mopskrasnystaw.pl\/?p=4278","name":"Diagnoza potrzeb w zwi\u0105zku z planowanym przyst\u0105pieniem do realizacji Programu \u201eOpieka wytchnieniowa\u201d \u2013 edycja 2023 - MOPS Krasnystaw","isPartOf":{"@id":"https:\/\/www.mopskrasnystaw.pl\/#website"},"datePublished":"2022-10-28T11:06:29+00:00","dateModified":"2022-10-28T11:06:31+00:00","author":{"@id":"https:\/\/www.mopskrasnystaw.pl\/#\/schema\/person\/c243255ac797e8203dac0928e5fb7dd7"},"breadcrumb":{"@id":"https:\/\/www.mopskrasnystaw.pl\/?p=4278#breadcrumb"},"inLanguage":"pl-PL","potentialAction":[{"@type":"ReadAction","target":["https:\/\/www.mopskrasnystaw.pl\/?p=4278"]}]},{"@type":"BreadcrumbList","@id":"https:\/\/www.mopskrasnystaw.pl\/?p=4278#breadcrumb","itemListElement":[{"@type":"ListItem","position":1,"name":"Strona g\u0142\u00f3wna","item":"https:\/\/www.mopskrasnystaw.pl\/"},{"@type":"ListItem","position":2,"name":"Diagnoza potrzeb w zwi\u0105zku z planowanym przyst\u0105pieniem do realizacji Programu \u201eOpieka wytchnieniowa\u201d \u2013 edycja 2023"}]},{"@type":"Person","@id":"https:\/\/www.mopskrasnystaw.pl\/#\/schema\/person\/c243255ac797e8203dac0928e5fb7dd7","name":"redaktor","image":{"@type":"ImageObject","inLanguage":"pl-PL","@id":"https:\/\/www.mopskrasnystaw.pl\/#\/schema\/person\/image\/","url":"https:\/\/secure.gravatar.com\/avatar\/6508b8995653ed772737e87b63e3a77a?s=96&d=mm&r=g","contentUrl":"https:\/\/secure.gravatar.com\/avatar\/6508b8995653ed772737e87b63e3a77a?s=96&d=mm&r=g","caption":"redaktor"},"url":"https:\/\/www.mopskrasnystaw.pl\/?author=3"}]}},"_links":{"self":[{"href":"https:\/\/www.mopskrasnystaw.pl\/index.php?rest_route=\/wp\/v2\/posts\/4278"}],"collection":[{"href":"https:\/\/www.mopskrasnystaw.pl\/index.php?rest_route=\/wp\/v2\/posts"}],"about":[{"href":"https:\/\/www.mopskrasnystaw.pl\/index.php?rest_route=\/wp\/v2\/types\/post"}],"author":[{"embeddable":true,"href":"https:\/\/www.mopskrasnystaw.pl\/index.php?rest_route=\/wp\/v2\/users\/3"}],"replies":[{"embeddable":true,"href":"https:\/\/www.mopskrasnystaw.pl\/index.php?rest_route=%2Fwp%2Fv2%2Fcomments&post=4278"}],"version-history":[{"count":1,"href":"https:\/\/www.mopskrasnystaw.pl\/index.php?rest_route=\/wp\/v2\/posts\/4278\/revisions"}],"predecessor-version":[{"id":4279,"href":"https:\/\/www.mopskrasnystaw.pl\/index.php?rest_route=\/wp\/v2\/posts\/4278\/revisions\/4279"}],"wp:attachment":[{"href":"https:\/\/www.mopskrasnystaw.pl\/index.php?rest_route=%2Fwp%2Fv2%2Fmedia&parent=4278"}],"wp:term":[{"taxonomy":"category","embeddable":true,"href":"https:\/\/www.mopskrasnystaw.pl\/index.php?rest_route=%2Fwp%2Fv2%2Fcategories&post=4278"},{"taxonomy":"post_tag","embeddable":true,"href":"https:\/\/www.mopskrasnystaw.pl\/index.php?rest_route=%2Fwp%2Fv2%2Ftags&post=4278"}],"curies":[{"name":"wp","href":"https:\/\/api.w.org\/{rel}","templated":true}]}}