{"id":4276,"date":"2022-10-28T11:05:32","date_gmt":"2022-10-28T11:05:32","guid":{"rendered":"https:\/\/www.mopskrasnystaw.pl\/?p=4276"},"modified":"2022-10-28T11:05:34","modified_gmt":"2022-10-28T11:05:34","slug":"ogloszenie-o-naborze-na-srodki-w-ramach-programu-opieka-wytchnieniowa-edycja-2023","status":"publish","type":"post","link":"https:\/\/www.mopskrasnystaw.pl\/?p=4276","title":{"rendered":"Og\u0142oszenie o naborze na \u015brodki w ramach Programu \u201eOpieka wytchnieniowa\u201d \u2013 edycja 2023"},"content":{"rendered":"\n<p>Rozpocz\u0105\u0142 si\u0119 nab\u00f3r wniosk\u00f3w w ramach programu resortowego Ministra Rodziny<br>i Polityki Spo\u0142ecznej pn. \u201eOpieka wytchnieniowa\u201d \u2013 edycja 2023<\/p>\n\n\n\n<p>Szczeg\u00f3\u0142owe informacje o Programie dost\u0119pne s\u0105 na stronie:<\/p>\n\n\n\n<!--more-->\n\n\n\n<ol type=\"1\"><li>Ministerstwa Rodziny i Polityki Spo\u0142ecznej na stronie: <a href=\"https:\/\/www.gov.pl\/web\/rodzina\/ogloszenie-o-naborze-wnioskow-w-ramach-programu-resortowego-ministra-rodziny-i-polityki-spolecznej-opieka-wytchnieniowa---edycja-2023\">https:\/\/www.gov.pl\/web\/rodzina\/ogloszenie-o-naborze-wnioskow-w-ramach-programu-resortowego-ministra-rodziny-i-polityki-spolecznej-opieka-wytchnieniowa&#8212;edycja-2023<\/a><\/li><li>Biura Pe\u0142nomocnika Rz\u0105du ds. Os\u00f3b Niepe\u0142nosprawnych na stronie: <a href=\"https:\/\/niepelnosprawni.gov.pl\/a,1417,nabor-wnioskow-w-ramach-programu-resortowego-ministra-rodziny-i-polityki-spolecznej-pn-asystent-osobisty-osoby-niepelnosprawnej-edycja-2023\">https:\/\/niepelnosprawni.gov.pl\/art,1418,nabor-wnioskow-w-ramach-programu-resortowego-ministra-rodziny-i-polityki-spolecznej-opieka-wytchnieniowa-edycja-2023<\/a><\/li><\/ol>\n","protected":false},"excerpt":{"rendered":"<p>Rozpocz\u0105\u0142 si\u0119 nab\u00f3r wniosk\u00f3w w ramach programu resortowego Ministra Rodzinyi Polityki Spo\u0142ecznej pn. \u201eOpieka wytchnieniowa\u201d \u2013 edycja 2023 Szczeg\u00f3\u0142owe informacje o Programie dost\u0119pne s\u0105 na stronie:<\/p>\n","protected":false},"author":3,"featured_media":0,"comment_status":"closed","ping_status":"open","sticky":false,"template":"","format":"standard","meta":[],"categories":[1],"tags":[],"yoast_head":"<!-- This site is optimized with the Yoast SEO plugin v19.0 - https:\/\/yoast.com\/wordpress\/plugins\/seo\/ -->\n<title>Og\u0142oszenie o naborze na \u015brodki w ramach Programu \u201eOpieka wytchnieniowa\u201d \u2013 edycja 2023 - MOPS Krasnystaw<\/title>\n<meta name=\"robots\" content=\"index, follow, max-snippet:-1, max-image-preview:large, max-video-preview:-1\" \/>\n<link rel=\"canonical\" href=\"https:\/\/www.mopskrasnystaw.pl\/?p=4276\" \/>\n<meta property=\"og:locale\" content=\"pl_PL\" \/>\n<meta property=\"og:type\" content=\"article\" \/>\n<meta property=\"og:title\" content=\"Og\u0142oszenie o naborze na \u015brodki w ramach Programu \u201eOpieka wytchnieniowa\u201d \u2013 edycja 2023 - MOPS Krasnystaw\" \/>\n<meta property=\"og:description\" content=\"Rozpocz\u0105\u0142 si\u0119 nab\u00f3r wniosk\u00f3w w ramach programu resortowego Ministra Rodzinyi Polityki Spo\u0142ecznej pn. \u201eOpieka wytchnieniowa\u201d \u2013 edycja 2023 Szczeg\u00f3\u0142owe informacje o Programie dost\u0119pne s\u0105 na stronie:\" \/>\n<meta property=\"og:url\" content=\"https:\/\/www.mopskrasnystaw.pl\/?p=4276\" \/>\n<meta property=\"og:site_name\" content=\"MOPS Krasnystaw\" \/>\n<meta property=\"article:published_time\" content=\"2022-10-28T11:05:32+00:00\" \/>\n<meta property=\"article:modified_time\" content=\"2022-10-28T11:05:34+00:00\" \/>\n<meta name=\"twitter:card\" content=\"summary_large_image\" \/>\n<meta name=\"twitter:label1\" content=\"Napisane przez\" \/>\n\t<meta name=\"twitter:data1\" content=\"redaktor\" \/>\n\t<meta name=\"twitter:label2\" content=\"Szacowany czas czytania\" \/>\n\t<meta name=\"twitter:data2\" content=\"1 minuta\" \/>\n<script type=\"application\/ld+json\" class=\"yoast-schema-graph\">{\"@context\":\"https:\/\/schema.org\",\"@graph\":[{\"@type\":\"WebSite\",\"@id\":\"https:\/\/www.mopskrasnystaw.pl\/#website\",\"url\":\"https:\/\/www.mopskrasnystaw.pl\/\",\"name\":\"MOPS Krasnystaw\",\"description\":\"\",\"potentialAction\":[{\"@type\":\"SearchAction\",\"target\":{\"@type\":\"EntryPoint\",\"urlTemplate\":\"https:\/\/www.mopskrasnystaw.pl\/?s={search_term_string}\"},\"query-input\":\"required name=search_term_string\"}],\"inLanguage\":\"pl-PL\"},{\"@type\":\"WebPage\",\"@id\":\"https:\/\/www.mopskrasnystaw.pl\/?p=4276#webpage\",\"url\":\"https:\/\/www.mopskrasnystaw.pl\/?p=4276\",\"name\":\"Og\u0142oszenie o naborze na \u015brodki w ramach Programu \u201eOpieka wytchnieniowa\u201d \u2013 edycja 2023 - MOPS Krasnystaw\",\"isPartOf\":{\"@id\":\"https:\/\/www.mopskrasnystaw.pl\/#website\"},\"datePublished\":\"2022-10-28T11:05:32+00:00\",\"dateModified\":\"2022-10-28T11:05:34+00:00\",\"author\":{\"@id\":\"https:\/\/www.mopskrasnystaw.pl\/#\/schema\/person\/c243255ac797e8203dac0928e5fb7dd7\"},\"breadcrumb\":{\"@id\":\"https:\/\/www.mopskrasnystaw.pl\/?p=4276#breadcrumb\"},\"inLanguage\":\"pl-PL\",\"potentialAction\":[{\"@type\":\"ReadAction\",\"target\":[\"https:\/\/www.mopskrasnystaw.pl\/?p=4276\"]}]},{\"@type\":\"BreadcrumbList\",\"@id\":\"https:\/\/www.mopskrasnystaw.pl\/?p=4276#breadcrumb\",\"itemListElement\":[{\"@type\":\"ListItem\",\"position\":1,\"name\":\"Strona g\u0142\u00f3wna\",\"item\":\"https:\/\/www.mopskrasnystaw.pl\/\"},{\"@type\":\"ListItem\",\"position\":2,\"name\":\"Og\u0142oszenie o naborze na \u015brodki w ramach Programu \u201eOpieka wytchnieniowa\u201d \u2013 edycja 2023\"}]},{\"@type\":\"Person\",\"@id\":\"https:\/\/www.mopskrasnystaw.pl\/#\/schema\/person\/c243255ac797e8203dac0928e5fb7dd7\",\"name\":\"redaktor\",\"image\":{\"@type\":\"ImageObject\",\"inLanguage\":\"pl-PL\",\"@id\":\"https:\/\/www.mopskrasnystaw.pl\/#\/schema\/person\/image\/\",\"url\":\"https:\/\/secure.gravatar.com\/avatar\/6508b8995653ed772737e87b63e3a77a?s=96&d=mm&r=g\",\"contentUrl\":\"https:\/\/secure.gravatar.com\/avatar\/6508b8995653ed772737e87b63e3a77a?s=96&d=mm&r=g\",\"caption\":\"redaktor\"},\"url\":\"https:\/\/www.mopskrasnystaw.pl\/?author=3\"}]}<\/script>\n<!-- \/ Yoast SEO plugin. -->","yoast_head_json":{"title":"Og\u0142oszenie o naborze na \u015brodki w ramach Programu \u201eOpieka wytchnieniowa\u201d \u2013 edycja 2023 - MOPS Krasnystaw","robots":{"index":"index","follow":"follow","max-snippet":"max-snippet:-1","max-image-preview":"max-image-preview:large","max-video-preview":"max-video-preview:-1"},"canonical":"https:\/\/www.mopskrasnystaw.pl\/?p=4276","og_locale":"pl_PL","og_type":"article","og_title":"Og\u0142oszenie o naborze na \u015brodki w ramach Programu \u201eOpieka wytchnieniowa\u201d \u2013 edycja 2023 - MOPS Krasnystaw","og_description":"Rozpocz\u0105\u0142 si\u0119 nab\u00f3r wniosk\u00f3w w ramach programu resortowego Ministra Rodzinyi Polityki Spo\u0142ecznej pn. \u201eOpieka wytchnieniowa\u201d \u2013 edycja 2023 Szczeg\u00f3\u0142owe informacje o Programie dost\u0119pne s\u0105 na stronie:","og_url":"https:\/\/www.mopskrasnystaw.pl\/?p=4276","og_site_name":"MOPS Krasnystaw","article_published_time":"2022-10-28T11:05:32+00:00","article_modified_time":"2022-10-28T11:05:34+00:00","twitter_card":"summary_large_image","twitter_misc":{"Napisane przez":"redaktor","Szacowany czas czytania":"1 minuta"},"schema":{"@context":"https:\/\/schema.org","@graph":[{"@type":"WebSite","@id":"https:\/\/www.mopskrasnystaw.pl\/#website","url":"https:\/\/www.mopskrasnystaw.pl\/","name":"MOPS Krasnystaw","description":"","potentialAction":[{"@type":"SearchAction","target":{"@type":"EntryPoint","urlTemplate":"https:\/\/www.mopskrasnystaw.pl\/?s={search_term_string}"},"query-input":"required name=search_term_string"}],"inLanguage":"pl-PL"},{"@type":"WebPage","@id":"https:\/\/www.mopskrasnystaw.pl\/?p=4276#webpage","url":"https:\/\/www.mopskrasnystaw.pl\/?p=4276","name":"Og\u0142oszenie o naborze na \u015brodki w ramach Programu \u201eOpieka wytchnieniowa\u201d \u2013 edycja 2023 - MOPS Krasnystaw","isPartOf":{"@id":"https:\/\/www.mopskrasnystaw.pl\/#website"},"datePublished":"2022-10-28T11:05:32+00:00","dateModified":"2022-10-28T11:05:34+00:00","author":{"@id":"https:\/\/www.mopskrasnystaw.pl\/#\/schema\/person\/c243255ac797e8203dac0928e5fb7dd7"},"breadcrumb":{"@id":"https:\/\/www.mopskrasnystaw.pl\/?p=4276#breadcrumb"},"inLanguage":"pl-PL","potentialAction":[{"@type":"ReadAction","target":["https:\/\/www.mopskrasnystaw.pl\/?p=4276"]}]},{"@type":"BreadcrumbList","@id":"https:\/\/www.mopskrasnystaw.pl\/?p=4276#breadcrumb","itemListElement":[{"@type":"ListItem","position":1,"name":"Strona g\u0142\u00f3wna","item":"https:\/\/www.mopskrasnystaw.pl\/"},{"@type":"ListItem","position":2,"name":"Og\u0142oszenie o naborze na \u015brodki w ramach Programu \u201eOpieka wytchnieniowa\u201d \u2013 edycja 2023"}]},{"@type":"Person","@id":"https:\/\/www.mopskrasnystaw.pl\/#\/schema\/person\/c243255ac797e8203dac0928e5fb7dd7","name":"redaktor","image":{"@type":"ImageObject","inLanguage":"pl-PL","@id":"https:\/\/www.mopskrasnystaw.pl\/#\/schema\/person\/image\/","url":"https:\/\/secure.gravatar.com\/avatar\/6508b8995653ed772737e87b63e3a77a?s=96&d=mm&r=g","contentUrl":"https:\/\/secure.gravatar.com\/avatar\/6508b8995653ed772737e87b63e3a77a?s=96&d=mm&r=g","caption":"redaktor"},"url":"https:\/\/www.mopskrasnystaw.pl\/?author=3"}]}},"_links":{"self":[{"href":"https:\/\/www.mopskrasnystaw.pl\/index.php?rest_route=\/wp\/v2\/posts\/4276"}],"collection":[{"href":"https:\/\/www.mopskrasnystaw.pl\/index.php?rest_route=\/wp\/v2\/posts"}],"about":[{"href":"https:\/\/www.mopskrasnystaw.pl\/index.php?rest_route=\/wp\/v2\/types\/post"}],"author":[{"embeddable":true,"href":"https:\/\/www.mopskrasnystaw.pl\/index.php?rest_route=\/wp\/v2\/users\/3"}],"replies":[{"embeddable":true,"href":"https:\/\/www.mopskrasnystaw.pl\/index.php?rest_route=%2Fwp%2Fv2%2Fcomments&post=4276"}],"version-history":[{"count":1,"href":"https:\/\/www.mopskrasnystaw.pl\/index.php?rest_route=\/wp\/v2\/posts\/4276\/revisions"}],"predecessor-version":[{"id":4277,"href":"https:\/\/www.mopskrasnystaw.pl\/index.php?rest_route=\/wp\/v2\/posts\/4276\/revisions\/4277"}],"wp:attachment":[{"href":"https:\/\/www.mopskrasnystaw.pl\/index.php?rest_route=%2Fwp%2Fv2%2Fmedia&parent=4276"}],"wp:term":[{"taxonomy":"category","embeddable":true,"href":"https:\/\/www.mopskrasnystaw.pl\/index.php?rest_route=%2Fwp%2Fv2%2Fcategories&post=4276"},{"taxonomy":"post_tag","embeddable":true,"href":"https:\/\/www.mopskrasnystaw.pl\/index.php?rest_route=%2Fwp%2Fv2%2Ftags&post=4276"}],"curies":[{"name":"wp","href":"https:\/\/api.w.org\/{rel}","templated":true}]}}