{"id":4158,"date":"2022-07-29T09:01:38","date_gmt":"2022-07-29T09:01:38","guid":{"rendered":"https:\/\/www.mopskrasnystaw.pl\/?p=4158"},"modified":"2022-08-10T09:34:28","modified_gmt":"2022-08-10T09:34:28","slug":"rekrutacja-do-projektu-2","status":"publish","type":"post","link":"https:\/\/www.mopskrasnystaw.pl\/?p=4158","title":{"rendered":"REKRUTACJA DO PROJEKTU"},"content":{"rendered":"\n<p><strong>Miejski O\u015brodek Pomocy Spo\u0142ecznej w Krasnymstawie&nbsp; zaprasza&nbsp; do uczestnictwa&nbsp;w ramach&nbsp; III&nbsp; edycji Indywidualnego Programu Zatrudnienia w Centrum Integracji Spo\u0142ecznej w Krasnymstawie <\/strong>realizowanego w ramach projektu: \u201eCIS Krasnystaw \u2013 Akcja- Reintegracja!\u201d, wsp\u00f3\u0142finansowanego ze \u015brodk\u00f3w Europejskiego Funduszu Spo\u0142ecznego w ramach Regionalnego Programu Operacyjnego Wojew\u00f3dztwa Lubelskiego na lata 2014-2020, O\u015b 11 W\u0142\u0105czenie spo\u0142eczne, Dzia\u0142anie 11.1 Aktywne w\u0142\u0105czenie.<\/p>\n\n\n\n<!--more-->\n\n\n\n<p>Uczestnikami &nbsp;programu mog\u0105 by\u0107 <strong>kobiety i m\u0119\u017cczy\u017ani &nbsp;<\/strong>zamieszkuj\u0105cy na terenie miasta <strong>Krasnystaw, pozostaj\u0105cy bez zatrudnienia, zagro\u017ceni ub\u00f3stwem lub wykluczeniem spo\u0142ecznym<\/strong>, w tym:<\/p>\n\n\n\n<ol type=\"a\"><li>osoby korzystaj\u0105ce ze \u015bwiadcze\u0144 z pomocy spo\u0142ecznej lub kwalifikuj\u0105ce si\u0119 do obj\u0119cia wsparciem pomocy spo\u0142ecznej,<\/li><li>osoby bezrobotne,<\/li><li>osoby z niepe\u0142nosprawno\u015bciami,<\/li><li>osoby o niskich kwalifikacjach,<\/li><li>osoby korzystaj\u0105ce z Programu Operacyjnego Pomoc \u017bywno\u015bciowa 2014 \u2013 2020.<\/li><\/ol>\n\n\n\n<p>Udzia\u0142 w <strong>Indywidualnego Programu Zatrudnienia CIS<\/strong> umo\u017cliwia dost\u0119p do bezp\u0142atnego uczestnictwa&nbsp; w nast\u0119puj\u0105cych formach wsparcia:<\/p>\n\n\n\n<p><strong><u>Reintegracji spo\u0142ecznej tj. instrument\u00f3w aktywizacji spo\u0142ecznej \u2013 2 godziny miesi\u0119cznie:<\/u><\/strong><\/p>\n\n\n\n<ol type=\"a\"><li>Doradztwo zawodowe,<\/li><li>Psychoedukacja,Warsztaty umiej\u0119tno\u015bci spo\u0142ecznych<\/li><li>&nbsp;Doradztwo terapeutyczne,<\/li><li>Zaj\u0119cia integracyjne\/kulturalne<\/li><\/ol>\n\n\n\n<p><strong><u>Reintegracji zawodowej tj. instrument\u00f3w aktywizacji zawodowej \u2013 do 6 godzin dziennie s\u0142u\u017c\u0105cej przyuczeniu do wykonywaniu pracy w grupach tematycznych:<\/u><\/strong><\/p>\n\n\n\n<ol type=\"a\"><li>Robotnik oczyszczania miasta<\/li><li>Technolog robot wyko\u0144czeniowych<\/li><li>Opiekunka os\u00f3b starszych i dzieci\u0119ca<\/li><\/ol>\n\n\n\n<p>dodatkowo zapewniamy:<\/p>\n\n\n\n<p>&#8211; ubezpieczenie od nast\u0119pstw nieszcz\u0119\u015bliwych wypadk\u00f3w, ubezpieczenie zdrowotne<\/p>\n\n\n\n<p>&#8211; \u015bwiadczenie aktywizacyjne w wysoko\u015bci zasi\u0142ku dla bezrobotnych,<\/p>\n\n\n\n<p>&#8211; ciep\u0142y posi\u0142ek .<\/p>\n\n\n\n<p>Okres realizacji programu <strong>wrzesie\u0144 2022 \u2013 wrzesie\u0144 2023<\/strong><\/p>\n\n\n\n<p>Regulamin rekrutacji oraz Formularz&nbsp; zg\u0142oszeniowy do udzia\u0142u w projekcie dost\u0119pne s\u0105 poni\u017cej lub na stronie internetowej www.mopskrasnystaw.pl&nbsp; w zak\u0142adce \u201eCis Krasnystaw \u2013 Akcja \u2013 Reintegracja!\u201c lub:<\/p>\n\n\n\n<ul><li>w Biurze projektu pok. 102 ,<\/li><li>u pracownik\u00f3w socjalnych O\u015brodka,<\/li><\/ul>\n\n\n\n<p>w godzinach od 7:30 do 15:30.<\/p>\n\n\n\n<p>Formularze zg\u0142oszeniowe&nbsp; przyjmujemy:<\/p>\n\n\n\n<ul><li>osobi\u015bcie <strong>w siedzibie O\u015brodka<\/strong>,<\/li><li>za po\u015brednictwem poczty na adres O\u015brodka <strong>22-300 Krasnystaw ul. Pi\u0142sudskiego 9<\/strong><\/li><\/ul>\n\n\n\n<p>&nbsp;do <strong>dnia &nbsp;9 wrze\u015bnia 2022 r.<\/strong> W przypadku trudno\u015bci w wype\u0142nianiu dokumentacji rekrutacyjnej s\u0142u\u017cymy pomoc\u0105: kierownik projektu pok. 102 tel. 82&nbsp;576 23 24 wew. 102 , rejonowi pracownicy socjalni, kierownik sekcji pomocy \u015brodowiskowej, kadra Centrum Integracji Spo\u0142ecznej&nbsp;w Krasnymstawie<\/p>\n\n\n\n<div class=\"wp-block-file\"><a id=\"wp-block-file--media-61954886-fbae-42fc-877e-93ae192da969\" href=\"https:\/\/www.mopskrasnystaw.pl\/wp-content\/uploads\/2022\/07\/US-7-do-uzupelnienia-druk2.pdf\">US 7 do uzupe\u0142nienia<\/a><\/div>\n\n\n\n<div class=\"wp-block-file\"><a id=\"wp-block-file--media-198b2bd1-f04a-40aa-a4de-a306552db074\" href=\"https:\/\/www.mopskrasnystaw.pl\/wp-content\/uploads\/2022\/07\/Zal.-1-Formularz.docx\">Zal.-1-Formularz<\/a><\/div>\n\n\n\n<div class=\"wp-block-file\"><a id=\"wp-block-file--media-9628ed76-0565-4a93-b6cf-abce77a713a5\" href=\"https:\/\/www.mopskrasnystaw.pl\/wp-content\/uploads\/2022\/07\/Zal.-2-Ankieta-motywacyjna.docx\">Zal.-2-Ankieta-motywacyjna<\/a><\/div>\n\n\n\n<div class=\"wp-block-file\"><a id=\"wp-block-file--media-61385bf1-85bf-4c17-95f4-c28f4e3592d1\" href=\"https:\/\/www.mopskrasnystaw.pl\/wp-content\/uploads\/2022\/07\/Zal.-3-Oswiadczenie-UP.docx\">Zal.-3-Oswiadczenie-UP<\/a><\/div>\n","protected":false},"excerpt":{"rendered":"<p>Miejski O\u015brodek Pomocy Spo\u0142ecznej w Krasnymstawie&nbsp; zaprasza&nbsp; do uczestnictwa&nbsp;w ramach&nbsp; III&nbsp; edycji Indywidualnego Programu Zatrudnienia w Centrum Integracji Spo\u0142ecznej w Krasnymstawie realizowanego w ramach projektu: \u201eCIS Krasnystaw \u2013 Akcja- Reintegracja!\u201d, wsp\u00f3\u0142finansowanego ze \u015brodk\u00f3w Europejskiego Funduszu Spo\u0142ecznego w ramach Regionalnego Programu Operacyjnego Wojew\u00f3dztwa Lubelskiego na lata 2014-2020, O\u015b 11 W\u0142\u0105czenie spo\u0142eczne, Dzia\u0142anie 11.1 Aktywne w\u0142\u0105czenie.<\/p>\n","protected":false},"author":3,"featured_media":0,"comment_status":"closed","ping_status":"open","sticky":false,"template":"","format":"standard","meta":[],"categories":[1],"tags":[],"yoast_head":"<!-- This site is optimized with the Yoast SEO plugin v19.0 - https:\/\/yoast.com\/wordpress\/plugins\/seo\/ -->\n<title>REKRUTACJA DO PROJEKTU - MOPS Krasnystaw<\/title>\n<meta name=\"robots\" content=\"index, follow, max-snippet:-1, max-image-preview:large, max-video-preview:-1\" \/>\n<link rel=\"canonical\" href=\"https:\/\/www.mopskrasnystaw.pl\/?p=4158\" \/>\n<meta property=\"og:locale\" content=\"pl_PL\" \/>\n<meta property=\"og:type\" content=\"article\" \/>\n<meta property=\"og:title\" content=\"REKRUTACJA DO PROJEKTU - MOPS Krasnystaw\" \/>\n<meta property=\"og:description\" content=\"Miejski O\u015brodek Pomocy Spo\u0142ecznej w Krasnymstawie&nbsp; zaprasza&nbsp; do uczestnictwa&nbsp;w ramach&nbsp; III&nbsp; edycji Indywidualnego Programu Zatrudnienia w Centrum Integracji Spo\u0142ecznej w Krasnymstawie realizowanego w ramach projektu: \u201eCIS Krasnystaw \u2013 Akcja- Reintegracja!\u201d, wsp\u00f3\u0142finansowanego ze \u015brodk\u00f3w Europejskiego Funduszu Spo\u0142ecznego w ramach Regionalnego Programu Operacyjnego Wojew\u00f3dztwa Lubelskiego na lata 2014-2020, O\u015b 11 W\u0142\u0105czenie spo\u0142eczne, Dzia\u0142anie 11.1 Aktywne w\u0142\u0105czenie.\" \/>\n<meta property=\"og:url\" content=\"https:\/\/www.mopskrasnystaw.pl\/?p=4158\" \/>\n<meta property=\"og:site_name\" content=\"MOPS Krasnystaw\" \/>\n<meta property=\"article:published_time\" content=\"2022-07-29T09:01:38+00:00\" \/>\n<meta property=\"article:modified_time\" content=\"2022-08-10T09:34:28+00:00\" \/>\n<meta name=\"twitter:card\" content=\"summary_large_image\" \/>\n<meta name=\"twitter:label1\" content=\"Napisane przez\" \/>\n\t<meta name=\"twitter:data1\" content=\"redaktor\" \/>\n\t<meta name=\"twitter:label2\" content=\"Szacowany czas czytania\" \/>\n\t<meta name=\"twitter:data2\" content=\"2 minuty\" \/>\n<script type=\"application\/ld+json\" class=\"yoast-schema-graph\">{\"@context\":\"https:\/\/schema.org\",\"@graph\":[{\"@type\":\"WebSite\",\"@id\":\"https:\/\/www.mopskrasnystaw.pl\/#website\",\"url\":\"https:\/\/www.mopskrasnystaw.pl\/\",\"name\":\"MOPS Krasnystaw\",\"description\":\"\",\"potentialAction\":[{\"@type\":\"SearchAction\",\"target\":{\"@type\":\"EntryPoint\",\"urlTemplate\":\"https:\/\/www.mopskrasnystaw.pl\/?s={search_term_string}\"},\"query-input\":\"required name=search_term_string\"}],\"inLanguage\":\"pl-PL\"},{\"@type\":\"WebPage\",\"@id\":\"https:\/\/www.mopskrasnystaw.pl\/?p=4158#webpage\",\"url\":\"https:\/\/www.mopskrasnystaw.pl\/?p=4158\",\"name\":\"REKRUTACJA DO PROJEKTU - MOPS Krasnystaw\",\"isPartOf\":{\"@id\":\"https:\/\/www.mopskrasnystaw.pl\/#website\"},\"datePublished\":\"2022-07-29T09:01:38+00:00\",\"dateModified\":\"2022-08-10T09:34:28+00:00\",\"author\":{\"@id\":\"https:\/\/www.mopskrasnystaw.pl\/#\/schema\/person\/c243255ac797e8203dac0928e5fb7dd7\"},\"breadcrumb\":{\"@id\":\"https:\/\/www.mopskrasnystaw.pl\/?p=4158#breadcrumb\"},\"inLanguage\":\"pl-PL\",\"potentialAction\":[{\"@type\":\"ReadAction\",\"target\":[\"https:\/\/www.mopskrasnystaw.pl\/?p=4158\"]}]},{\"@type\":\"BreadcrumbList\",\"@id\":\"https:\/\/www.mopskrasnystaw.pl\/?p=4158#breadcrumb\",\"itemListElement\":[{\"@type\":\"ListItem\",\"position\":1,\"name\":\"Strona g\u0142\u00f3wna\",\"item\":\"https:\/\/www.mopskrasnystaw.pl\/\"},{\"@type\":\"ListItem\",\"position\":2,\"name\":\"REKRUTACJA DO PROJEKTU\"}]},{\"@type\":\"Person\",\"@id\":\"https:\/\/www.mopskrasnystaw.pl\/#\/schema\/person\/c243255ac797e8203dac0928e5fb7dd7\",\"name\":\"redaktor\",\"image\":{\"@type\":\"ImageObject\",\"inLanguage\":\"pl-PL\",\"@id\":\"https:\/\/www.mopskrasnystaw.pl\/#\/schema\/person\/image\/\",\"url\":\"https:\/\/secure.gravatar.com\/avatar\/6508b8995653ed772737e87b63e3a77a?s=96&d=mm&r=g\",\"contentUrl\":\"https:\/\/secure.gravatar.com\/avatar\/6508b8995653ed772737e87b63e3a77a?s=96&d=mm&r=g\",\"caption\":\"redaktor\"},\"url\":\"https:\/\/www.mopskrasnystaw.pl\/?author=3\"}]}<\/script>\n<!-- \/ Yoast SEO plugin. -->","yoast_head_json":{"title":"REKRUTACJA DO PROJEKTU - MOPS Krasnystaw","robots":{"index":"index","follow":"follow","max-snippet":"max-snippet:-1","max-image-preview":"max-image-preview:large","max-video-preview":"max-video-preview:-1"},"canonical":"https:\/\/www.mopskrasnystaw.pl\/?p=4158","og_locale":"pl_PL","og_type":"article","og_title":"REKRUTACJA DO PROJEKTU - MOPS Krasnystaw","og_description":"Miejski O\u015brodek Pomocy Spo\u0142ecznej w Krasnymstawie&nbsp; zaprasza&nbsp; do uczestnictwa&nbsp;w ramach&nbsp; III&nbsp; edycji Indywidualnego Programu Zatrudnienia w Centrum Integracji Spo\u0142ecznej w Krasnymstawie realizowanego w ramach projektu: \u201eCIS Krasnystaw \u2013 Akcja- Reintegracja!\u201d, wsp\u00f3\u0142finansowanego ze \u015brodk\u00f3w Europejskiego Funduszu Spo\u0142ecznego w ramach Regionalnego Programu Operacyjnego Wojew\u00f3dztwa Lubelskiego na lata 2014-2020, O\u015b 11 W\u0142\u0105czenie spo\u0142eczne, Dzia\u0142anie 11.1 Aktywne w\u0142\u0105czenie.","og_url":"https:\/\/www.mopskrasnystaw.pl\/?p=4158","og_site_name":"MOPS Krasnystaw","article_published_time":"2022-07-29T09:01:38+00:00","article_modified_time":"2022-08-10T09:34:28+00:00","twitter_card":"summary_large_image","twitter_misc":{"Napisane przez":"redaktor","Szacowany czas czytania":"2 minuty"},"schema":{"@context":"https:\/\/schema.org","@graph":[{"@type":"WebSite","@id":"https:\/\/www.mopskrasnystaw.pl\/#website","url":"https:\/\/www.mopskrasnystaw.pl\/","name":"MOPS Krasnystaw","description":"","potentialAction":[{"@type":"SearchAction","target":{"@type":"EntryPoint","urlTemplate":"https:\/\/www.mopskrasnystaw.pl\/?s={search_term_string}"},"query-input":"required name=search_term_string"}],"inLanguage":"pl-PL"},{"@type":"WebPage","@id":"https:\/\/www.mopskrasnystaw.pl\/?p=4158#webpage","url":"https:\/\/www.mopskrasnystaw.pl\/?p=4158","name":"REKRUTACJA DO PROJEKTU - MOPS Krasnystaw","isPartOf":{"@id":"https:\/\/www.mopskrasnystaw.pl\/#website"},"datePublished":"2022-07-29T09:01:38+00:00","dateModified":"2022-08-10T09:34:28+00:00","author":{"@id":"https:\/\/www.mopskrasnystaw.pl\/#\/schema\/person\/c243255ac797e8203dac0928e5fb7dd7"},"breadcrumb":{"@id":"https:\/\/www.mopskrasnystaw.pl\/?p=4158#breadcrumb"},"inLanguage":"pl-PL","potentialAction":[{"@type":"ReadAction","target":["https:\/\/www.mopskrasnystaw.pl\/?p=4158"]}]},{"@type":"BreadcrumbList","@id":"https:\/\/www.mopskrasnystaw.pl\/?p=4158#breadcrumb","itemListElement":[{"@type":"ListItem","position":1,"name":"Strona g\u0142\u00f3wna","item":"https:\/\/www.mopskrasnystaw.pl\/"},{"@type":"ListItem","position":2,"name":"REKRUTACJA DO PROJEKTU"}]},{"@type":"Person","@id":"https:\/\/www.mopskrasnystaw.pl\/#\/schema\/person\/c243255ac797e8203dac0928e5fb7dd7","name":"redaktor","image":{"@type":"ImageObject","inLanguage":"pl-PL","@id":"https:\/\/www.mopskrasnystaw.pl\/#\/schema\/person\/image\/","url":"https:\/\/secure.gravatar.com\/avatar\/6508b8995653ed772737e87b63e3a77a?s=96&d=mm&r=g","contentUrl":"https:\/\/secure.gravatar.com\/avatar\/6508b8995653ed772737e87b63e3a77a?s=96&d=mm&r=g","caption":"redaktor"},"url":"https:\/\/www.mopskrasnystaw.pl\/?author=3"}]}},"_links":{"self":[{"href":"https:\/\/www.mopskrasnystaw.pl\/index.php?rest_route=\/wp\/v2\/posts\/4158"}],"collection":[{"href":"https:\/\/www.mopskrasnystaw.pl\/index.php?rest_route=\/wp\/v2\/posts"}],"about":[{"href":"https:\/\/www.mopskrasnystaw.pl\/index.php?rest_route=\/wp\/v2\/types\/post"}],"author":[{"embeddable":true,"href":"https:\/\/www.mopskrasnystaw.pl\/index.php?rest_route=\/wp\/v2\/users\/3"}],"replies":[{"embeddable":true,"href":"https:\/\/www.mopskrasnystaw.pl\/index.php?rest_route=%2Fwp%2Fv2%2Fcomments&post=4158"}],"version-history":[{"count":3,"href":"https:\/\/www.mopskrasnystaw.pl\/index.php?rest_route=\/wp\/v2\/posts\/4158\/revisions"}],"predecessor-version":[{"id":4202,"href":"https:\/\/www.mopskrasnystaw.pl\/index.php?rest_route=\/wp\/v2\/posts\/4158\/revisions\/4202"}],"wp:attachment":[{"href":"https:\/\/www.mopskrasnystaw.pl\/index.php?rest_route=%2Fwp%2Fv2%2Fmedia&parent=4158"}],"wp:term":[{"taxonomy":"category","embeddable":true,"href":"https:\/\/www.mopskrasnystaw.pl\/index.php?rest_route=%2Fwp%2Fv2%2Fcategories&post=4158"},{"taxonomy":"post_tag","embeddable":true,"href":"https:\/\/www.mopskrasnystaw.pl\/index.php?rest_route=%2Fwp%2Fv2%2Ftags&post=4158"}],"curies":[{"name":"wp","href":"https:\/\/api.w.org\/{rel}","templated":true}]}}