{"id":3325,"date":"2022-02-18T09:10:08","date_gmt":"2022-02-18T09:10:08","guid":{"rendered":"https:\/\/www.mopskrasnystaw.pl\/?p=3325"},"modified":"2022-02-18T09:10:08","modified_gmt":"2022-02-18T09:10:08","slug":"rekrutacja-do-iii-edycji-projektu-pt-cis-krasnystaw-horyzont-zmian-horyzont-perspektyw","status":"publish","type":"post","link":"https:\/\/www.mopskrasnystaw.pl\/?p=3325","title":{"rendered":"Rekrutacja do III edycji projektu pt. &#8222;CIS Krasnystaw &#8211; horyzont zmian &#8211; horyzont perspektyw&#8221;"},"content":{"rendered":"\n<p><strong>Nab\u00f3r prowadzony jest od 01.02.2022 do 25.02.2022 r.<\/strong><\/p>\n\n\n\n<p><strong>Celem projektu jest <\/strong>zahamowanie rozwoju negatywnych zjawisk spo\u0142ecznych, uzale\u017cnienia od pomocy spo\u0142ecznej i dziedziczenia ub\u00f3stwa, poprawa dost\u0119pu do rynku pracy os\u00f3b grup wykluczonych lub zagro\u017conych ub\u00f3stwem lub wykluczeniem spo\u0142ecznym, zamieszkuj\u0105cych na obszarze obj\u0119tym rewitalizacj\u0105 w Mie\u015bcie Krasnystaw poprzez Program Aktywizacji Lokalnej oraz reintegracj\u0119 spo\u0142eczn\u0105 i zawodow\u0105.<\/p>\n\n\n\n<p><strong>DLA KOGO?<\/strong><\/p>\n\n\n\n<p>Grup\u0119 docelow\u0105 stanowi\u0105 osoby wykluczone spo\u0142ecznie ( w tym dotkni\u0119te ub\u00f3stwem ) lub zagro\u017cone ub\u00f3stwem lub wykluczeniem spo\u0142ecznym w tym:<\/p>\n\n\n\n<p>&#8211; osoby z niepe\u0142nosprawno\u015bciami &#8211; w tym zaburzone psychicznie<\/p>\n\n\n\n<p>&#8211; o niskich kwalifikacjach<\/p>\n\n\n\n<p>&#8211; osoby bierne zawodowo<\/p>\n\n\n\n<p>&#8211; osoby bezrobotne<\/p>\n\n\n\n<p>&#8211; zagro\u017cone wykluczeniem ze wzgl\u0119du na przes\u0142anki inne ni\u017c bezrobocie, wobec kt\u00f3rych zastosowane wy\u0142\u0105cznie instrument\u00f3w i us\u0142ug rynku pracy jest niewystarczaj\u0105ce, osoby pe\u0142noletnie zamieszkuj\u0105ce na obszarze obj\u0119tym dzia\u0142aniami rewitalizacji. Korzystaj\u0105ce z POP\u017b i pomocy spo\u0142ecznej.<\/p>\n\n\n\n<p><strong>JAK ZOSTA\u0106 UCZESTNIKIEM?<\/strong><\/p>\n\n\n\n<p>Formularz zg\u0142oszeniowy <a href=\"http:\/\/www.cis.krasnystaw.pl\/index.php\/pl\/dla-uczestnika\/do-pobrania-menu\">do pobrania<\/a> na stronie internetowej CIS lub w siedzibie Centrum przy ul. Sikorskiego 10,<br>w godzinach: 7:30 \u2013 15:30, Urz\u0119dzie Miasta &#8211; Biuro Obs\u0142ugi Mieszka\u0144c\u00f3w, Powiatowym Urz\u0119dzie Pracy i Miejskim O\u015brodku Pomocy Spo\u0142ecznej.<\/p>\n\n\n\n<p><strong>GRUPY W RAMACH PROJEKTU<\/strong><\/p>\n\n\n\n<p>Drukarz cyfrowy, wiza\u017cysta\/stylista, stolarz meblowy<\/p>\n\n\n\n<div class=\"wp-block-image\"><figure class=\"aligncenter size-full\"><img loading=\"lazy\" width=\"1821\" height=\"2560\" src=\"https:\/\/www.mopskrasnystaw.pl\/wp-content\/uploads\/2022\/02\/plakat-nabor-horyzont-zmian-2022-3-edycja-1-scaled-1.jpg\" alt=\"\" class=\"wp-image-3326\" srcset=\"https:\/\/www.mopskrasnystaw.pl\/wp-content\/uploads\/2022\/02\/plakat-nabor-horyzont-zmian-2022-3-edycja-1-scaled-1.jpg 1821w, https:\/\/www.mopskrasnystaw.pl\/wp-content\/uploads\/2022\/02\/plakat-nabor-horyzont-zmian-2022-3-edycja-1-scaled-1-213x300.jpg 213w, https:\/\/www.mopskrasnystaw.pl\/wp-content\/uploads\/2022\/02\/plakat-nabor-horyzont-zmian-2022-3-edycja-1-scaled-1-728x1024.jpg 728w, https:\/\/www.mopskrasnystaw.pl\/wp-content\/uploads\/2022\/02\/plakat-nabor-horyzont-zmian-2022-3-edycja-1-scaled-1-768x1080.jpg 768w, https:\/\/www.mopskrasnystaw.pl\/wp-content\/uploads\/2022\/02\/plakat-nabor-horyzont-zmian-2022-3-edycja-1-scaled-1-1093x1536.jpg 1093w, https:\/\/www.mopskrasnystaw.pl\/wp-content\/uploads\/2022\/02\/plakat-nabor-horyzont-zmian-2022-3-edycja-1-scaled-1-1457x2048.jpg 1457w\" sizes=\"(max-width: 1821px) 100vw, 1821px\" \/><\/figure><\/div>\n","protected":false},"excerpt":{"rendered":"<p>Nab\u00f3r prowadzony jest od 01.02.2022 do 25.02.2022 r. Celem projektu jest zahamowanie rozwoju negatywnych zjawisk spo\u0142ecznych, uzale\u017cnienia od pomocy spo\u0142ecznej i dziedziczenia ub\u00f3stwa, poprawa dost\u0119pu do rynku pracy os\u00f3b grup wykluczonych lub zagro\u017conych ub\u00f3stwem lub wykluczeniem spo\u0142ecznym, zamieszkuj\u0105cych na obszarze obj\u0119tym rewitalizacj\u0105 w Mie\u015bcie Krasnystaw poprzez Program Aktywizacji Lokalnej oraz reintegracj\u0119 spo\u0142eczn\u0105 i zawodow\u0105. DLA [&hellip;]<\/p>\n","protected":false},"author":3,"featured_media":0,"comment_status":"open","ping_status":"open","sticky":false,"template":"","format":"standard","meta":[],"categories":[10],"tags":[],"yoast_head":"<!-- This site is optimized with the Yoast SEO plugin v19.0 - https:\/\/yoast.com\/wordpress\/plugins\/seo\/ -->\n<title>Rekrutacja do III edycji projektu pt. &quot;CIS Krasnystaw - horyzont zmian - horyzont perspektyw&quot; - MOPS Krasnystaw<\/title>\n<meta name=\"robots\" content=\"index, follow, max-snippet:-1, max-image-preview:large, max-video-preview:-1\" \/>\n<link rel=\"canonical\" href=\"https:\/\/www.mopskrasnystaw.pl\/?p=3325\" \/>\n<meta property=\"og:locale\" content=\"pl_PL\" \/>\n<meta property=\"og:type\" content=\"article\" \/>\n<meta property=\"og:title\" content=\"Rekrutacja do III edycji projektu pt. &quot;CIS Krasnystaw - horyzont zmian - horyzont perspektyw&quot; - MOPS Krasnystaw\" \/>\n<meta property=\"og:description\" content=\"Nab\u00f3r prowadzony jest od 01.02.2022 do 25.02.2022 r. Celem projektu jest zahamowanie rozwoju negatywnych zjawisk spo\u0142ecznych, uzale\u017cnienia od pomocy spo\u0142ecznej i dziedziczenia ub\u00f3stwa, poprawa dost\u0119pu do rynku pracy os\u00f3b grup wykluczonych lub zagro\u017conych ub\u00f3stwem lub wykluczeniem spo\u0142ecznym, zamieszkuj\u0105cych na obszarze obj\u0119tym rewitalizacj\u0105 w Mie\u015bcie Krasnystaw poprzez Program Aktywizacji Lokalnej oraz reintegracj\u0119 spo\u0142eczn\u0105 i zawodow\u0105. DLA [&hellip;]\" \/>\n<meta property=\"og:url\" content=\"https:\/\/www.mopskrasnystaw.pl\/?p=3325\" \/>\n<meta property=\"og:site_name\" content=\"MOPS Krasnystaw\" \/>\n<meta property=\"article:published_time\" content=\"2022-02-18T09:10:08+00:00\" \/>\n<meta property=\"og:image\" content=\"https:\/\/www.mopskrasnystaw.pl\/wp-content\/uploads\/2022\/02\/plakat-nabor-horyzont-zmian-2022-3-edycja-1-scaled-1.jpg\" \/>\n<meta name=\"twitter:card\" content=\"summary_large_image\" \/>\n<meta name=\"twitter:label1\" content=\"Napisane przez\" \/>\n\t<meta name=\"twitter:data1\" content=\"redaktor\" \/>\n\t<meta name=\"twitter:label2\" content=\"Szacowany czas czytania\" \/>\n\t<meta name=\"twitter:data2\" content=\"1 minuta\" \/>\n<script type=\"application\/ld+json\" class=\"yoast-schema-graph\">{\"@context\":\"https:\/\/schema.org\",\"@graph\":[{\"@type\":\"WebSite\",\"@id\":\"https:\/\/www.mopskrasnystaw.pl\/#website\",\"url\":\"https:\/\/www.mopskrasnystaw.pl\/\",\"name\":\"MOPS Krasnystaw\",\"description\":\"\",\"potentialAction\":[{\"@type\":\"SearchAction\",\"target\":{\"@type\":\"EntryPoint\",\"urlTemplate\":\"https:\/\/www.mopskrasnystaw.pl\/?s={search_term_string}\"},\"query-input\":\"required name=search_term_string\"}],\"inLanguage\":\"pl-PL\"},{\"@type\":\"ImageObject\",\"inLanguage\":\"pl-PL\",\"@id\":\"https:\/\/www.mopskrasnystaw.pl\/?p=3325#primaryimage\",\"url\":\"https:\/\/www.mopskrasnystaw.pl\/wp-content\/uploads\/2022\/02\/plakat-nabor-horyzont-zmian-2022-3-edycja-1-scaled-1.jpg\",\"contentUrl\":\"https:\/\/www.mopskrasnystaw.pl\/wp-content\/uploads\/2022\/02\/plakat-nabor-horyzont-zmian-2022-3-edycja-1-scaled-1.jpg\",\"width\":1821,\"height\":2560},{\"@type\":\"WebPage\",\"@id\":\"https:\/\/www.mopskrasnystaw.pl\/?p=3325#webpage\",\"url\":\"https:\/\/www.mopskrasnystaw.pl\/?p=3325\",\"name\":\"Rekrutacja do III edycji projektu pt. \\\"CIS Krasnystaw - horyzont zmian - horyzont perspektyw\\\" - MOPS Krasnystaw\",\"isPartOf\":{\"@id\":\"https:\/\/www.mopskrasnystaw.pl\/#website\"},\"primaryImageOfPage\":{\"@id\":\"https:\/\/www.mopskrasnystaw.pl\/?p=3325#primaryimage\"},\"datePublished\":\"2022-02-18T09:10:08+00:00\",\"dateModified\":\"2022-02-18T09:10:08+00:00\",\"author\":{\"@id\":\"https:\/\/www.mopskrasnystaw.pl\/#\/schema\/person\/c243255ac797e8203dac0928e5fb7dd7\"},\"breadcrumb\":{\"@id\":\"https:\/\/www.mopskrasnystaw.pl\/?p=3325#breadcrumb\"},\"inLanguage\":\"pl-PL\",\"potentialAction\":[{\"@type\":\"ReadAction\",\"target\":[\"https:\/\/www.mopskrasnystaw.pl\/?p=3325\"]}]},{\"@type\":\"BreadcrumbList\",\"@id\":\"https:\/\/www.mopskrasnystaw.pl\/?p=3325#breadcrumb\",\"itemListElement\":[{\"@type\":\"ListItem\",\"position\":1,\"name\":\"Strona g\u0142\u00f3wna\",\"item\":\"https:\/\/www.mopskrasnystaw.pl\/\"},{\"@type\":\"ListItem\",\"position\":2,\"name\":\"Rekrutacja do III edycji projektu pt. &#8222;CIS Krasnystaw &#8211; horyzont zmian &#8211; horyzont perspektyw&#8221;\"}]},{\"@type\":\"Person\",\"@id\":\"https:\/\/www.mopskrasnystaw.pl\/#\/schema\/person\/c243255ac797e8203dac0928e5fb7dd7\",\"name\":\"redaktor\",\"image\":{\"@type\":\"ImageObject\",\"inLanguage\":\"pl-PL\",\"@id\":\"https:\/\/www.mopskrasnystaw.pl\/#\/schema\/person\/image\/\",\"url\":\"https:\/\/secure.gravatar.com\/avatar\/6508b8995653ed772737e87b63e3a77a?s=96&d=mm&r=g\",\"contentUrl\":\"https:\/\/secure.gravatar.com\/avatar\/6508b8995653ed772737e87b63e3a77a?s=96&d=mm&r=g\",\"caption\":\"redaktor\"},\"url\":\"https:\/\/www.mopskrasnystaw.pl\/?author=3\"}]}<\/script>\n<!-- \/ Yoast SEO plugin. -->","yoast_head_json":{"title":"Rekrutacja do III edycji projektu pt. \"CIS Krasnystaw - horyzont zmian - horyzont perspektyw\" - MOPS Krasnystaw","robots":{"index":"index","follow":"follow","max-snippet":"max-snippet:-1","max-image-preview":"max-image-preview:large","max-video-preview":"max-video-preview:-1"},"canonical":"https:\/\/www.mopskrasnystaw.pl\/?p=3325","og_locale":"pl_PL","og_type":"article","og_title":"Rekrutacja do III edycji projektu pt. \"CIS Krasnystaw - horyzont zmian - horyzont perspektyw\" - MOPS Krasnystaw","og_description":"Nab\u00f3r prowadzony jest od 01.02.2022 do 25.02.2022 r. Celem projektu jest zahamowanie rozwoju negatywnych zjawisk spo\u0142ecznych, uzale\u017cnienia od pomocy spo\u0142ecznej i dziedziczenia ub\u00f3stwa, poprawa dost\u0119pu do rynku pracy os\u00f3b grup wykluczonych lub zagro\u017conych ub\u00f3stwem lub wykluczeniem spo\u0142ecznym, zamieszkuj\u0105cych na obszarze obj\u0119tym rewitalizacj\u0105 w Mie\u015bcie Krasnystaw poprzez Program Aktywizacji Lokalnej oraz reintegracj\u0119 spo\u0142eczn\u0105 i zawodow\u0105. DLA [&hellip;]","og_url":"https:\/\/www.mopskrasnystaw.pl\/?p=3325","og_site_name":"MOPS Krasnystaw","article_published_time":"2022-02-18T09:10:08+00:00","og_image":[{"url":"https:\/\/www.mopskrasnystaw.pl\/wp-content\/uploads\/2022\/02\/plakat-nabor-horyzont-zmian-2022-3-edycja-1-scaled-1.jpg"}],"twitter_card":"summary_large_image","twitter_misc":{"Napisane przez":"redaktor","Szacowany czas czytania":"1 minuta"},"schema":{"@context":"https:\/\/schema.org","@graph":[{"@type":"WebSite","@id":"https:\/\/www.mopskrasnystaw.pl\/#website","url":"https:\/\/www.mopskrasnystaw.pl\/","name":"MOPS Krasnystaw","description":"","potentialAction":[{"@type":"SearchAction","target":{"@type":"EntryPoint","urlTemplate":"https:\/\/www.mopskrasnystaw.pl\/?s={search_term_string}"},"query-input":"required name=search_term_string"}],"inLanguage":"pl-PL"},{"@type":"ImageObject","inLanguage":"pl-PL","@id":"https:\/\/www.mopskrasnystaw.pl\/?p=3325#primaryimage","url":"https:\/\/www.mopskrasnystaw.pl\/wp-content\/uploads\/2022\/02\/plakat-nabor-horyzont-zmian-2022-3-edycja-1-scaled-1.jpg","contentUrl":"https:\/\/www.mopskrasnystaw.pl\/wp-content\/uploads\/2022\/02\/plakat-nabor-horyzont-zmian-2022-3-edycja-1-scaled-1.jpg","width":1821,"height":2560},{"@type":"WebPage","@id":"https:\/\/www.mopskrasnystaw.pl\/?p=3325#webpage","url":"https:\/\/www.mopskrasnystaw.pl\/?p=3325","name":"Rekrutacja do III edycji projektu pt. \"CIS Krasnystaw - horyzont zmian - horyzont perspektyw\" - MOPS Krasnystaw","isPartOf":{"@id":"https:\/\/www.mopskrasnystaw.pl\/#website"},"primaryImageOfPage":{"@id":"https:\/\/www.mopskrasnystaw.pl\/?p=3325#primaryimage"},"datePublished":"2022-02-18T09:10:08+00:00","dateModified":"2022-02-18T09:10:08+00:00","author":{"@id":"https:\/\/www.mopskrasnystaw.pl\/#\/schema\/person\/c243255ac797e8203dac0928e5fb7dd7"},"breadcrumb":{"@id":"https:\/\/www.mopskrasnystaw.pl\/?p=3325#breadcrumb"},"inLanguage":"pl-PL","potentialAction":[{"@type":"ReadAction","target":["https:\/\/www.mopskrasnystaw.pl\/?p=3325"]}]},{"@type":"BreadcrumbList","@id":"https:\/\/www.mopskrasnystaw.pl\/?p=3325#breadcrumb","itemListElement":[{"@type":"ListItem","position":1,"name":"Strona g\u0142\u00f3wna","item":"https:\/\/www.mopskrasnystaw.pl\/"},{"@type":"ListItem","position":2,"name":"Rekrutacja do III edycji projektu pt. &#8222;CIS Krasnystaw &#8211; horyzont zmian &#8211; horyzont perspektyw&#8221;"}]},{"@type":"Person","@id":"https:\/\/www.mopskrasnystaw.pl\/#\/schema\/person\/c243255ac797e8203dac0928e5fb7dd7","name":"redaktor","image":{"@type":"ImageObject","inLanguage":"pl-PL","@id":"https:\/\/www.mopskrasnystaw.pl\/#\/schema\/person\/image\/","url":"https:\/\/secure.gravatar.com\/avatar\/6508b8995653ed772737e87b63e3a77a?s=96&d=mm&r=g","contentUrl":"https:\/\/secure.gravatar.com\/avatar\/6508b8995653ed772737e87b63e3a77a?s=96&d=mm&r=g","caption":"redaktor"},"url":"https:\/\/www.mopskrasnystaw.pl\/?author=3"}]}},"_links":{"self":[{"href":"https:\/\/www.mopskrasnystaw.pl\/index.php?rest_route=\/wp\/v2\/posts\/3325"}],"collection":[{"href":"https:\/\/www.mopskrasnystaw.pl\/index.php?rest_route=\/wp\/v2\/posts"}],"about":[{"href":"https:\/\/www.mopskrasnystaw.pl\/index.php?rest_route=\/wp\/v2\/types\/post"}],"author":[{"embeddable":true,"href":"https:\/\/www.mopskrasnystaw.pl\/index.php?rest_route=\/wp\/v2\/users\/3"}],"replies":[{"embeddable":true,"href":"https:\/\/www.mopskrasnystaw.pl\/index.php?rest_route=%2Fwp%2Fv2%2Fcomments&post=3325"}],"version-history":[{"count":0,"href":"https:\/\/www.mopskrasnystaw.pl\/index.php?rest_route=\/wp\/v2\/posts\/3325\/revisions"}],"wp:attachment":[{"href":"https:\/\/www.mopskrasnystaw.pl\/index.php?rest_route=%2Fwp%2Fv2%2Fmedia&parent=3325"}],"wp:term":[{"taxonomy":"category","embeddable":true,"href":"https:\/\/www.mopskrasnystaw.pl\/index.php?rest_route=%2Fwp%2Fv2%2Fcategories&post=3325"},{"taxonomy":"post_tag","embeddable":true,"href":"https:\/\/www.mopskrasnystaw.pl\/index.php?rest_route=%2Fwp%2Fv2%2Ftags&post=3325"}],"curies":[{"name":"wp","href":"https:\/\/api.w.org\/{rel}","templated":true}]}}