{"id":3146,"date":"2021-11-19T08:22:17","date_gmt":"2021-11-19T08:22:17","guid":{"rendered":"http:\/\/www.mopskrasnystaw.pl\/?p=3146"},"modified":"2021-11-19T08:22:17","modified_gmt":"2021-11-19T08:22:17","slug":"program-operacyjny-pomoc-zywnosciowa-2014-2020-wspolfinansowany-z-europejskiego-funduszu-pomocy-najbardziej-potrzebujacym-podprogram-2021","status":"publish","type":"post","link":"https:\/\/www.mopskrasnystaw.pl\/?p=3146","title":{"rendered":"Program Operacyjny Pomoc \u017bywno\u015bciowa 2014-2020 wsp\u00f3\u0142finansowany z Europejskiego Funduszu Pomocy Najbardziej Potrzebuj\u0105cym  Podprogram 2021."},"content":{"rendered":"\n<p>Informujemy, \u017ce przyjmujemy zg\u0142oszenia os\u00f3b ch\u0119tnych do korzystania ze wsparcia\u00a0w formie pomocy \u017cywno\u015bciowej w ramach realizacji Programu Operacyjnego Pomoc \u017bywno\u015bciowa 2014-2020 wsp\u00f3\u0142finansowanego z Europejskiego Funduszu Pomocy Najbardziej Potrzebuj\u0105cym w Podprogramie 2021.<\/p>\n\n\n\n<p>Pomoc\u0105 \u017cywno\u015bciow\u0105 w ramach PO P\u017b mog\u0105 by\u0107 obj\u0119te osoby i rodziny znajduj\u0105ce si\u0119 w trudnej sytuacji \u017cyciowej spe\u0142niaj\u0105ce kryteria okre\u015blone w art. 7 ustawy z dnia 12 marca 2004r. o pomocy spo\u0142ecznej (Dz. U. z 2020r. poz. 1876 i 2369 z p\u00f3\u017an. zm. ), w szczeg\u00f3lno\u015bci z powodu:<\/p>\n\n\n\n<p>&#8211; bezdomno\u015bci<\/p>\n\n\n\n<p>&#8211; niepe\u0142nosprawno\u015bci<\/p>\n\n\n\n<p>&#8211; migranci, osoby obcego pochodzenia, mniejszo\u015bci narodowe ( w tym spo\u0142eczno\u015bci marginalne, takie jak Romowie)<\/p>\n\n\n\n<p>&#8211; pozosta\u0142e grupy odbiorc\u00f3w spe\u0142niaj\u0105ce kryteria okre\u015blone w ustawie<\/p>\n\n\n\n<p>&nbsp;Oraz osoby i rodziny, &nbsp;kt\u00f3rych doch\u00f3d nie przekracza&nbsp; 220% kryterium dochodowego uprawniaj\u0105cego do skorzystania z pomocy spo\u0142ecznej<a href=\"#_ftn1\">[1]<\/a>, tj. 1542,20 z\u0142 dla osoby samotnie gospodaruj\u0105cej i 1161,60 z\u0142 dla osoby&nbsp; w rodzinie.<\/p>\n\n\n\n<p><strong>Obja\u015bnienie:<\/strong><\/p>\n\n\n\n<p>Na doch\u00f3d okre\u015blony w przepisach ustawy o pomocy spo\u0142ecznej sk\u0142adaj\u0105 si\u0119 przychody wszystkich cz\u0142onk\u00f3w rodziny, bez wzgl\u0119du na tytu\u0142 i \u017ar\u00f3d\u0142o ich uzyskania, uzyskane w miesi\u0105cu poprzedzaj\u0105cym miesi\u0105c z\u0142o\u017cenia wniosku, a\u00a0w przypadku utraty w tym miesi\u0105cu dochodu \u2013 z miesi\u0105ca, w\u00a0kt\u00f3rym wniosek zosta\u0142 z\u0142o\u017cony.<\/p>\n\n\n\n<p><strong>Do dochodu <u>wlicza si\u0119 m.in.<\/u><\/strong><\/p>\n\n\n\n<p>&#8211; wynagrodzenie z tytu\u0142u umowy o prac\u0119, umowy zlecenia i o dzie\u0142o,<\/p>\n\n\n\n<p>&nbsp;Za doch\u00f3d netto uwa\u017ca si\u0119 sum\u0119 miesi\u0119cznych przychod\u00f3w pomniejszon\u0105 o:<\/p>\n\n\n\n<p> &#8211; miesi\u0119czne obci\u0105\u017cenie podatkiem dochodowym od os\u00f3b fizycznych;<\/p>\n\n\n\n<p> &#8211; sk\u0142adki na ubezpieczenie zdrowotne okre\u015blone w przepisach o \u015bwiadczeniach opieki zdrowotnej finansowanych ze \u015brodk\u00f3w publicznych oraz ubezpieczenia spo\u0142eczne okre\u015blone w odr\u0119bnych przepisach;<\/p>\n\n\n\n<p>&#8211; kwot\u0119 aliment\u00f3w \u015bwiadczonych na rzecz innych os\u00f3b.<\/p>\n\n\n\n<p>&#8211; wynagrodzenie za prac\u0119 dorywcz\u0105,<\/p>\n\n\n\n<p>&#8211; \u015bwiadczenia rodzinne i piel\u0119gnacyjne, z wy\u0142\u0105czeniem \u015bwiadcze\u0144 jednorazowych,<\/p>\n\n\n\n<p>&#8211; renty,<\/p>\n\n\n\n<p>&#8211; emerytury,<\/p>\n\n\n\n<p>&#8211; alimenty,<\/p>\n\n\n\n<p>&#8211; odliczane (przez pracodawc\u0119) od wynagrodze\u0144 obci\u0105\u017cenia komornicze z tytu\u0142u post\u0119powa\u0144 administracyjnych, sp\u0142ata rat po\u017cyczki czy ubezpieczenia,<\/p>\n\n\n\n<p>&#8211; zasi\u0142ki dla bezrobotnych,<\/p>\n\n\n\n<p>&#8211; dochody z pozarolniczej dzia\u0142alno\u015bci gospodarczej,<\/p>\n\n\n\n<p>&#8211; dochody z&nbsp;gospodarstwa rolnego,<\/p>\n\n\n\n<p>&#8211; \u015bwiadczenia z pomocy spo\u0142ecznej (zasi\u0142ki sta\u0142e i okresowe),<\/p>\n\n\n\n<p>&#8211; dochody z&nbsp;maj\u0105tku rodziny (czynsze najmu i dzier\u017cawy),<\/p>\n\n\n\n<p>&#8211; dodatek mieszkaniowy,<\/p>\n\n\n\n<p>&#8211; dodatek energetyczny.<\/p>\n\n\n\n<p><strong>Do dochodu <u>nie wlicza si\u0119:&nbsp;<\/u><\/strong><\/p>\n\n\n\n<p><strong>&#8211;&nbsp; <\/strong>\u015bwiadczenie wychowawczego, o kt\u00f3rym mowa w ustawie z dnia 11 lutego 2016 r. o pomocy pa\u0144stwa w wychowaniu dzieci (t.j. Dz. U. z 2019 r. poz. 2407 z p\u00f3\u017an. zm.), oraz dodatku wychowawczego, o kt\u00f3rym mowa w ustawie z dnia 9 czerwca 2011 r. o wspieraniu rodziny i systemie pieczy zast\u0119pczej (t.j. Dz. U. z 2020 r. poz. 821 z p\u00f3\u017an. zm.),<\/p>\n\n\n\n<p>&#8211; \u015bwiadczenia pieni\u0119\u017cnego, o kt\u00f3rym mowa w art. 8a ust. 1 ustawy z dnia 7 wrze\u015bnia 2007 r. o Karcie Polaka (t.j. Dz. U. z 2019 r. poz. 1598),<\/p>\n\n\n\n<p>&#8211; jednorazowego pieni\u0119\u017cnego \u015bwiadczenia socjalnego, &nbsp;<\/p>\n\n\n\n<p>&#8211; zasi\u0142ku celowego,&nbsp;&nbsp;<\/p>\n\n\n\n<p>&#8211; pomocy materialnej maj\u0105cej charakter socjalny albo motywacyjny, przyznawanej na podstawie przepis\u00f3w o systemie o\u015bwiaty (stypendium szkolne),<\/p>\n\n\n\n<p>&#8211; warto\u015bci \u015bwiadczenia w naturze,&nbsp;&nbsp;<\/p>\n\n\n\n<p>&#8211; \u015bwiadczenia przys\u0142uguj\u0105cego osobie bezrobotnej na podstawie przepis\u00f3w o promocji zatrudnienia i instytucjach rynku pracy z tytu\u0142u wykonywania prac spo\u0142ecznie u\u017cytecznych,<\/p>\n\n\n\n<p>&#8211; \u015bwiadczenia pieni\u0119\u017cnego i&nbsp; pomocy pieni\u0119\u017cnej, o kt\u00f3rej mowa w ustawie z dnia 20 marca 2015r. o dzia\u0142aczach opozycji antykomunistycznej oraz osobach represjonowanych z powod\u00f3w politycznych (t.j. Dz. U. z 2020 r. poz. 319 z p\u00f3\u017an. zm.),&nbsp;<\/p>\n\n\n\n<p>&#8211; dochodu z powierzchni u\u017cytk\u00f3w rolnych poni\u017cej 1 ha przeliczeniowego.<\/p>\n\n\n\n<p>W przypadku prowadzenia gospodarstwa rolnego przyjmuje si\u0119 \u017ce z 1 ha przeliczeniowego uzyskuje si\u0119 doch\u00f3d miesi\u0119czny w wysoko\u015bci 308,00 z\u0142.<\/p>\n\n\n\n<p><strong>Osoby, kt\u00f3re chc\u0105 skorzysta\u0107 z pomocy\u00a0 \u017cywno\u015bciowej w ramach realizacji Programu Operacyjnego Pomoc \u017bywno\u015bciowa 2014-2020 wsp\u00f3\u0142finansowanego\u00a0z Europejskiego Funduszu Pomocy Najbardziej Potrzebuj\u0105cym w Podprogramie 2021 proszone s\u0105 o kontakt \u00a0z pracownikiem socjalnym Miejskiego O\u015brodka Pomocy Spo\u0142ecznej w Krasnymstawie, zgodnie z przypisana rejonizacj\u0105.<\/strong> Zak\u0142adany okres realizacji dystrybucji artyku\u0142\u00f3w spo\u017cywczych\u00a0 planowany jest od grudnia 2021r. do czerwca2022r.<\/p>\n","protected":false},"excerpt":{"rendered":"<p>Informujemy, \u017ce przyjmujemy zg\u0142oszenia os\u00f3b ch\u0119tnych do korzystania ze wsparcia\u00a0w formie pomocy \u017cywno\u015bciowej w ramach realizacji Programu Operacyjnego Pomoc \u017bywno\u015bciowa 2014-2020 wsp\u00f3\u0142finansowanego z Europejskiego Funduszu Pomocy Najbardziej Potrzebuj\u0105cym w Podprogramie 2021. Pomoc\u0105 \u017cywno\u015bciow\u0105 w ramach PO P\u017b mog\u0105 by\u0107 obj\u0119te osoby i rodziny znajduj\u0105ce si\u0119 w trudnej sytuacji \u017cyciowej spe\u0142niaj\u0105ce kryteria okre\u015blone w art. 7 [&hellip;]<\/p>\n","protected":false},"author":3,"featured_media":0,"comment_status":"open","ping_status":"open","sticky":false,"template":"","format":"standard","meta":[],"categories":[7,8],"tags":[],"yoast_head":"<!-- This site is optimized with the Yoast SEO plugin v19.0 - https:\/\/yoast.com\/wordpress\/plugins\/seo\/ -->\n<title>Program Operacyjny Pomoc \u017bywno\u015bciowa 2014-2020 wsp\u00f3\u0142finansowany z Europejskiego Funduszu Pomocy Najbardziej Potrzebuj\u0105cym Podprogram 2021. - MOPS Krasnystaw<\/title>\n<meta name=\"robots\" content=\"index, follow, max-snippet:-1, max-image-preview:large, max-video-preview:-1\" \/>\n<link rel=\"canonical\" href=\"https:\/\/www.mopskrasnystaw.pl\/?p=3146\" \/>\n<meta property=\"og:locale\" content=\"pl_PL\" \/>\n<meta property=\"og:type\" content=\"article\" \/>\n<meta property=\"og:title\" content=\"Program Operacyjny Pomoc \u017bywno\u015bciowa 2014-2020 wsp\u00f3\u0142finansowany z Europejskiego Funduszu Pomocy Najbardziej Potrzebuj\u0105cym Podprogram 2021. - MOPS Krasnystaw\" \/>\n<meta property=\"og:description\" content=\"Informujemy, \u017ce przyjmujemy zg\u0142oszenia os\u00f3b ch\u0119tnych do korzystania ze wsparcia\u00a0w formie pomocy \u017cywno\u015bciowej w ramach realizacji Programu Operacyjnego Pomoc \u017bywno\u015bciowa 2014-2020 wsp\u00f3\u0142finansowanego z Europejskiego Funduszu Pomocy Najbardziej Potrzebuj\u0105cym w Podprogramie 2021. Pomoc\u0105 \u017cywno\u015bciow\u0105 w ramach PO P\u017b mog\u0105 by\u0107 obj\u0119te osoby i rodziny znajduj\u0105ce si\u0119 w trudnej sytuacji \u017cyciowej spe\u0142niaj\u0105ce kryteria okre\u015blone w art. 7 [&hellip;]\" \/>\n<meta property=\"og:url\" content=\"https:\/\/www.mopskrasnystaw.pl\/?p=3146\" \/>\n<meta property=\"og:site_name\" content=\"MOPS Krasnystaw\" \/>\n<meta property=\"article:published_time\" content=\"2021-11-19T08:22:17+00:00\" \/>\n<meta name=\"twitter:card\" content=\"summary_large_image\" \/>\n<meta name=\"twitter:label1\" content=\"Napisane przez\" \/>\n\t<meta name=\"twitter:data1\" content=\"redaktor\" \/>\n\t<meta name=\"twitter:label2\" content=\"Szacowany czas czytania\" \/>\n\t<meta name=\"twitter:data2\" content=\"4 minuty\" \/>\n<script type=\"application\/ld+json\" class=\"yoast-schema-graph\">{\"@context\":\"https:\/\/schema.org\",\"@graph\":[{\"@type\":\"WebSite\",\"@id\":\"https:\/\/www.mopskrasnystaw.pl\/#website\",\"url\":\"https:\/\/www.mopskrasnystaw.pl\/\",\"name\":\"MOPS Krasnystaw\",\"description\":\"\",\"potentialAction\":[{\"@type\":\"SearchAction\",\"target\":{\"@type\":\"EntryPoint\",\"urlTemplate\":\"https:\/\/www.mopskrasnystaw.pl\/?s={search_term_string}\"},\"query-input\":\"required name=search_term_string\"}],\"inLanguage\":\"pl-PL\"},{\"@type\":\"WebPage\",\"@id\":\"https:\/\/www.mopskrasnystaw.pl\/?p=3146#webpage\",\"url\":\"https:\/\/www.mopskrasnystaw.pl\/?p=3146\",\"name\":\"Program Operacyjny Pomoc \u017bywno\u015bciowa 2014-2020 wsp\u00f3\u0142finansowany z Europejskiego Funduszu Pomocy Najbardziej Potrzebuj\u0105cym Podprogram 2021. - MOPS Krasnystaw\",\"isPartOf\":{\"@id\":\"https:\/\/www.mopskrasnystaw.pl\/#website\"},\"datePublished\":\"2021-11-19T08:22:17+00:00\",\"dateModified\":\"2021-11-19T08:22:17+00:00\",\"author\":{\"@id\":\"https:\/\/www.mopskrasnystaw.pl\/#\/schema\/person\/c243255ac797e8203dac0928e5fb7dd7\"},\"breadcrumb\":{\"@id\":\"https:\/\/www.mopskrasnystaw.pl\/?p=3146#breadcrumb\"},\"inLanguage\":\"pl-PL\",\"potentialAction\":[{\"@type\":\"ReadAction\",\"target\":[\"https:\/\/www.mopskrasnystaw.pl\/?p=3146\"]}]},{\"@type\":\"BreadcrumbList\",\"@id\":\"https:\/\/www.mopskrasnystaw.pl\/?p=3146#breadcrumb\",\"itemListElement\":[{\"@type\":\"ListItem\",\"position\":1,\"name\":\"Strona g\u0142\u00f3wna\",\"item\":\"https:\/\/www.mopskrasnystaw.pl\/\"},{\"@type\":\"ListItem\",\"position\":2,\"name\":\"Program Operacyjny Pomoc \u017bywno\u015bciowa 2014-2020 wsp\u00f3\u0142finansowany z Europejskiego Funduszu Pomocy Najbardziej Potrzebuj\u0105cym Podprogram 2021.\"}]},{\"@type\":\"Person\",\"@id\":\"https:\/\/www.mopskrasnystaw.pl\/#\/schema\/person\/c243255ac797e8203dac0928e5fb7dd7\",\"name\":\"redaktor\",\"image\":{\"@type\":\"ImageObject\",\"inLanguage\":\"pl-PL\",\"@id\":\"https:\/\/www.mopskrasnystaw.pl\/#\/schema\/person\/image\/\",\"url\":\"https:\/\/secure.gravatar.com\/avatar\/6508b8995653ed772737e87b63e3a77a?s=96&d=mm&r=g\",\"contentUrl\":\"https:\/\/secure.gravatar.com\/avatar\/6508b8995653ed772737e87b63e3a77a?s=96&d=mm&r=g\",\"caption\":\"redaktor\"},\"url\":\"https:\/\/www.mopskrasnystaw.pl\/?author=3\"}]}<\/script>\n<!-- \/ Yoast SEO plugin. -->","yoast_head_json":{"title":"Program Operacyjny Pomoc \u017bywno\u015bciowa 2014-2020 wsp\u00f3\u0142finansowany z Europejskiego Funduszu Pomocy Najbardziej Potrzebuj\u0105cym Podprogram 2021. - MOPS Krasnystaw","robots":{"index":"index","follow":"follow","max-snippet":"max-snippet:-1","max-image-preview":"max-image-preview:large","max-video-preview":"max-video-preview:-1"},"canonical":"https:\/\/www.mopskrasnystaw.pl\/?p=3146","og_locale":"pl_PL","og_type":"article","og_title":"Program Operacyjny Pomoc \u017bywno\u015bciowa 2014-2020 wsp\u00f3\u0142finansowany z Europejskiego Funduszu Pomocy Najbardziej Potrzebuj\u0105cym Podprogram 2021. - MOPS Krasnystaw","og_description":"Informujemy, \u017ce przyjmujemy zg\u0142oszenia os\u00f3b ch\u0119tnych do korzystania ze wsparcia\u00a0w formie pomocy \u017cywno\u015bciowej w ramach realizacji Programu Operacyjnego Pomoc \u017bywno\u015bciowa 2014-2020 wsp\u00f3\u0142finansowanego z Europejskiego Funduszu Pomocy Najbardziej Potrzebuj\u0105cym w Podprogramie 2021. Pomoc\u0105 \u017cywno\u015bciow\u0105 w ramach PO P\u017b mog\u0105 by\u0107 obj\u0119te osoby i rodziny znajduj\u0105ce si\u0119 w trudnej sytuacji \u017cyciowej spe\u0142niaj\u0105ce kryteria okre\u015blone w art. 7 [&hellip;]","og_url":"https:\/\/www.mopskrasnystaw.pl\/?p=3146","og_site_name":"MOPS Krasnystaw","article_published_time":"2021-11-19T08:22:17+00:00","twitter_card":"summary_large_image","twitter_misc":{"Napisane przez":"redaktor","Szacowany czas czytania":"4 minuty"},"schema":{"@context":"https:\/\/schema.org","@graph":[{"@type":"WebSite","@id":"https:\/\/www.mopskrasnystaw.pl\/#website","url":"https:\/\/www.mopskrasnystaw.pl\/","name":"MOPS Krasnystaw","description":"","potentialAction":[{"@type":"SearchAction","target":{"@type":"EntryPoint","urlTemplate":"https:\/\/www.mopskrasnystaw.pl\/?s={search_term_string}"},"query-input":"required name=search_term_string"}],"inLanguage":"pl-PL"},{"@type":"WebPage","@id":"https:\/\/www.mopskrasnystaw.pl\/?p=3146#webpage","url":"https:\/\/www.mopskrasnystaw.pl\/?p=3146","name":"Program Operacyjny Pomoc \u017bywno\u015bciowa 2014-2020 wsp\u00f3\u0142finansowany z Europejskiego Funduszu Pomocy Najbardziej Potrzebuj\u0105cym Podprogram 2021. - MOPS Krasnystaw","isPartOf":{"@id":"https:\/\/www.mopskrasnystaw.pl\/#website"},"datePublished":"2021-11-19T08:22:17+00:00","dateModified":"2021-11-19T08:22:17+00:00","author":{"@id":"https:\/\/www.mopskrasnystaw.pl\/#\/schema\/person\/c243255ac797e8203dac0928e5fb7dd7"},"breadcrumb":{"@id":"https:\/\/www.mopskrasnystaw.pl\/?p=3146#breadcrumb"},"inLanguage":"pl-PL","potentialAction":[{"@type":"ReadAction","target":["https:\/\/www.mopskrasnystaw.pl\/?p=3146"]}]},{"@type":"BreadcrumbList","@id":"https:\/\/www.mopskrasnystaw.pl\/?p=3146#breadcrumb","itemListElement":[{"@type":"ListItem","position":1,"name":"Strona g\u0142\u00f3wna","item":"https:\/\/www.mopskrasnystaw.pl\/"},{"@type":"ListItem","position":2,"name":"Program Operacyjny Pomoc \u017bywno\u015bciowa 2014-2020 wsp\u00f3\u0142finansowany z Europejskiego Funduszu Pomocy Najbardziej Potrzebuj\u0105cym Podprogram 2021."}]},{"@type":"Person","@id":"https:\/\/www.mopskrasnystaw.pl\/#\/schema\/person\/c243255ac797e8203dac0928e5fb7dd7","name":"redaktor","image":{"@type":"ImageObject","inLanguage":"pl-PL","@id":"https:\/\/www.mopskrasnystaw.pl\/#\/schema\/person\/image\/","url":"https:\/\/secure.gravatar.com\/avatar\/6508b8995653ed772737e87b63e3a77a?s=96&d=mm&r=g","contentUrl":"https:\/\/secure.gravatar.com\/avatar\/6508b8995653ed772737e87b63e3a77a?s=96&d=mm&r=g","caption":"redaktor"},"url":"https:\/\/www.mopskrasnystaw.pl\/?author=3"}]}},"_links":{"self":[{"href":"https:\/\/www.mopskrasnystaw.pl\/index.php?rest_route=\/wp\/v2\/posts\/3146"}],"collection":[{"href":"https:\/\/www.mopskrasnystaw.pl\/index.php?rest_route=\/wp\/v2\/posts"}],"about":[{"href":"https:\/\/www.mopskrasnystaw.pl\/index.php?rest_route=\/wp\/v2\/types\/post"}],"author":[{"embeddable":true,"href":"https:\/\/www.mopskrasnystaw.pl\/index.php?rest_route=\/wp\/v2\/users\/3"}],"replies":[{"embeddable":true,"href":"https:\/\/www.mopskrasnystaw.pl\/index.php?rest_route=%2Fwp%2Fv2%2Fcomments&post=3146"}],"version-history":[{"count":0,"href":"https:\/\/www.mopskrasnystaw.pl\/index.php?rest_route=\/wp\/v2\/posts\/3146\/revisions"}],"wp:attachment":[{"href":"https:\/\/www.mopskrasnystaw.pl\/index.php?rest_route=%2Fwp%2Fv2%2Fmedia&parent=3146"}],"wp:term":[{"taxonomy":"category","embeddable":true,"href":"https:\/\/www.mopskrasnystaw.pl\/index.php?rest_route=%2Fwp%2Fv2%2Fcategories&post=3146"},{"taxonomy":"post_tag","embeddable":true,"href":"https:\/\/www.mopskrasnystaw.pl\/index.php?rest_route=%2Fwp%2Fv2%2Ftags&post=3146"}],"curies":[{"name":"wp","href":"https:\/\/api.w.org\/{rel}","templated":true}]}}