{"id":3015,"date":"2021-07-28T09:07:50","date_gmt":"2021-07-28T09:07:50","guid":{"rendered":"http:\/\/www.mopskrasnystaw.pl\/?p=3015"},"modified":"2021-07-28T09:07:50","modified_gmt":"2021-07-28T09:07:50","slug":"rekrutacja-do-projektu","status":"publish","type":"post","link":"https:\/\/www.mopskrasnystaw.pl\/?p=3015","title":{"rendered":"REKRUTACJA DO PROJEKTU"},"content":{"rendered":"<p><strong><a href=\"https:\/\/www.mopskrasnystaw.pl\/wp-content\/uploads\/2021\/07\/logo-oznaczenie.png\"><img loading=\"lazy\" class=\"alignleft size-medium wp-image-3016\" src=\"http:\/\/www.mopskrasnystaw.pl\/wp-content\/uploads\/2021\/07\/logo-oznaczenie-280x195.png\" alt=\"\" width=\"280\" height=\"195\" \/><\/a>Miejski O\u015brodek Pomocy Spo\u0142ecznej w Krasnymstawie\u00a0 zaprasza\u00a0 do uczestnictwa w ramach\u00a0 II\u00a0 edycji Indywidualnego Programu Zatrudnienia w Centrum Integracji Spo\u0142ecznej w Krasnymstawie <\/strong>realizowanego w ramach projektu: \u201eCIS Krasnystaw \u2013 Akcja- Reintegracja!\u201d, wsp\u00f3\u0142finansowanego ze \u015brodk\u00f3w Europejskiego Funduszu Spo\u0142ecznego w ramach Regionalnego Programu Operacyjnego Wojew\u00f3dztwa Lubelskiego na lata 2014-2020, O\u015b 11 W\u0142\u0105czenie spo\u0142eczne, Dzia\u0142anie 11.1 Aktywne w\u0142\u0105czenie.<\/p>\n<p>Uczestnikami \u00a0programu mog\u0105 by\u0107 <strong>kobiety i m\u0119\u017cczy\u017ani \u00a0<\/strong>zamieszkuj\u0105cy na terenie miasta <strong>Krasnystaw, pozostaj\u0105cy bez zatrudnienia, zagro\u017ceni ub\u00f3stwem lub wykluczeniem spo\u0142ecznym<\/strong>, w tym:<\/p>\n<ol>\n<li>osoby korzystaj\u0105ce ze \u015bwiadcze\u0144 z pomocy spo\u0142ecznej lub kwalifikuj\u0105ce si\u0119 do obj\u0119cia wsparciem pomocy spo\u0142ecznej,<\/li>\n<li>osoby bezrobotne,<\/li>\n<li>osoby z niepe\u0142nosprawno\u015bciami,<\/li>\n<li>osoby o niskich kwalifikacjach,<\/li>\n<li>osoby korzystaj\u0105ce z Programu Operacyjnego Pomoc \u017bywno\u015bciowa 2014 \u2013 2020.<\/li>\n<\/ol>\n<p><!--more--><\/p>\n<p>Udzia\u0142 w <strong>Indywidualnego Programu Zatrudnienia CIS<\/strong> umo\u017cliwia dost\u0119p do bezp\u0142atnego uczestnictwa\u00a0 w nast\u0119puj\u0105cych formach wsparcia:<\/p>\n<p><strong><u>Reintegracji spo\u0142ecznej tj. instrument\u00f3w aktywizacji spo\u0142ecznej \u2013 2 godziny dziennie:<\/u><\/strong><\/p>\n<ol>\n<li>Doradztwo zawodowe,<\/li>\n<li>Psychoedukacja,Warsztaty umiej\u0119tno\u015bci spo\u0142ecznych<\/li>\n<li>Doradztwo terapeutyczne,<\/li>\n<li>Zaj\u0119cia integracyjne\/kulturalne<\/li>\n<\/ol>\n<p><strong><u>Reintegracji zawodowej tj. instrument\u00f3w aktywizacji zawodowej \u2013 4 godziny dziennie s\u0142u\u017c\u0105cej przyuczeniu do wykonywaniu pracy w grupach tematycznych:<\/u><\/strong><\/p>\n<ol>\n<li>Robotnik oczyszczania miasta<\/li>\n<li>Technolog robot wyko\u0144czeniowych<\/li>\n<li>Opiekunka os\u00f3b starszych I dzieci\u0119ca<\/li>\n<\/ol>\n<p>dodatkowo zapewniamy:<\/p>\n<p>&#8211; ubezpieczenie od nast\u0119pstw nieszcz\u0119\u015bliwych wypadk\u00f3w, ubezpieczenie zdrowotne<\/p>\n<p>&#8211; \u015bwiadczenie aktywizacyjne w wysoko\u015bci zasi\u0142ku dla bezrobotnych,<\/p>\n<p>&#8211; ciep\u0142y posi\u0142ek .<\/p>\n<p>Okres realizacji programu <strong>wrzesie\u0144 2021 \u2013 wrzesie\u0144 2022<\/strong><\/p>\n<p>Regulamin rekrutacji oraz Formularz\u00a0 zg\u0142oszeniowy do udzia\u0142u w projekcie dost\u0119pne s\u0105 poni\u017cej lub na stronie internetowej www.mopskrasnystaw.pl\u00a0 w zak\u0142adce \u201eCis Krasnystaw \u2013 Akcja \u2013 Reintegracja!\u201c lub:<\/p>\n<ul>\n<li>w Biurze projektu pok. 102 ,<\/li>\n<li>u pracownik\u00f3w socjalnych O\u015brodka,<\/li>\n<\/ul>\n<p>w godzinach od 7:30 do 15:30.<\/p>\n<p>Formularze zg\u0142oszeniowe\u00a0 przyjmujemy:<\/p>\n<ul>\n<li>osobi\u015bcie <strong>w siedzibie O\u015brodka<\/strong>,<\/li>\n<li>za po\u015brednictwem poczty na adres O\u015brodka <strong>22-300 Krasnystaw ul. Pi\u0142sudskiego 9<\/strong><\/li>\n<\/ul>\n<p>do <strong>dnia \u00a027 sierpnia 2021r.<\/strong><\/p>\n<p>W przypadku trudno\u015bci w wype\u0142nianiu dokumentacji rekrutacyjnej s\u0142u\u017cymy pomoc\u0105: kierownik projektu pok. 102 tel. 82 576 23 24 wew. 102 , rejonowi pracownicy socjalni, kierownik sekcji pomocy \u015brodowiskowej, kadra Centrum Integracji Spo\u0142ecznej w Krasnymstawie<\/p>\n<p><a href=\"https:\/\/www.mopskrasnystaw.pl\/wp-content\/uploads\/2021\/07\/Zal.-1-Formularz.docx\">Formularz<\/a><\/p>\n<p><a href=\"https:\/\/www.mopskrasnystaw.pl\/wp-content\/uploads\/2021\/07\/Zal.-2-Ankieta-motywacyjna.docx\">Ankieta motywacyjna<\/a><\/p>\n<p><a href=\"https:\/\/www.mopskrasnystaw.pl\/wp-content\/uploads\/2021\/07\/Zal.-3-Oswiadczenie-UP1.doc\">O\u015bwiadczenie UP1<\/a><\/p>\n<p><a href=\"https:\/\/www.mopskrasnystaw.pl\/wp-content\/uploads\/2021\/07\/Zal.-4-Oswiadczenie-UP2.docx\">O\u015bwiadczenie UP2<\/a><\/p>\n<p><a href=\"https:\/\/www.mopskrasnystaw.pl\/wp-content\/uploads\/2021\/07\/US-7-do-uzupelnienia-druk.pdf\">US-7 do uzupe\u0142nienia<\/a><\/p>\n<p><a href=\"https:\/\/www.mopskrasnystaw.pl\/wp-content\/uploads\/2021\/07\/wzor-druku-US-7-przyklad.pdf\">wz\u00f3r druku US-7 &#8211; przyk\u0142ad<\/a><\/p>\n","protected":false},"excerpt":{"rendered":"<p>Miejski O\u015brodek Pomocy Spo\u0142ecznej w Krasnymstawie\u00a0 zaprasza\u00a0 do uczestnictwa w ramach\u00a0 II\u00a0 edycji Indywidualnego Programu Zatrudnienia w Centrum Integracji Spo\u0142ecznej w Krasnymstawie realizowanego w ramach projektu: \u201eCIS Krasnystaw \u2013 Akcja- Reintegracja!\u201d, wsp\u00f3\u0142finansowanego ze \u015brodk\u00f3w Europejskiego Funduszu Spo\u0142ecznego w ramach Regionalnego Programu Operacyjnego Wojew\u00f3dztwa Lubelskiego na lata 2014-2020, O\u015b 11 W\u0142\u0105czenie spo\u0142eczne, Dzia\u0142anie 11.1 Aktywne w\u0142\u0105czenie. [&hellip;]<\/p>\n","protected":false},"author":3,"featured_media":0,"comment_status":"open","ping_status":"open","sticky":false,"template":"","format":"standard","meta":[],"categories":[7,8],"tags":[],"yoast_head":"<!-- This site is optimized with the Yoast SEO plugin v19.0 - https:\/\/yoast.com\/wordpress\/plugins\/seo\/ -->\n<title>REKRUTACJA DO PROJEKTU - MOPS Krasnystaw<\/title>\n<meta name=\"robots\" content=\"index, follow, max-snippet:-1, max-image-preview:large, max-video-preview:-1\" \/>\n<link rel=\"canonical\" href=\"https:\/\/www.mopskrasnystaw.pl\/?p=3015\" \/>\n<meta property=\"og:locale\" content=\"pl_PL\" \/>\n<meta property=\"og:type\" content=\"article\" \/>\n<meta property=\"og:title\" content=\"REKRUTACJA DO PROJEKTU - MOPS Krasnystaw\" \/>\n<meta property=\"og:description\" content=\"Miejski O\u015brodek Pomocy Spo\u0142ecznej w Krasnymstawie\u00a0 zaprasza\u00a0 do uczestnictwa w ramach\u00a0 II\u00a0 edycji Indywidualnego Programu Zatrudnienia w Centrum Integracji Spo\u0142ecznej w Krasnymstawie realizowanego w ramach projektu: \u201eCIS Krasnystaw \u2013 Akcja- Reintegracja!\u201d, wsp\u00f3\u0142finansowanego ze \u015brodk\u00f3w Europejskiego Funduszu Spo\u0142ecznego w ramach Regionalnego Programu Operacyjnego Wojew\u00f3dztwa Lubelskiego na lata 2014-2020, O\u015b 11 W\u0142\u0105czenie spo\u0142eczne, Dzia\u0142anie 11.1 Aktywne w\u0142\u0105czenie. [&hellip;]\" \/>\n<meta property=\"og:url\" content=\"https:\/\/www.mopskrasnystaw.pl\/?p=3015\" \/>\n<meta property=\"og:site_name\" content=\"MOPS Krasnystaw\" \/>\n<meta property=\"article:published_time\" content=\"2021-07-28T09:07:50+00:00\" \/>\n<meta property=\"og:image\" content=\"http:\/\/www.mopskrasnystaw.pl\/wp-content\/uploads\/2021\/07\/logo-oznaczenie-280x195.png\" \/>\n<meta name=\"twitter:card\" content=\"summary_large_image\" \/>\n<meta name=\"twitter:label1\" content=\"Napisane przez\" \/>\n\t<meta name=\"twitter:data1\" content=\"redaktor\" \/>\n\t<meta name=\"twitter:label2\" content=\"Szacowany czas czytania\" \/>\n\t<meta name=\"twitter:data2\" content=\"2 minuty\" \/>\n<script type=\"application\/ld+json\" class=\"yoast-schema-graph\">{\"@context\":\"https:\/\/schema.org\",\"@graph\":[{\"@type\":\"WebSite\",\"@id\":\"https:\/\/www.mopskrasnystaw.pl\/#website\",\"url\":\"https:\/\/www.mopskrasnystaw.pl\/\",\"name\":\"MOPS Krasnystaw\",\"description\":\"\",\"potentialAction\":[{\"@type\":\"SearchAction\",\"target\":{\"@type\":\"EntryPoint\",\"urlTemplate\":\"https:\/\/www.mopskrasnystaw.pl\/?s={search_term_string}\"},\"query-input\":\"required name=search_term_string\"}],\"inLanguage\":\"pl-PL\"},{\"@type\":\"ImageObject\",\"inLanguage\":\"pl-PL\",\"@id\":\"https:\/\/www.mopskrasnystaw.pl\/?p=3015#primaryimage\",\"url\":\"http:\/\/www.mopskrasnystaw.pl\/wp-content\/uploads\/2021\/07\/logo-oznaczenie-280x195.png\",\"contentUrl\":\"http:\/\/www.mopskrasnystaw.pl\/wp-content\/uploads\/2021\/07\/logo-oznaczenie-280x195.png\"},{\"@type\":\"WebPage\",\"@id\":\"https:\/\/www.mopskrasnystaw.pl\/?p=3015#webpage\",\"url\":\"https:\/\/www.mopskrasnystaw.pl\/?p=3015\",\"name\":\"REKRUTACJA DO PROJEKTU - MOPS Krasnystaw\",\"isPartOf\":{\"@id\":\"https:\/\/www.mopskrasnystaw.pl\/#website\"},\"primaryImageOfPage\":{\"@id\":\"https:\/\/www.mopskrasnystaw.pl\/?p=3015#primaryimage\"},\"datePublished\":\"2021-07-28T09:07:50+00:00\",\"dateModified\":\"2021-07-28T09:07:50+00:00\",\"author\":{\"@id\":\"https:\/\/www.mopskrasnystaw.pl\/#\/schema\/person\/c243255ac797e8203dac0928e5fb7dd7\"},\"breadcrumb\":{\"@id\":\"https:\/\/www.mopskrasnystaw.pl\/?p=3015#breadcrumb\"},\"inLanguage\":\"pl-PL\",\"potentialAction\":[{\"@type\":\"ReadAction\",\"target\":[\"https:\/\/www.mopskrasnystaw.pl\/?p=3015\"]}]},{\"@type\":\"BreadcrumbList\",\"@id\":\"https:\/\/www.mopskrasnystaw.pl\/?p=3015#breadcrumb\",\"itemListElement\":[{\"@type\":\"ListItem\",\"position\":1,\"name\":\"Strona g\u0142\u00f3wna\",\"item\":\"https:\/\/www.mopskrasnystaw.pl\/\"},{\"@type\":\"ListItem\",\"position\":2,\"name\":\"REKRUTACJA DO PROJEKTU\"}]},{\"@type\":\"Person\",\"@id\":\"https:\/\/www.mopskrasnystaw.pl\/#\/schema\/person\/c243255ac797e8203dac0928e5fb7dd7\",\"name\":\"redaktor\",\"image\":{\"@type\":\"ImageObject\",\"inLanguage\":\"pl-PL\",\"@id\":\"https:\/\/www.mopskrasnystaw.pl\/#\/schema\/person\/image\/\",\"url\":\"https:\/\/secure.gravatar.com\/avatar\/6508b8995653ed772737e87b63e3a77a?s=96&d=mm&r=g\",\"contentUrl\":\"https:\/\/secure.gravatar.com\/avatar\/6508b8995653ed772737e87b63e3a77a?s=96&d=mm&r=g\",\"caption\":\"redaktor\"},\"url\":\"https:\/\/www.mopskrasnystaw.pl\/?author=3\"}]}<\/script>\n<!-- \/ Yoast SEO plugin. -->","yoast_head_json":{"title":"REKRUTACJA DO PROJEKTU - MOPS Krasnystaw","robots":{"index":"index","follow":"follow","max-snippet":"max-snippet:-1","max-image-preview":"max-image-preview:large","max-video-preview":"max-video-preview:-1"},"canonical":"https:\/\/www.mopskrasnystaw.pl\/?p=3015","og_locale":"pl_PL","og_type":"article","og_title":"REKRUTACJA DO PROJEKTU - MOPS Krasnystaw","og_description":"Miejski O\u015brodek Pomocy Spo\u0142ecznej w Krasnymstawie\u00a0 zaprasza\u00a0 do uczestnictwa w ramach\u00a0 II\u00a0 edycji Indywidualnego Programu Zatrudnienia w Centrum Integracji Spo\u0142ecznej w Krasnymstawie realizowanego w ramach projektu: \u201eCIS Krasnystaw \u2013 Akcja- Reintegracja!\u201d, wsp\u00f3\u0142finansowanego ze \u015brodk\u00f3w Europejskiego Funduszu Spo\u0142ecznego w ramach Regionalnego Programu Operacyjnego Wojew\u00f3dztwa Lubelskiego na lata 2014-2020, O\u015b 11 W\u0142\u0105czenie spo\u0142eczne, Dzia\u0142anie 11.1 Aktywne w\u0142\u0105czenie. [&hellip;]","og_url":"https:\/\/www.mopskrasnystaw.pl\/?p=3015","og_site_name":"MOPS Krasnystaw","article_published_time":"2021-07-28T09:07:50+00:00","og_image":[{"url":"http:\/\/www.mopskrasnystaw.pl\/wp-content\/uploads\/2021\/07\/logo-oznaczenie-280x195.png"}],"twitter_card":"summary_large_image","twitter_misc":{"Napisane przez":"redaktor","Szacowany czas czytania":"2 minuty"},"schema":{"@context":"https:\/\/schema.org","@graph":[{"@type":"WebSite","@id":"https:\/\/www.mopskrasnystaw.pl\/#website","url":"https:\/\/www.mopskrasnystaw.pl\/","name":"MOPS Krasnystaw","description":"","potentialAction":[{"@type":"SearchAction","target":{"@type":"EntryPoint","urlTemplate":"https:\/\/www.mopskrasnystaw.pl\/?s={search_term_string}"},"query-input":"required name=search_term_string"}],"inLanguage":"pl-PL"},{"@type":"ImageObject","inLanguage":"pl-PL","@id":"https:\/\/www.mopskrasnystaw.pl\/?p=3015#primaryimage","url":"http:\/\/www.mopskrasnystaw.pl\/wp-content\/uploads\/2021\/07\/logo-oznaczenie-280x195.png","contentUrl":"http:\/\/www.mopskrasnystaw.pl\/wp-content\/uploads\/2021\/07\/logo-oznaczenie-280x195.png"},{"@type":"WebPage","@id":"https:\/\/www.mopskrasnystaw.pl\/?p=3015#webpage","url":"https:\/\/www.mopskrasnystaw.pl\/?p=3015","name":"REKRUTACJA DO PROJEKTU - MOPS Krasnystaw","isPartOf":{"@id":"https:\/\/www.mopskrasnystaw.pl\/#website"},"primaryImageOfPage":{"@id":"https:\/\/www.mopskrasnystaw.pl\/?p=3015#primaryimage"},"datePublished":"2021-07-28T09:07:50+00:00","dateModified":"2021-07-28T09:07:50+00:00","author":{"@id":"https:\/\/www.mopskrasnystaw.pl\/#\/schema\/person\/c243255ac797e8203dac0928e5fb7dd7"},"breadcrumb":{"@id":"https:\/\/www.mopskrasnystaw.pl\/?p=3015#breadcrumb"},"inLanguage":"pl-PL","potentialAction":[{"@type":"ReadAction","target":["https:\/\/www.mopskrasnystaw.pl\/?p=3015"]}]},{"@type":"BreadcrumbList","@id":"https:\/\/www.mopskrasnystaw.pl\/?p=3015#breadcrumb","itemListElement":[{"@type":"ListItem","position":1,"name":"Strona g\u0142\u00f3wna","item":"https:\/\/www.mopskrasnystaw.pl\/"},{"@type":"ListItem","position":2,"name":"REKRUTACJA DO PROJEKTU"}]},{"@type":"Person","@id":"https:\/\/www.mopskrasnystaw.pl\/#\/schema\/person\/c243255ac797e8203dac0928e5fb7dd7","name":"redaktor","image":{"@type":"ImageObject","inLanguage":"pl-PL","@id":"https:\/\/www.mopskrasnystaw.pl\/#\/schema\/person\/image\/","url":"https:\/\/secure.gravatar.com\/avatar\/6508b8995653ed772737e87b63e3a77a?s=96&d=mm&r=g","contentUrl":"https:\/\/secure.gravatar.com\/avatar\/6508b8995653ed772737e87b63e3a77a?s=96&d=mm&r=g","caption":"redaktor"},"url":"https:\/\/www.mopskrasnystaw.pl\/?author=3"}]}},"_links":{"self":[{"href":"https:\/\/www.mopskrasnystaw.pl\/index.php?rest_route=\/wp\/v2\/posts\/3015"}],"collection":[{"href":"https:\/\/www.mopskrasnystaw.pl\/index.php?rest_route=\/wp\/v2\/posts"}],"about":[{"href":"https:\/\/www.mopskrasnystaw.pl\/index.php?rest_route=\/wp\/v2\/types\/post"}],"author":[{"embeddable":true,"href":"https:\/\/www.mopskrasnystaw.pl\/index.php?rest_route=\/wp\/v2\/users\/3"}],"replies":[{"embeddable":true,"href":"https:\/\/www.mopskrasnystaw.pl\/index.php?rest_route=%2Fwp%2Fv2%2Fcomments&post=3015"}],"version-history":[{"count":0,"href":"https:\/\/www.mopskrasnystaw.pl\/index.php?rest_route=\/wp\/v2\/posts\/3015\/revisions"}],"wp:attachment":[{"href":"https:\/\/www.mopskrasnystaw.pl\/index.php?rest_route=%2Fwp%2Fv2%2Fmedia&parent=3015"}],"wp:term":[{"taxonomy":"category","embeddable":true,"href":"https:\/\/www.mopskrasnystaw.pl\/index.php?rest_route=%2Fwp%2Fv2%2Fcategories&post=3015"},{"taxonomy":"post_tag","embeddable":true,"href":"https:\/\/www.mopskrasnystaw.pl\/index.php?rest_route=%2Fwp%2Fv2%2Ftags&post=3015"}],"curies":[{"name":"wp","href":"https:\/\/api.w.org\/{rel}","templated":true}]}}