{"id":3012,"date":"2021-07-23T06:59:17","date_gmt":"2021-07-23T06:59:17","guid":{"rendered":"http:\/\/www.mopskrasnystaw.pl\/?p=3012"},"modified":"2021-07-23T06:59:17","modified_gmt":"2021-07-23T06:59:17","slug":"centrum-aktywnego-seniora-zaprasza-wszystkich-seniorow-zamieszkalych-w-krasnymstawie","status":"publish","type":"post","link":"https:\/\/www.mopskrasnystaw.pl\/?p=3012","title":{"rendered":"CENTRUM AKTYWNEGO SENIORA ZAPRASZA wszystkich senior\u00f3w zamieszka\u0142ych w Krasnymstawie"},"content":{"rendered":"<p><a href=\"https:\/\/www.mopskrasnystaw.pl\/wp-content\/uploads\/2021\/07\/zdjecie-CAS-FB.png\"><img loading=\"lazy\" class=\"alignleft size-medium wp-image-3013\" src=\"http:\/\/www.mopskrasnystaw.pl\/wp-content\/uploads\/2021\/07\/zdjecie-CAS-FB-280x197.png\" alt=\"\" width=\"280\" height=\"197\" \/><\/a>na \u00a0<strong>ZAJ\u0118CIA:<\/strong><strong>\u00a0<\/strong><\/p>\n<ol>\n<li><strong>PRAWO NA CO DZIE\u0143 <\/strong>&#8211; spotkanie grupowe z prawnikiem w dniu <strong>26 lipca 2021 r. \/poniedzia\u0142ek\/ od godz. 14.00<\/strong> w Sali Dziennego Domu Pomocy Spo\u0142ecznej w Krasnymstawie przy ul. Konopnickiej<\/li>\n<li><strong>Z DIETETYKIEM <\/strong>\u2013 spotkanie grupowe w dniu <strong>27 lipca 2021 r. \/wtorek\/ od godz. 9.30 <\/strong>w sali Dziennego Domu Pomocy Spo\u0142ecznej w Krasnymstawie przy ul. Konopnickiej. Mo\u017cliwo\u015b\u0107 skorzystania z konsultacji indywidualnych je\u015bli zachodz\u0105 takie potrzeby.<\/li>\n<li><strong>USPRAWNIAJ\u0104CE \u2013 zaj\u0119cia na krytej p\u0142ywalni MOSIR<\/strong> w dniu 28 lipca 2021 r. \/\u015broda\/ od godz. 9.00. Zbi\u00f3rka na miejscu &#8211; przed wej\u015bciem do krytej p\u0142ywalni MOSIR.<\/li>\n<li><strong>ZE SFERY PSYCHOLOGICZNEJ<\/strong> &#8211; spotkanie grupowe z psychologiem w dniu <strong>30 lipca 2021 r. \/pi\u0105tek\/ od godz. 13.00 <\/strong>w Krasnostawskim Domu Kultury.<\/li>\n<\/ol>\n<p><!--more-->Zaj\u0119cia s\u0105 bezp\u0142atne a prowadzone s\u0105 przez wykwalifikowan\u0105 i do\u015bwiadczon\u0105 kadr\u0119.<\/p>\n<p>Zaj\u0119cia realizowane s\u0105 w ramach projektu<strong> Krasnostawski Aktywny Senior<\/strong> projekt wsp\u00f3\u0142finansowany ze \u015brodk\u00f3w Unii Europejskiej Europejskiego Funduszu Spo\u0142ecznego\u00a0 w ramach RPOWL 2014 \u2013 2020, Dzia\u0142ania 11.2 Us\u0142ugi spo\u0142eczne i zdrowotne \u2013 Umowa o dofinansowanie projektu nr 176\/RPLU.11.02.00-06-0109\/20-00 z dnia 16.04.2021 r.<strong>\u00a0 <\/strong><\/p>\n","protected":false},"excerpt":{"rendered":"<p>na \u00a0ZAJ\u0118CIA:\u00a0 PRAWO NA CO DZIE\u0143 &#8211; spotkanie grupowe z prawnikiem w dniu 26 lipca 2021 r. \/poniedzia\u0142ek\/ od godz. 14.00 w Sali Dziennego Domu Pomocy Spo\u0142ecznej w Krasnymstawie przy ul. Konopnickiej Z DIETETYKIEM \u2013 spotkanie grupowe w dniu 27 lipca 2021 r. \/wtorek\/ od godz. 9.30 w sali Dziennego Domu Pomocy Spo\u0142ecznej w Krasnymstawie [&hellip;]<\/p>\n","protected":false},"author":3,"featured_media":0,"comment_status":"open","ping_status":"open","sticky":false,"template":"","format":"standard","meta":[],"categories":[7,8],"tags":[],"yoast_head":"<!-- This site is optimized with the Yoast SEO plugin v19.0 - https:\/\/yoast.com\/wordpress\/plugins\/seo\/ -->\n<title>CENTRUM AKTYWNEGO SENIORA ZAPRASZA wszystkich senior\u00f3w zamieszka\u0142ych w Krasnymstawie - MOPS Krasnystaw<\/title>\n<meta name=\"robots\" content=\"index, follow, max-snippet:-1, max-image-preview:large, max-video-preview:-1\" \/>\n<link rel=\"canonical\" href=\"https:\/\/www.mopskrasnystaw.pl\/?p=3012\" \/>\n<meta property=\"og:locale\" content=\"pl_PL\" \/>\n<meta property=\"og:type\" content=\"article\" \/>\n<meta property=\"og:title\" content=\"CENTRUM AKTYWNEGO SENIORA ZAPRASZA wszystkich senior\u00f3w zamieszka\u0142ych w Krasnymstawie - MOPS Krasnystaw\" \/>\n<meta property=\"og:description\" content=\"na \u00a0ZAJ\u0118CIA:\u00a0 PRAWO NA CO DZIE\u0143 &#8211; spotkanie grupowe z prawnikiem w dniu 26 lipca 2021 r. \/poniedzia\u0142ek\/ od godz. 14.00 w Sali Dziennego Domu Pomocy Spo\u0142ecznej w Krasnymstawie przy ul. Konopnickiej Z DIETETYKIEM \u2013 spotkanie grupowe w dniu 27 lipca 2021 r. \/wtorek\/ od godz. 9.30 w sali Dziennego Domu Pomocy Spo\u0142ecznej w Krasnymstawie [&hellip;]\" \/>\n<meta property=\"og:url\" content=\"https:\/\/www.mopskrasnystaw.pl\/?p=3012\" \/>\n<meta property=\"og:site_name\" content=\"MOPS Krasnystaw\" \/>\n<meta property=\"article:published_time\" content=\"2021-07-23T06:59:17+00:00\" \/>\n<meta property=\"og:image\" content=\"http:\/\/www.mopskrasnystaw.pl\/wp-content\/uploads\/2021\/07\/zdjecie-CAS-FB-280x197.png\" \/>\n<meta name=\"twitter:card\" content=\"summary_large_image\" \/>\n<meta name=\"twitter:label1\" content=\"Napisane przez\" \/>\n\t<meta name=\"twitter:data1\" content=\"redaktor\" \/>\n\t<meta name=\"twitter:label2\" content=\"Szacowany czas czytania\" \/>\n\t<meta name=\"twitter:data2\" content=\"1 minuta\" \/>\n<script type=\"application\/ld+json\" class=\"yoast-schema-graph\">{\"@context\":\"https:\/\/schema.org\",\"@graph\":[{\"@type\":\"WebSite\",\"@id\":\"https:\/\/www.mopskrasnystaw.pl\/#website\",\"url\":\"https:\/\/www.mopskrasnystaw.pl\/\",\"name\":\"MOPS Krasnystaw\",\"description\":\"\",\"potentialAction\":[{\"@type\":\"SearchAction\",\"target\":{\"@type\":\"EntryPoint\",\"urlTemplate\":\"https:\/\/www.mopskrasnystaw.pl\/?s={search_term_string}\"},\"query-input\":\"required name=search_term_string\"}],\"inLanguage\":\"pl-PL\"},{\"@type\":\"ImageObject\",\"inLanguage\":\"pl-PL\",\"@id\":\"https:\/\/www.mopskrasnystaw.pl\/?p=3012#primaryimage\",\"url\":\"http:\/\/www.mopskrasnystaw.pl\/wp-content\/uploads\/2021\/07\/zdjecie-CAS-FB-280x197.png\",\"contentUrl\":\"http:\/\/www.mopskrasnystaw.pl\/wp-content\/uploads\/2021\/07\/zdjecie-CAS-FB-280x197.png\"},{\"@type\":\"WebPage\",\"@id\":\"https:\/\/www.mopskrasnystaw.pl\/?p=3012#webpage\",\"url\":\"https:\/\/www.mopskrasnystaw.pl\/?p=3012\",\"name\":\"CENTRUM AKTYWNEGO SENIORA ZAPRASZA wszystkich senior\u00f3w zamieszka\u0142ych w Krasnymstawie - MOPS Krasnystaw\",\"isPartOf\":{\"@id\":\"https:\/\/www.mopskrasnystaw.pl\/#website\"},\"primaryImageOfPage\":{\"@id\":\"https:\/\/www.mopskrasnystaw.pl\/?p=3012#primaryimage\"},\"datePublished\":\"2021-07-23T06:59:17+00:00\",\"dateModified\":\"2021-07-23T06:59:17+00:00\",\"author\":{\"@id\":\"https:\/\/www.mopskrasnystaw.pl\/#\/schema\/person\/c243255ac797e8203dac0928e5fb7dd7\"},\"breadcrumb\":{\"@id\":\"https:\/\/www.mopskrasnystaw.pl\/?p=3012#breadcrumb\"},\"inLanguage\":\"pl-PL\",\"potentialAction\":[{\"@type\":\"ReadAction\",\"target\":[\"https:\/\/www.mopskrasnystaw.pl\/?p=3012\"]}]},{\"@type\":\"BreadcrumbList\",\"@id\":\"https:\/\/www.mopskrasnystaw.pl\/?p=3012#breadcrumb\",\"itemListElement\":[{\"@type\":\"ListItem\",\"position\":1,\"name\":\"Strona g\u0142\u00f3wna\",\"item\":\"https:\/\/www.mopskrasnystaw.pl\/\"},{\"@type\":\"ListItem\",\"position\":2,\"name\":\"CENTRUM AKTYWNEGO SENIORA ZAPRASZA wszystkich senior\u00f3w zamieszka\u0142ych w Krasnymstawie\"}]},{\"@type\":\"Person\",\"@id\":\"https:\/\/www.mopskrasnystaw.pl\/#\/schema\/person\/c243255ac797e8203dac0928e5fb7dd7\",\"name\":\"redaktor\",\"image\":{\"@type\":\"ImageObject\",\"inLanguage\":\"pl-PL\",\"@id\":\"https:\/\/www.mopskrasnystaw.pl\/#\/schema\/person\/image\/\",\"url\":\"https:\/\/secure.gravatar.com\/avatar\/6508b8995653ed772737e87b63e3a77a?s=96&d=mm&r=g\",\"contentUrl\":\"https:\/\/secure.gravatar.com\/avatar\/6508b8995653ed772737e87b63e3a77a?s=96&d=mm&r=g\",\"caption\":\"redaktor\"},\"url\":\"https:\/\/www.mopskrasnystaw.pl\/?author=3\"}]}<\/script>\n<!-- \/ Yoast SEO plugin. -->","yoast_head_json":{"title":"CENTRUM AKTYWNEGO SENIORA ZAPRASZA wszystkich senior\u00f3w zamieszka\u0142ych w Krasnymstawie - MOPS Krasnystaw","robots":{"index":"index","follow":"follow","max-snippet":"max-snippet:-1","max-image-preview":"max-image-preview:large","max-video-preview":"max-video-preview:-1"},"canonical":"https:\/\/www.mopskrasnystaw.pl\/?p=3012","og_locale":"pl_PL","og_type":"article","og_title":"CENTRUM AKTYWNEGO SENIORA ZAPRASZA wszystkich senior\u00f3w zamieszka\u0142ych w Krasnymstawie - MOPS Krasnystaw","og_description":"na \u00a0ZAJ\u0118CIA:\u00a0 PRAWO NA CO DZIE\u0143 &#8211; spotkanie grupowe z prawnikiem w dniu 26 lipca 2021 r. \/poniedzia\u0142ek\/ od godz. 14.00 w Sali Dziennego Domu Pomocy Spo\u0142ecznej w Krasnymstawie przy ul. Konopnickiej Z DIETETYKIEM \u2013 spotkanie grupowe w dniu 27 lipca 2021 r. \/wtorek\/ od godz. 9.30 w sali Dziennego Domu Pomocy Spo\u0142ecznej w Krasnymstawie [&hellip;]","og_url":"https:\/\/www.mopskrasnystaw.pl\/?p=3012","og_site_name":"MOPS Krasnystaw","article_published_time":"2021-07-23T06:59:17+00:00","og_image":[{"url":"http:\/\/www.mopskrasnystaw.pl\/wp-content\/uploads\/2021\/07\/zdjecie-CAS-FB-280x197.png"}],"twitter_card":"summary_large_image","twitter_misc":{"Napisane przez":"redaktor","Szacowany czas czytania":"1 minuta"},"schema":{"@context":"https:\/\/schema.org","@graph":[{"@type":"WebSite","@id":"https:\/\/www.mopskrasnystaw.pl\/#website","url":"https:\/\/www.mopskrasnystaw.pl\/","name":"MOPS Krasnystaw","description":"","potentialAction":[{"@type":"SearchAction","target":{"@type":"EntryPoint","urlTemplate":"https:\/\/www.mopskrasnystaw.pl\/?s={search_term_string}"},"query-input":"required name=search_term_string"}],"inLanguage":"pl-PL"},{"@type":"ImageObject","inLanguage":"pl-PL","@id":"https:\/\/www.mopskrasnystaw.pl\/?p=3012#primaryimage","url":"http:\/\/www.mopskrasnystaw.pl\/wp-content\/uploads\/2021\/07\/zdjecie-CAS-FB-280x197.png","contentUrl":"http:\/\/www.mopskrasnystaw.pl\/wp-content\/uploads\/2021\/07\/zdjecie-CAS-FB-280x197.png"},{"@type":"WebPage","@id":"https:\/\/www.mopskrasnystaw.pl\/?p=3012#webpage","url":"https:\/\/www.mopskrasnystaw.pl\/?p=3012","name":"CENTRUM AKTYWNEGO SENIORA ZAPRASZA wszystkich senior\u00f3w zamieszka\u0142ych w Krasnymstawie - MOPS Krasnystaw","isPartOf":{"@id":"https:\/\/www.mopskrasnystaw.pl\/#website"},"primaryImageOfPage":{"@id":"https:\/\/www.mopskrasnystaw.pl\/?p=3012#primaryimage"},"datePublished":"2021-07-23T06:59:17+00:00","dateModified":"2021-07-23T06:59:17+00:00","author":{"@id":"https:\/\/www.mopskrasnystaw.pl\/#\/schema\/person\/c243255ac797e8203dac0928e5fb7dd7"},"breadcrumb":{"@id":"https:\/\/www.mopskrasnystaw.pl\/?p=3012#breadcrumb"},"inLanguage":"pl-PL","potentialAction":[{"@type":"ReadAction","target":["https:\/\/www.mopskrasnystaw.pl\/?p=3012"]}]},{"@type":"BreadcrumbList","@id":"https:\/\/www.mopskrasnystaw.pl\/?p=3012#breadcrumb","itemListElement":[{"@type":"ListItem","position":1,"name":"Strona g\u0142\u00f3wna","item":"https:\/\/www.mopskrasnystaw.pl\/"},{"@type":"ListItem","position":2,"name":"CENTRUM AKTYWNEGO SENIORA ZAPRASZA wszystkich senior\u00f3w zamieszka\u0142ych w Krasnymstawie"}]},{"@type":"Person","@id":"https:\/\/www.mopskrasnystaw.pl\/#\/schema\/person\/c243255ac797e8203dac0928e5fb7dd7","name":"redaktor","image":{"@type":"ImageObject","inLanguage":"pl-PL","@id":"https:\/\/www.mopskrasnystaw.pl\/#\/schema\/person\/image\/","url":"https:\/\/secure.gravatar.com\/avatar\/6508b8995653ed772737e87b63e3a77a?s=96&d=mm&r=g","contentUrl":"https:\/\/secure.gravatar.com\/avatar\/6508b8995653ed772737e87b63e3a77a?s=96&d=mm&r=g","caption":"redaktor"},"url":"https:\/\/www.mopskrasnystaw.pl\/?author=3"}]}},"_links":{"self":[{"href":"https:\/\/www.mopskrasnystaw.pl\/index.php?rest_route=\/wp\/v2\/posts\/3012"}],"collection":[{"href":"https:\/\/www.mopskrasnystaw.pl\/index.php?rest_route=\/wp\/v2\/posts"}],"about":[{"href":"https:\/\/www.mopskrasnystaw.pl\/index.php?rest_route=\/wp\/v2\/types\/post"}],"author":[{"embeddable":true,"href":"https:\/\/www.mopskrasnystaw.pl\/index.php?rest_route=\/wp\/v2\/users\/3"}],"replies":[{"embeddable":true,"href":"https:\/\/www.mopskrasnystaw.pl\/index.php?rest_route=%2Fwp%2Fv2%2Fcomments&post=3012"}],"version-history":[{"count":0,"href":"https:\/\/www.mopskrasnystaw.pl\/index.php?rest_route=\/wp\/v2\/posts\/3012\/revisions"}],"wp:attachment":[{"href":"https:\/\/www.mopskrasnystaw.pl\/index.php?rest_route=%2Fwp%2Fv2%2Fmedia&parent=3012"}],"wp:term":[{"taxonomy":"category","embeddable":true,"href":"https:\/\/www.mopskrasnystaw.pl\/index.php?rest_route=%2Fwp%2Fv2%2Fcategories&post=3012"},{"taxonomy":"post_tag","embeddable":true,"href":"https:\/\/www.mopskrasnystaw.pl\/index.php?rest_route=%2Fwp%2Fv2%2Ftags&post=3012"}],"curies":[{"name":"wp","href":"https:\/\/api.w.org\/{rel}","templated":true}]}}