{"id":2993,"date":"2021-07-09T08:05:09","date_gmt":"2021-07-09T08:05:09","guid":{"rendered":"http:\/\/www.mopskrasnystaw.pl\/?p=2993"},"modified":"2021-07-09T08:05:09","modified_gmt":"2021-07-09T08:05:09","slug":"cis-krasnystaw-akcja-reintegracja","status":"publish","type":"post","link":"https:\/\/www.mopskrasnystaw.pl\/?p=2993","title":{"rendered":"CIS Krasnystaw \u2013 Akcja \u2013 Reintegracja!"},"content":{"rendered":"<p><a href=\"https:\/\/www.mopskrasnystaw.pl\/wp-content\/uploads\/2021\/07\/001_09072021_100041.jpg\"><img loading=\"lazy\" class=\"alignleft size-medium wp-image-2994\" src=\"http:\/\/www.mopskrasnystaw.pl\/wp-content\/uploads\/2021\/07\/001_09072021_100041-280x190.jpg\" alt=\"\" width=\"280\" height=\"190\" \/><\/a>\u00a0\u00a0\u00a0\u00a0\u00a0\u00a0\u00a0\u00a0\u00a0\u00a0\u00a0 Trwa realizacja projektu pt. \u201e CIS Krasnystaw \u2013 Akcja \u2013 Reintegracja!\u201d realizowanego we wsp\u00f3\u0142pracy z Centrum Integracji Spo\u0142ecznej w Krasnymstawie a dofinansowanego ze \u015brodk\u00f3w Unii Europejskiej w ramach Regionalnego Programu Operacyjnego Wojew\u00f3dztwa Lubelskiego 2014 \u2013 2020.<\/p>\n<p>Od 1 pa\u017adziernika 2020 roku 15 uczestnik\u00f3w projektu obj\u0119tych jest:<\/p>\n<p>&#8211; kontraktem socjalnym realizowanym przez pracownik\u00f3w socjalnych O\u015brodka;<\/p>\n<p>&#8211; Indywidualnym Programem Zatrudnienia Socjalnego realizowanym przez Centrum Integracji Spo\u0142ecznej w Krasnymstawie.<\/p>\n<p>W ramach Reintegracji spo\u0142ecznej \u00a0uczestnicy projektu otrzymuj\u0105 wsparcie w formie Warsztat\u00f3w kulturalnych z animatorem -\u2013 zaj\u0119cia grupowe 2 h w miesi\u0105cu.<\/p>\n<p>24 czerwca 2021 r uczestnicy wsp\u00f3lnie z animatorem odwiedzili Muzeum Regionalne w Krasnymstawie.<!--more--><\/p>\n<p><a href=\"http:\/\/www.mopskrasnystaw.pl\/wp-content\/uploads\/2021\/07\/IMG_20210624_101011632_HDR-scaled.jpg\"><img loading=\"lazy\" class=\"alignleft size-medium wp-image-2995\" src=\"http:\/\/www.mopskrasnystaw.pl\/wp-content\/uploads\/2021\/07\/IMG_20210624_101011632_HDR-280x210.jpg\" alt=\"\" width=\"280\" height=\"210\" \/><\/a> <a href=\"http:\/\/www.mopskrasnystaw.pl\/wp-content\/uploads\/2021\/07\/IMG_20210624_102323442-scaled.jpg\"><img loading=\"lazy\" class=\"alignleft size-medium wp-image-2996\" src=\"http:\/\/www.mopskrasnystaw.pl\/wp-content\/uploads\/2021\/07\/IMG_20210624_102323442-280x210.jpg\" alt=\"\" width=\"280\" height=\"210\" \/><\/a> <a href=\"http:\/\/www.mopskrasnystaw.pl\/wp-content\/uploads\/2021\/07\/IMG_20210624_103910205_HDR-scaled.jpg\"><img loading=\"lazy\" class=\"alignleft size-medium wp-image-2997\" src=\"http:\/\/www.mopskrasnystaw.pl\/wp-content\/uploads\/2021\/07\/IMG_20210624_103910205_HDR-225x300.jpg\" alt=\"\" width=\"225\" height=\"300\" \/><\/a> <a href=\"https:\/\/www.mopskrasnystaw.pl\/wp-content\/uploads\/2021\/07\/IMG_20210624_110151184__exported_1753_1624637403452.jpg\"><img loading=\"lazy\" class=\"alignleft size-medium wp-image-2998\" src=\"http:\/\/www.mopskrasnystaw.pl\/wp-content\/uploads\/2021\/07\/IMG_20210624_110151184__exported_1753_1624637403452-225x300.jpg\" alt=\"\" width=\"225\" height=\"300\" srcset=\"https:\/\/www.mopskrasnystaw.pl\/wp-content\/uploads\/2021\/07\/IMG_20210624_110151184__exported_1753_1624637403452-225x300.jpg 225w, https:\/\/www.mopskrasnystaw.pl\/wp-content\/uploads\/2021\/07\/IMG_20210624_110151184__exported_1753_1624637403452-768x1024.jpg 768w, https:\/\/www.mopskrasnystaw.pl\/wp-content\/uploads\/2021\/07\/IMG_20210624_110151184__exported_1753_1624637403452.jpg 1080w\" sizes=\"(max-width: 225px) 100vw, 225px\" \/><\/a> <a href=\"http:\/\/www.mopskrasnystaw.pl\/wp-content\/uploads\/2021\/07\/IMG_20210624_111249316-scaled.jpg\"><img loading=\"lazy\" class=\"alignleft size-medium wp-image-2999\" src=\"http:\/\/www.mopskrasnystaw.pl\/wp-content\/uploads\/2021\/07\/IMG_20210624_111249316-280x210.jpg\" alt=\"\" width=\"280\" height=\"210\" \/><\/a><\/p>\n","protected":false},"excerpt":{"rendered":"<p>\u00a0\u00a0\u00a0\u00a0\u00a0\u00a0\u00a0\u00a0\u00a0\u00a0\u00a0 Trwa realizacja projektu pt. \u201e CIS Krasnystaw \u2013 Akcja \u2013 Reintegracja!\u201d realizowanego we wsp\u00f3\u0142pracy z Centrum Integracji Spo\u0142ecznej w Krasnymstawie a dofinansowanego ze \u015brodk\u00f3w Unii Europejskiej w ramach Regionalnego Programu Operacyjnego Wojew\u00f3dztwa Lubelskiego 2014 \u2013 2020. Od 1 pa\u017adziernika 2020 roku 15 uczestnik\u00f3w projektu obj\u0119tych jest: &#8211; kontraktem socjalnym realizowanym przez pracownik\u00f3w socjalnych O\u015brodka; [&hellip;]<\/p>\n","protected":false},"author":3,"featured_media":0,"comment_status":"open","ping_status":"open","sticky":false,"template":"","format":"standard","meta":[],"categories":[7,8],"tags":[],"yoast_head":"<!-- This site is optimized with the Yoast SEO plugin v19.0 - https:\/\/yoast.com\/wordpress\/plugins\/seo\/ -->\n<title>CIS Krasnystaw \u2013 Akcja \u2013 Reintegracja! - MOPS Krasnystaw<\/title>\n<meta name=\"robots\" content=\"index, follow, max-snippet:-1, max-image-preview:large, max-video-preview:-1\" \/>\n<link rel=\"canonical\" href=\"https:\/\/www.mopskrasnystaw.pl\/?p=2993\" \/>\n<meta property=\"og:locale\" content=\"pl_PL\" \/>\n<meta property=\"og:type\" content=\"article\" \/>\n<meta property=\"og:title\" content=\"CIS Krasnystaw \u2013 Akcja \u2013 Reintegracja! - MOPS Krasnystaw\" \/>\n<meta property=\"og:description\" content=\"\u00a0\u00a0\u00a0\u00a0\u00a0\u00a0\u00a0\u00a0\u00a0\u00a0\u00a0 Trwa realizacja projektu pt. \u201e CIS Krasnystaw \u2013 Akcja \u2013 Reintegracja!\u201d realizowanego we wsp\u00f3\u0142pracy z Centrum Integracji Spo\u0142ecznej w Krasnymstawie a dofinansowanego ze \u015brodk\u00f3w Unii Europejskiej w ramach Regionalnego Programu Operacyjnego Wojew\u00f3dztwa Lubelskiego 2014 \u2013 2020. Od 1 pa\u017adziernika 2020 roku 15 uczestnik\u00f3w projektu obj\u0119tych jest: &#8211; kontraktem socjalnym realizowanym przez pracownik\u00f3w socjalnych O\u015brodka; [&hellip;]\" \/>\n<meta property=\"og:url\" content=\"https:\/\/www.mopskrasnystaw.pl\/?p=2993\" \/>\n<meta property=\"og:site_name\" content=\"MOPS Krasnystaw\" \/>\n<meta property=\"article:published_time\" content=\"2021-07-09T08:05:09+00:00\" \/>\n<meta property=\"og:image\" content=\"http:\/\/www.mopskrasnystaw.pl\/wp-content\/uploads\/2021\/07\/001_09072021_100041-280x190.jpg\" \/>\n<meta name=\"twitter:card\" content=\"summary_large_image\" \/>\n<meta name=\"twitter:label1\" content=\"Napisane przez\" \/>\n\t<meta name=\"twitter:data1\" content=\"redaktor\" \/>\n\t<meta name=\"twitter:label2\" content=\"Szacowany czas czytania\" \/>\n\t<meta name=\"twitter:data2\" content=\"1 minuta\" \/>\n<script type=\"application\/ld+json\" class=\"yoast-schema-graph\">{\"@context\":\"https:\/\/schema.org\",\"@graph\":[{\"@type\":\"WebSite\",\"@id\":\"https:\/\/www.mopskrasnystaw.pl\/#website\",\"url\":\"https:\/\/www.mopskrasnystaw.pl\/\",\"name\":\"MOPS Krasnystaw\",\"description\":\"\",\"potentialAction\":[{\"@type\":\"SearchAction\",\"target\":{\"@type\":\"EntryPoint\",\"urlTemplate\":\"https:\/\/www.mopskrasnystaw.pl\/?s={search_term_string}\"},\"query-input\":\"required name=search_term_string\"}],\"inLanguage\":\"pl-PL\"},{\"@type\":\"ImageObject\",\"inLanguage\":\"pl-PL\",\"@id\":\"https:\/\/www.mopskrasnystaw.pl\/?p=2993#primaryimage\",\"url\":\"http:\/\/www.mopskrasnystaw.pl\/wp-content\/uploads\/2021\/07\/001_09072021_100041-280x190.jpg\",\"contentUrl\":\"http:\/\/www.mopskrasnystaw.pl\/wp-content\/uploads\/2021\/07\/001_09072021_100041-280x190.jpg\"},{\"@type\":\"WebPage\",\"@id\":\"https:\/\/www.mopskrasnystaw.pl\/?p=2993#webpage\",\"url\":\"https:\/\/www.mopskrasnystaw.pl\/?p=2993\",\"name\":\"CIS Krasnystaw \u2013 Akcja \u2013 Reintegracja! - MOPS Krasnystaw\",\"isPartOf\":{\"@id\":\"https:\/\/www.mopskrasnystaw.pl\/#website\"},\"primaryImageOfPage\":{\"@id\":\"https:\/\/www.mopskrasnystaw.pl\/?p=2993#primaryimage\"},\"datePublished\":\"2021-07-09T08:05:09+00:00\",\"dateModified\":\"2021-07-09T08:05:09+00:00\",\"author\":{\"@id\":\"https:\/\/www.mopskrasnystaw.pl\/#\/schema\/person\/c243255ac797e8203dac0928e5fb7dd7\"},\"breadcrumb\":{\"@id\":\"https:\/\/www.mopskrasnystaw.pl\/?p=2993#breadcrumb\"},\"inLanguage\":\"pl-PL\",\"potentialAction\":[{\"@type\":\"ReadAction\",\"target\":[\"https:\/\/www.mopskrasnystaw.pl\/?p=2993\"]}]},{\"@type\":\"BreadcrumbList\",\"@id\":\"https:\/\/www.mopskrasnystaw.pl\/?p=2993#breadcrumb\",\"itemListElement\":[{\"@type\":\"ListItem\",\"position\":1,\"name\":\"Strona g\u0142\u00f3wna\",\"item\":\"https:\/\/www.mopskrasnystaw.pl\/\"},{\"@type\":\"ListItem\",\"position\":2,\"name\":\"CIS Krasnystaw \u2013 Akcja \u2013 Reintegracja!\"}]},{\"@type\":\"Person\",\"@id\":\"https:\/\/www.mopskrasnystaw.pl\/#\/schema\/person\/c243255ac797e8203dac0928e5fb7dd7\",\"name\":\"redaktor\",\"image\":{\"@type\":\"ImageObject\",\"inLanguage\":\"pl-PL\",\"@id\":\"https:\/\/www.mopskrasnystaw.pl\/#\/schema\/person\/image\/\",\"url\":\"https:\/\/secure.gravatar.com\/avatar\/6508b8995653ed772737e87b63e3a77a?s=96&d=mm&r=g\",\"contentUrl\":\"https:\/\/secure.gravatar.com\/avatar\/6508b8995653ed772737e87b63e3a77a?s=96&d=mm&r=g\",\"caption\":\"redaktor\"},\"url\":\"https:\/\/www.mopskrasnystaw.pl\/?author=3\"}]}<\/script>\n<!-- \/ Yoast SEO plugin. -->","yoast_head_json":{"title":"CIS Krasnystaw \u2013 Akcja \u2013 Reintegracja! - MOPS Krasnystaw","robots":{"index":"index","follow":"follow","max-snippet":"max-snippet:-1","max-image-preview":"max-image-preview:large","max-video-preview":"max-video-preview:-1"},"canonical":"https:\/\/www.mopskrasnystaw.pl\/?p=2993","og_locale":"pl_PL","og_type":"article","og_title":"CIS Krasnystaw \u2013 Akcja \u2013 Reintegracja! - MOPS Krasnystaw","og_description":"\u00a0\u00a0\u00a0\u00a0\u00a0\u00a0\u00a0\u00a0\u00a0\u00a0\u00a0 Trwa realizacja projektu pt. \u201e CIS Krasnystaw \u2013 Akcja \u2013 Reintegracja!\u201d realizowanego we wsp\u00f3\u0142pracy z Centrum Integracji Spo\u0142ecznej w Krasnymstawie a dofinansowanego ze \u015brodk\u00f3w Unii Europejskiej w ramach Regionalnego Programu Operacyjnego Wojew\u00f3dztwa Lubelskiego 2014 \u2013 2020. Od 1 pa\u017adziernika 2020 roku 15 uczestnik\u00f3w projektu obj\u0119tych jest: &#8211; kontraktem socjalnym realizowanym przez pracownik\u00f3w socjalnych O\u015brodka; [&hellip;]","og_url":"https:\/\/www.mopskrasnystaw.pl\/?p=2993","og_site_name":"MOPS Krasnystaw","article_published_time":"2021-07-09T08:05:09+00:00","og_image":[{"url":"http:\/\/www.mopskrasnystaw.pl\/wp-content\/uploads\/2021\/07\/001_09072021_100041-280x190.jpg"}],"twitter_card":"summary_large_image","twitter_misc":{"Napisane przez":"redaktor","Szacowany czas czytania":"1 minuta"},"schema":{"@context":"https:\/\/schema.org","@graph":[{"@type":"WebSite","@id":"https:\/\/www.mopskrasnystaw.pl\/#website","url":"https:\/\/www.mopskrasnystaw.pl\/","name":"MOPS Krasnystaw","description":"","potentialAction":[{"@type":"SearchAction","target":{"@type":"EntryPoint","urlTemplate":"https:\/\/www.mopskrasnystaw.pl\/?s={search_term_string}"},"query-input":"required name=search_term_string"}],"inLanguage":"pl-PL"},{"@type":"ImageObject","inLanguage":"pl-PL","@id":"https:\/\/www.mopskrasnystaw.pl\/?p=2993#primaryimage","url":"http:\/\/www.mopskrasnystaw.pl\/wp-content\/uploads\/2021\/07\/001_09072021_100041-280x190.jpg","contentUrl":"http:\/\/www.mopskrasnystaw.pl\/wp-content\/uploads\/2021\/07\/001_09072021_100041-280x190.jpg"},{"@type":"WebPage","@id":"https:\/\/www.mopskrasnystaw.pl\/?p=2993#webpage","url":"https:\/\/www.mopskrasnystaw.pl\/?p=2993","name":"CIS Krasnystaw \u2013 Akcja \u2013 Reintegracja! - MOPS Krasnystaw","isPartOf":{"@id":"https:\/\/www.mopskrasnystaw.pl\/#website"},"primaryImageOfPage":{"@id":"https:\/\/www.mopskrasnystaw.pl\/?p=2993#primaryimage"},"datePublished":"2021-07-09T08:05:09+00:00","dateModified":"2021-07-09T08:05:09+00:00","author":{"@id":"https:\/\/www.mopskrasnystaw.pl\/#\/schema\/person\/c243255ac797e8203dac0928e5fb7dd7"},"breadcrumb":{"@id":"https:\/\/www.mopskrasnystaw.pl\/?p=2993#breadcrumb"},"inLanguage":"pl-PL","potentialAction":[{"@type":"ReadAction","target":["https:\/\/www.mopskrasnystaw.pl\/?p=2993"]}]},{"@type":"BreadcrumbList","@id":"https:\/\/www.mopskrasnystaw.pl\/?p=2993#breadcrumb","itemListElement":[{"@type":"ListItem","position":1,"name":"Strona g\u0142\u00f3wna","item":"https:\/\/www.mopskrasnystaw.pl\/"},{"@type":"ListItem","position":2,"name":"CIS Krasnystaw \u2013 Akcja \u2013 Reintegracja!"}]},{"@type":"Person","@id":"https:\/\/www.mopskrasnystaw.pl\/#\/schema\/person\/c243255ac797e8203dac0928e5fb7dd7","name":"redaktor","image":{"@type":"ImageObject","inLanguage":"pl-PL","@id":"https:\/\/www.mopskrasnystaw.pl\/#\/schema\/person\/image\/","url":"https:\/\/secure.gravatar.com\/avatar\/6508b8995653ed772737e87b63e3a77a?s=96&d=mm&r=g","contentUrl":"https:\/\/secure.gravatar.com\/avatar\/6508b8995653ed772737e87b63e3a77a?s=96&d=mm&r=g","caption":"redaktor"},"url":"https:\/\/www.mopskrasnystaw.pl\/?author=3"}]}},"_links":{"self":[{"href":"https:\/\/www.mopskrasnystaw.pl\/index.php?rest_route=\/wp\/v2\/posts\/2993"}],"collection":[{"href":"https:\/\/www.mopskrasnystaw.pl\/index.php?rest_route=\/wp\/v2\/posts"}],"about":[{"href":"https:\/\/www.mopskrasnystaw.pl\/index.php?rest_route=\/wp\/v2\/types\/post"}],"author":[{"embeddable":true,"href":"https:\/\/www.mopskrasnystaw.pl\/index.php?rest_route=\/wp\/v2\/users\/3"}],"replies":[{"embeddable":true,"href":"https:\/\/www.mopskrasnystaw.pl\/index.php?rest_route=%2Fwp%2Fv2%2Fcomments&post=2993"}],"version-history":[{"count":0,"href":"https:\/\/www.mopskrasnystaw.pl\/index.php?rest_route=\/wp\/v2\/posts\/2993\/revisions"}],"wp:attachment":[{"href":"https:\/\/www.mopskrasnystaw.pl\/index.php?rest_route=%2Fwp%2Fv2%2Fmedia&parent=2993"}],"wp:term":[{"taxonomy":"category","embeddable":true,"href":"https:\/\/www.mopskrasnystaw.pl\/index.php?rest_route=%2Fwp%2Fv2%2Fcategories&post=2993"},{"taxonomy":"post_tag","embeddable":true,"href":"https:\/\/www.mopskrasnystaw.pl\/index.php?rest_route=%2Fwp%2Fv2%2Ftags&post=2993"}],"curies":[{"name":"wp","href":"https:\/\/api.w.org\/{rel}","templated":true}]}}