{"id":2544,"date":"2021-03-11T11:16:45","date_gmt":"2021-03-11T11:16:45","guid":{"rendered":"http:\/\/www.mopskrasnystaw.pl\/?p=2544"},"modified":"2021-03-11T11:16:45","modified_gmt":"2021-03-11T11:16:45","slug":"uczestnicy-grupy-reintegracyjnej-technolog-robot-wykonczeniowych-projektu-pt-cis-krasnystaw-akcja-reintegracja","status":"publish","type":"post","link":"https:\/\/www.mopskrasnystaw.pl\/?p=2544","title":{"rendered":"UCZESTNICY grupy reintegracyjnej  TECHNOLOG ROB\u00d3T WYKO\u0143CZENIOWYCH projektu pt. \u201e CIS Krasnystaw \u2013 Akcja \u2013 Reintegracja!\u201d"},"content":{"rendered":"\n<div class=\"wp-block-image\"><figure class=\"alignleft\"><img src=\"http:\/\/www.mopskrasnystaw.pl\/wp-content\/uploads\/2021\/03\/001_10022021_115034-1-280x162.jpg\" alt=\"\" class=\"wp-image-2542\"\/><\/figure><\/div>\n\n\n\n<p>realizowanego we wsp\u00f3\u0142pracy z Centrum Integracji Spo\u0142ecznej w Krasnymstawie a dofinansowanego ze \u015brodk\u00f3w Unii Europejskiej w ramach Regionalnego Programu Operacyjnego Wojew\u00f3dztwa Lubelskiego 2014 \u2013 2020 wspieraj\u0105 miejskie jednostki samorz\u0105dowe w niezb\u0119dnych pracach remontowych.<br>Od pa\u017adziernika 2020 roku uczestnicy pod bacznym okiem Instruktora Zawodu P. Andrzeja Tarajko przyuczaj\u0105 si\u0119 do zawodu wykonuj\u0105c prace :<br>&#8211; odnowienie \u015bcian i drzwi w Miejskim O\u015brodku Pomocy Spo\u0142ecznej,<br>&#8211; prace remontowe w Przedszkolu nr 5,<br>&#8211; wsp\u00f3\u0142uczestniczenie w monta\u017cu i demonta\u017cu szopki Bo\u017conarodzeniowej na Rynku Miejskim,<br>&#8211; odnowienie \u0142awek w ogrodach Centrum Integracji Spo\u0142ecznej.<br>Zaj\u0119cia reintegracji prowadzone s\u0105 codziennie w godzinach od 8.00 do 14.00.<\/p>\n\n\n\n<figure class=\"wp-block-image\"><img loading=\"lazy\" width=\"992\" height=\"1984\" src=\"https:\/\/www.mopskrasnystaw.pl\/wp-content\/uploads\/2021\/03\/147412450_1158430004598055_3681112638310362225_n.jpg\" alt=\"\" class=\"wp-image-2545\" srcset=\"https:\/\/www.mopskrasnystaw.pl\/wp-content\/uploads\/2021\/03\/147412450_1158430004598055_3681112638310362225_n.jpg 992w, https:\/\/www.mopskrasnystaw.pl\/wp-content\/uploads\/2021\/03\/147412450_1158430004598055_3681112638310362225_n-150x300.jpg 150w, https:\/\/www.mopskrasnystaw.pl\/wp-content\/uploads\/2021\/03\/147412450_1158430004598055_3681112638310362225_n-512x1024.jpg 512w, https:\/\/www.mopskrasnystaw.pl\/wp-content\/uploads\/2021\/03\/147412450_1158430004598055_3681112638310362225_n-768x1536.jpg 768w\" sizes=\"(max-width: 992px) 100vw, 992px\" \/><\/figure>\n\n\n\n<figure class=\"wp-block-image\"><img loading=\"lazy\" width=\"992\" height=\"1984\" src=\"https:\/\/www.mopskrasnystaw.pl\/wp-content\/uploads\/2021\/03\/149016302_1194387530978916_7951150663632158862_n.jpg\" alt=\"\" class=\"wp-image-2546\" srcset=\"https:\/\/www.mopskrasnystaw.pl\/wp-content\/uploads\/2021\/03\/149016302_1194387530978916_7951150663632158862_n.jpg 992w, https:\/\/www.mopskrasnystaw.pl\/wp-content\/uploads\/2021\/03\/149016302_1194387530978916_7951150663632158862_n-150x300.jpg 150w, https:\/\/www.mopskrasnystaw.pl\/wp-content\/uploads\/2021\/03\/149016302_1194387530978916_7951150663632158862_n-512x1024.jpg 512w, https:\/\/www.mopskrasnystaw.pl\/wp-content\/uploads\/2021\/03\/149016302_1194387530978916_7951150663632158862_n-768x1536.jpg 768w\" sizes=\"(max-width: 992px) 100vw, 992px\" \/><\/figure>\n","protected":false},"excerpt":{"rendered":"<p>realizowanego we wsp\u00f3\u0142pracy z Centrum Integracji Spo\u0142ecznej w Krasnymstawie a dofinansowanego ze \u015brodk\u00f3w Unii Europejskiej w ramach Regionalnego Programu Operacyjnego Wojew\u00f3dztwa Lubelskiego 2014 \u2013 2020 wspieraj\u0105 miejskie jednostki samorz\u0105dowe w niezb\u0119dnych pracach remontowych.Od pa\u017adziernika 2020 roku uczestnicy pod bacznym okiem Instruktora Zawodu P. Andrzeja Tarajko przyuczaj\u0105 si\u0119 do zawodu wykonuj\u0105c prace :&#8211; odnowienie \u015bcian i [&hellip;]<\/p>\n","protected":false},"author":1,"featured_media":0,"comment_status":"open","ping_status":"open","sticky":false,"template":"","format":"standard","meta":[],"categories":[7,8],"tags":[],"yoast_head":"<!-- This site is optimized with the Yoast SEO plugin v19.0 - https:\/\/yoast.com\/wordpress\/plugins\/seo\/ -->\n<title>UCZESTNICY grupy reintegracyjnej TECHNOLOG ROB\u00d3T WYKO\u0143CZENIOWYCH projektu pt. \u201e CIS Krasnystaw \u2013 Akcja \u2013 Reintegracja!\u201d - MOPS Krasnystaw<\/title>\n<meta name=\"robots\" content=\"index, follow, max-snippet:-1, max-image-preview:large, max-video-preview:-1\" \/>\n<link rel=\"canonical\" href=\"https:\/\/www.mopskrasnystaw.pl\/?p=2544\" \/>\n<meta property=\"og:locale\" content=\"pl_PL\" \/>\n<meta property=\"og:type\" content=\"article\" \/>\n<meta property=\"og:title\" content=\"UCZESTNICY grupy reintegracyjnej TECHNOLOG ROB\u00d3T WYKO\u0143CZENIOWYCH projektu pt. \u201e CIS Krasnystaw \u2013 Akcja \u2013 Reintegracja!\u201d - MOPS Krasnystaw\" \/>\n<meta property=\"og:description\" content=\"realizowanego we wsp\u00f3\u0142pracy z Centrum Integracji Spo\u0142ecznej w Krasnymstawie a dofinansowanego ze \u015brodk\u00f3w Unii Europejskiej w ramach Regionalnego Programu Operacyjnego Wojew\u00f3dztwa Lubelskiego 2014 \u2013 2020 wspieraj\u0105 miejskie jednostki samorz\u0105dowe w niezb\u0119dnych pracach remontowych.Od pa\u017adziernika 2020 roku uczestnicy pod bacznym okiem Instruktora Zawodu P. Andrzeja Tarajko przyuczaj\u0105 si\u0119 do zawodu wykonuj\u0105c prace :&#8211; odnowienie \u015bcian i [&hellip;]\" \/>\n<meta property=\"og:url\" content=\"https:\/\/www.mopskrasnystaw.pl\/?p=2544\" \/>\n<meta property=\"og:site_name\" content=\"MOPS Krasnystaw\" \/>\n<meta property=\"article:published_time\" content=\"2021-03-11T11:16:45+00:00\" \/>\n<meta property=\"og:image\" content=\"http:\/\/www.mopskrasnystaw.pl\/wp-content\/uploads\/2021\/03\/001_10022021_115034-1-280x162.jpg\" \/>\n<meta name=\"twitter:card\" content=\"summary_large_image\" \/>\n<meta name=\"twitter:label1\" content=\"Napisane przez\" \/>\n\t<meta name=\"twitter:data1\" content=\"admin\" \/>\n\t<meta name=\"twitter:label2\" content=\"Szacowany czas czytania\" \/>\n\t<meta name=\"twitter:data2\" content=\"1 minuta\" \/>\n<script type=\"application\/ld+json\" class=\"yoast-schema-graph\">{\"@context\":\"https:\/\/schema.org\",\"@graph\":[{\"@type\":\"WebSite\",\"@id\":\"https:\/\/www.mopskrasnystaw.pl\/#website\",\"url\":\"https:\/\/www.mopskrasnystaw.pl\/\",\"name\":\"MOPS Krasnystaw\",\"description\":\"\",\"potentialAction\":[{\"@type\":\"SearchAction\",\"target\":{\"@type\":\"EntryPoint\",\"urlTemplate\":\"https:\/\/www.mopskrasnystaw.pl\/?s={search_term_string}\"},\"query-input\":\"required name=search_term_string\"}],\"inLanguage\":\"pl-PL\"},{\"@type\":\"ImageObject\",\"inLanguage\":\"pl-PL\",\"@id\":\"https:\/\/www.mopskrasnystaw.pl\/?p=2544#primaryimage\",\"url\":\"http:\/\/www.mopskrasnystaw.pl\/wp-content\/uploads\/2021\/03\/001_10022021_115034-1-280x162.jpg\",\"contentUrl\":\"http:\/\/www.mopskrasnystaw.pl\/wp-content\/uploads\/2021\/03\/001_10022021_115034-1-280x162.jpg\"},{\"@type\":\"WebPage\",\"@id\":\"https:\/\/www.mopskrasnystaw.pl\/?p=2544#webpage\",\"url\":\"https:\/\/www.mopskrasnystaw.pl\/?p=2544\",\"name\":\"UCZESTNICY grupy reintegracyjnej TECHNOLOG ROB\u00d3T WYKO\u0143CZENIOWYCH projektu pt. \u201e CIS Krasnystaw \u2013 Akcja \u2013 Reintegracja!\u201d - MOPS Krasnystaw\",\"isPartOf\":{\"@id\":\"https:\/\/www.mopskrasnystaw.pl\/#website\"},\"primaryImageOfPage\":{\"@id\":\"https:\/\/www.mopskrasnystaw.pl\/?p=2544#primaryimage\"},\"datePublished\":\"2021-03-11T11:16:45+00:00\",\"dateModified\":\"2021-03-11T11:16:45+00:00\",\"author\":{\"@id\":\"https:\/\/www.mopskrasnystaw.pl\/#\/schema\/person\/8602034b1d884d732e80ae1d66ce9838\"},\"breadcrumb\":{\"@id\":\"https:\/\/www.mopskrasnystaw.pl\/?p=2544#breadcrumb\"},\"inLanguage\":\"pl-PL\",\"potentialAction\":[{\"@type\":\"ReadAction\",\"target\":[\"https:\/\/www.mopskrasnystaw.pl\/?p=2544\"]}]},{\"@type\":\"BreadcrumbList\",\"@id\":\"https:\/\/www.mopskrasnystaw.pl\/?p=2544#breadcrumb\",\"itemListElement\":[{\"@type\":\"ListItem\",\"position\":1,\"name\":\"Strona g\u0142\u00f3wna\",\"item\":\"https:\/\/www.mopskrasnystaw.pl\/\"},{\"@type\":\"ListItem\",\"position\":2,\"name\":\"UCZESTNICY grupy reintegracyjnej TECHNOLOG ROB\u00d3T WYKO\u0143CZENIOWYCH projektu pt. \u201e CIS Krasnystaw \u2013 Akcja \u2013 Reintegracja!\u201d\"}]},{\"@type\":\"Person\",\"@id\":\"https:\/\/www.mopskrasnystaw.pl\/#\/schema\/person\/8602034b1d884d732e80ae1d66ce9838\",\"name\":\"admin\",\"image\":{\"@type\":\"ImageObject\",\"inLanguage\":\"pl-PL\",\"@id\":\"https:\/\/www.mopskrasnystaw.pl\/#\/schema\/person\/image\/\",\"url\":\"https:\/\/secure.gravatar.com\/avatar\/f766ee8f6f2a323224955fafdec48cda?s=96&d=mm&r=g\",\"contentUrl\":\"https:\/\/secure.gravatar.com\/avatar\/f766ee8f6f2a323224955fafdec48cda?s=96&d=mm&r=g\",\"caption\":\"admin\"},\"sameAs\":[\"https:\/\/www.mopskrasnystaw.pl\"],\"url\":\"https:\/\/www.mopskrasnystaw.pl\/?author=1\"}]}<\/script>\n<!-- \/ Yoast SEO plugin. -->","yoast_head_json":{"title":"UCZESTNICY grupy reintegracyjnej TECHNOLOG ROB\u00d3T WYKO\u0143CZENIOWYCH projektu pt. \u201e CIS Krasnystaw \u2013 Akcja \u2013 Reintegracja!\u201d - MOPS Krasnystaw","robots":{"index":"index","follow":"follow","max-snippet":"max-snippet:-1","max-image-preview":"max-image-preview:large","max-video-preview":"max-video-preview:-1"},"canonical":"https:\/\/www.mopskrasnystaw.pl\/?p=2544","og_locale":"pl_PL","og_type":"article","og_title":"UCZESTNICY grupy reintegracyjnej TECHNOLOG ROB\u00d3T WYKO\u0143CZENIOWYCH projektu pt. \u201e CIS Krasnystaw \u2013 Akcja \u2013 Reintegracja!\u201d - MOPS Krasnystaw","og_description":"realizowanego we wsp\u00f3\u0142pracy z Centrum Integracji Spo\u0142ecznej w Krasnymstawie a dofinansowanego ze \u015brodk\u00f3w Unii Europejskiej w ramach Regionalnego Programu Operacyjnego Wojew\u00f3dztwa Lubelskiego 2014 \u2013 2020 wspieraj\u0105 miejskie jednostki samorz\u0105dowe w niezb\u0119dnych pracach remontowych.Od pa\u017adziernika 2020 roku uczestnicy pod bacznym okiem Instruktora Zawodu P. Andrzeja Tarajko przyuczaj\u0105 si\u0119 do zawodu wykonuj\u0105c prace :&#8211; odnowienie \u015bcian i [&hellip;]","og_url":"https:\/\/www.mopskrasnystaw.pl\/?p=2544","og_site_name":"MOPS Krasnystaw","article_published_time":"2021-03-11T11:16:45+00:00","og_image":[{"url":"http:\/\/www.mopskrasnystaw.pl\/wp-content\/uploads\/2021\/03\/001_10022021_115034-1-280x162.jpg"}],"twitter_card":"summary_large_image","twitter_misc":{"Napisane przez":"admin","Szacowany czas czytania":"1 minuta"},"schema":{"@context":"https:\/\/schema.org","@graph":[{"@type":"WebSite","@id":"https:\/\/www.mopskrasnystaw.pl\/#website","url":"https:\/\/www.mopskrasnystaw.pl\/","name":"MOPS Krasnystaw","description":"","potentialAction":[{"@type":"SearchAction","target":{"@type":"EntryPoint","urlTemplate":"https:\/\/www.mopskrasnystaw.pl\/?s={search_term_string}"},"query-input":"required name=search_term_string"}],"inLanguage":"pl-PL"},{"@type":"ImageObject","inLanguage":"pl-PL","@id":"https:\/\/www.mopskrasnystaw.pl\/?p=2544#primaryimage","url":"http:\/\/www.mopskrasnystaw.pl\/wp-content\/uploads\/2021\/03\/001_10022021_115034-1-280x162.jpg","contentUrl":"http:\/\/www.mopskrasnystaw.pl\/wp-content\/uploads\/2021\/03\/001_10022021_115034-1-280x162.jpg"},{"@type":"WebPage","@id":"https:\/\/www.mopskrasnystaw.pl\/?p=2544#webpage","url":"https:\/\/www.mopskrasnystaw.pl\/?p=2544","name":"UCZESTNICY grupy reintegracyjnej TECHNOLOG ROB\u00d3T WYKO\u0143CZENIOWYCH projektu pt. \u201e CIS Krasnystaw \u2013 Akcja \u2013 Reintegracja!\u201d - MOPS Krasnystaw","isPartOf":{"@id":"https:\/\/www.mopskrasnystaw.pl\/#website"},"primaryImageOfPage":{"@id":"https:\/\/www.mopskrasnystaw.pl\/?p=2544#primaryimage"},"datePublished":"2021-03-11T11:16:45+00:00","dateModified":"2021-03-11T11:16:45+00:00","author":{"@id":"https:\/\/www.mopskrasnystaw.pl\/#\/schema\/person\/8602034b1d884d732e80ae1d66ce9838"},"breadcrumb":{"@id":"https:\/\/www.mopskrasnystaw.pl\/?p=2544#breadcrumb"},"inLanguage":"pl-PL","potentialAction":[{"@type":"ReadAction","target":["https:\/\/www.mopskrasnystaw.pl\/?p=2544"]}]},{"@type":"BreadcrumbList","@id":"https:\/\/www.mopskrasnystaw.pl\/?p=2544#breadcrumb","itemListElement":[{"@type":"ListItem","position":1,"name":"Strona g\u0142\u00f3wna","item":"https:\/\/www.mopskrasnystaw.pl\/"},{"@type":"ListItem","position":2,"name":"UCZESTNICY grupy reintegracyjnej TECHNOLOG ROB\u00d3T WYKO\u0143CZENIOWYCH projektu pt. \u201e CIS Krasnystaw \u2013 Akcja \u2013 Reintegracja!\u201d"}]},{"@type":"Person","@id":"https:\/\/www.mopskrasnystaw.pl\/#\/schema\/person\/8602034b1d884d732e80ae1d66ce9838","name":"admin","image":{"@type":"ImageObject","inLanguage":"pl-PL","@id":"https:\/\/www.mopskrasnystaw.pl\/#\/schema\/person\/image\/","url":"https:\/\/secure.gravatar.com\/avatar\/f766ee8f6f2a323224955fafdec48cda?s=96&d=mm&r=g","contentUrl":"https:\/\/secure.gravatar.com\/avatar\/f766ee8f6f2a323224955fafdec48cda?s=96&d=mm&r=g","caption":"admin"},"sameAs":["https:\/\/www.mopskrasnystaw.pl"],"url":"https:\/\/www.mopskrasnystaw.pl\/?author=1"}]}},"_links":{"self":[{"href":"https:\/\/www.mopskrasnystaw.pl\/index.php?rest_route=\/wp\/v2\/posts\/2544"}],"collection":[{"href":"https:\/\/www.mopskrasnystaw.pl\/index.php?rest_route=\/wp\/v2\/posts"}],"about":[{"href":"https:\/\/www.mopskrasnystaw.pl\/index.php?rest_route=\/wp\/v2\/types\/post"}],"author":[{"embeddable":true,"href":"https:\/\/www.mopskrasnystaw.pl\/index.php?rest_route=\/wp\/v2\/users\/1"}],"replies":[{"embeddable":true,"href":"https:\/\/www.mopskrasnystaw.pl\/index.php?rest_route=%2Fwp%2Fv2%2Fcomments&post=2544"}],"version-history":[{"count":0,"href":"https:\/\/www.mopskrasnystaw.pl\/index.php?rest_route=\/wp\/v2\/posts\/2544\/revisions"}],"wp:attachment":[{"href":"https:\/\/www.mopskrasnystaw.pl\/index.php?rest_route=%2Fwp%2Fv2%2Fmedia&parent=2544"}],"wp:term":[{"taxonomy":"category","embeddable":true,"href":"https:\/\/www.mopskrasnystaw.pl\/index.php?rest_route=%2Fwp%2Fv2%2Fcategories&post=2544"},{"taxonomy":"post_tag","embeddable":true,"href":"https:\/\/www.mopskrasnystaw.pl\/index.php?rest_route=%2Fwp%2Fv2%2Ftags&post=2544"}],"curies":[{"name":"wp","href":"https:\/\/api.w.org\/{rel}","templated":true}]}}