{"id":2533,"date":"2021-03-11T10:51:44","date_gmt":"2021-03-11T10:51:44","guid":{"rendered":"http:\/\/www.mopskrasnystaw.pl\/?p=2533"},"modified":"2021-03-11T10:51:44","modified_gmt":"2021-03-11T10:51:44","slug":"dodatek-mieszkaniowy-powiekszony-o-doplate-do-czynszu-z-funduszu-przeciwdzialania-covid-19","status":"publish","type":"post","link":"https:\/\/www.mopskrasnystaw.pl\/?p=2533","title":{"rendered":"Dodatek mieszkaniowy powi\u0119kszony o dop\u0142at\u0119 do czynszu z Funduszu Przeciwdzia\u0142ania Covid-19"},"content":{"rendered":"\n<p>Najemcy i podnajemcy lokali mieszkalnych, kt\u00f3rzy utracili dochody z powodu pandemii COVID-19, mog\u0105 sk\u0142ada\u0107 w Miejskim O\u015brodku Pomocy Spo\u0142ecznej w Krasnymstawie wnioski o przyznanie dodatku mieszkaniowego, powi\u0119kszonego o tzw. \u201edop\u0142at\u0119 do czynszu\u201d. Termin na z\u0142o\u017cenie wniosk\u00f3w mija 31 marca 2021 r.<\/p>\n\n\n\n<p>Dop\u0142ata do czynszu zosta\u0142a wprowadzona ustaw\u0105 z dnia 10 grudnia 2020 r. o zmianie niekt\u00f3rych ustaw wspieraj\u0105cych rozw\u00f3j mieszkalnictwa (Dz.U. z 2020 poz. 11).<\/p>\n\n\n\n<p><strong>Warunki ubiegania si\u0119 o dop\u0142at\u0119 do czynszu:<\/strong><\/p>\n\n\n\n<hr class=\"wp-block-separator mceItemReadMore\" id=\"system-readmore\"\/>\n\n\n\n<p>&#8211; posiadanie prawa do dodatku mieszkaniowego \u2013&nbsp;<strong>warunek podstawowy<\/strong>;<\/p>\n\n\n\n<p>&#8211; utrata \u015bredniego miesi\u0119cznego dochodu, przypadaj\u0105cego na jednego cz\u0142onka gospodarstwa domowego najemcy lub podnajemcy \u2013 osi\u0105gni\u0119tego w 2019 r. o co najmniej 25% w stosunku do \u015bredniego miesi\u0119cznego dochodu, przypadaj\u0105cego na jednego cz\u0142onka gospodarstwa domowego w okresie 3 miesi\u0119cy, poprzedzaj\u0105cych dat\u0119 z\u0142o\u017cenia wniosku o przyznanie dodatku mieszkaniowego;<\/p>\n\n\n\n<p>&#8211; niepobieranie dodatku mieszkaniowego, powi\u0119kszonego o dop\u0142at\u0119 do czynszu w okresie wcze\u015bniejszym;<\/p>\n\n\n\n<p>&#8211; posiadanie przed 14 marca 2020 r. statusu najemcy lub podnajemcy lokalu mieszkalnego (warunek ten b\u0119dzie spe\u0142niony r\u00f3wnie\u017c w przypadku, gdy lokal mieszkalny najmowany w dniu sk\u0142adania wniosku o dodatek mieszkaniowy powi\u0119kszony o dop\u0142at\u0119 do czynszu, jest innym lokalem mieszkalnym ni\u017c najmowany w dniu 14 marca 2020 r.)<\/p>\n\n\n\n<p><strong>Uwaga: dodatek mieszkaniowy powi\u0119kszony o dop\u0142at\u0119 do czynszu przys\u0142uguje wy\u0142\u0105cznie najemcy lub podnajemcy lokalu mieszkalnego (nie jest przyznawany osobom zamieszkuj\u0105cym w\u0142asne mieszkanie).<\/strong><\/p>\n\n\n\n<p><strong>Wysoko\u015b\u0107 dodatku mieszkaniowego, powi\u0119kszonego o dop\u0142at\u0119 do czynszu:<\/strong><\/p>\n\n\n\n<p>stanowi 75% miesi\u0119cznego czynszu, op\u0142acanego przez najemc\u0119 lub podnajemc\u0119 \u2013&nbsp;<strong>nie mo\u017ce jednak by\u0107 wy\u017cszy ni\u017c 1 500 z\u0142 miesi\u0119cznie;<\/strong>&nbsp;wysoko\u015b\u0107 dop\u0142aty do czynszu stanowi r\u00f3\u017cnic\u0119 mi\u0119dzy wysoko\u015bci\u0105 dodatku powi\u0119kszonego o dop\u0142at\u0119 a wysoko\u015bci\u0105 dodatku ustalonego zgodnie z art. 6 ustawy o dodatkach mieszkaniowych.<\/p>\n\n\n\n<p><strong>Wymagane dokumenty:<\/strong><\/p>\n\n\n\n<p>&#8211; wniosek o dodatek mieszkaniowy&nbsp;<strong>z adnotacj\u0105 \u201edodatek mieszkaniowy powi\u0119kszony o dop\u0142at\u0119 do czynszu\u201d<\/strong>;<\/p>\n\n\n\n<p>&#8211; dokumenty niezb\u0119dne do przyznania dodatku mieszkaniowego;<\/p>\n\n\n\n<p>&#8211; o\u015bwiadczenie o \u015brednim miesi\u0119cznym dochodzie, przypadaj\u0105cym w 2019 r., na jednego cz\u0142onka gospodarstwa domowego osoby ubiegaj\u0105cej si\u0119 o dodatek mieszkaniowy, powi\u0119kszony o dop\u0142at\u0119 do czynszu* ;<\/p>\n\n\n\n<p>&#8211; o\u015bwiadczenie o spe\u0142nianiu warunk\u00f3w ubiegania si\u0119 o dodatek mieszkaniowy, powi\u0119kszony o dop\u0142at\u0119 do czynszu*;<\/p>\n\n\n\n<p>dokumenty potwierdzaj\u0105ce wysoko\u015b\u0107 miesi\u0119cznego czynszu, op\u0142acanego przez ubiegaj\u0105cego si\u0119 o dodatek mieszkaniowy, powi\u0119kszony o dop\u0142at\u0119 do czynszu:<\/p>\n\n\n\n<p>&#8211; na dzie\u0144 z\u0142o\u017cenia wniosku<br>oraz<br>&#8211; na dzie\u0144 14 marca 2020 r.<\/p>\n\n\n\n<p>Z uwagi na ustawowy kr\u00f3tki okres sk\u0142adania wniosku&nbsp;<strong>z adnotacj\u0105 \u201eo dodatek mieszkaniowy powi\u0119kszony o dop\u0142at\u0119 do czynszu\u201d<\/strong>&nbsp;w celu uzyskania szczeg\u00f3\u0142owych informacji zach\u0119camy do wcze\u015bniejszego kontaktu pod numerem telefonu 82 576 23 24.<\/p>\n\n\n\n<p><strong>Jak i gdzie z\u0142o\u017cy\u0107 wniosek?<\/strong><\/p>\n\n\n\n<p>Wnioski mo\u017cna sk\u0142ada\u0107 za po\u015brednictwem poczty, poczty elektronicznej a tak\u017ce bezpo\u015brednio w Miejskim O\u015brodku Pomocy Spo\u0142ecznej w Krasnymstawie \u2013 pod warunkiem zachowania wszelkich rygor\u00f3w sanitarnych.<\/p>\n","protected":false},"excerpt":{"rendered":"<p>Najemcy i podnajemcy lokali mieszkalnych, kt\u00f3rzy utracili dochody z powodu pandemii COVID-19, mog\u0105 sk\u0142ada\u0107 w Miejskim O\u015brodku Pomocy Spo\u0142ecznej w Krasnymstawie wnioski o przyznanie dodatku mieszkaniowego, powi\u0119kszonego o tzw. \u201edop\u0142at\u0119 do czynszu\u201d. Termin na z\u0142o\u017cenie wniosk\u00f3w mija 31 marca 2021 r. Dop\u0142ata do czynszu zosta\u0142a wprowadzona ustaw\u0105 z dnia 10 grudnia 2020 r. o zmianie [&hellip;]<\/p>\n","protected":false},"author":1,"featured_media":0,"comment_status":"open","ping_status":"open","sticky":false,"template":"","format":"standard","meta":[],"categories":[7,8],"tags":[],"yoast_head":"<!-- This site is optimized with the Yoast SEO plugin v19.0 - https:\/\/yoast.com\/wordpress\/plugins\/seo\/ -->\n<title>Dodatek mieszkaniowy powi\u0119kszony o dop\u0142at\u0119 do czynszu z Funduszu Przeciwdzia\u0142ania Covid-19 - MOPS Krasnystaw<\/title>\n<meta name=\"robots\" content=\"index, follow, max-snippet:-1, max-image-preview:large, max-video-preview:-1\" \/>\n<link rel=\"canonical\" href=\"https:\/\/www.mopskrasnystaw.pl\/?p=2533\" \/>\n<meta property=\"og:locale\" content=\"pl_PL\" \/>\n<meta property=\"og:type\" content=\"article\" \/>\n<meta property=\"og:title\" content=\"Dodatek mieszkaniowy powi\u0119kszony o dop\u0142at\u0119 do czynszu z Funduszu Przeciwdzia\u0142ania Covid-19 - MOPS Krasnystaw\" \/>\n<meta property=\"og:description\" content=\"Najemcy i podnajemcy lokali mieszkalnych, kt\u00f3rzy utracili dochody z powodu pandemii COVID-19, mog\u0105 sk\u0142ada\u0107 w Miejskim O\u015brodku Pomocy Spo\u0142ecznej w Krasnymstawie wnioski o przyznanie dodatku mieszkaniowego, powi\u0119kszonego o tzw. \u201edop\u0142at\u0119 do czynszu\u201d. Termin na z\u0142o\u017cenie wniosk\u00f3w mija 31 marca 2021 r. Dop\u0142ata do czynszu zosta\u0142a wprowadzona ustaw\u0105 z dnia 10 grudnia 2020 r. o zmianie [&hellip;]\" \/>\n<meta property=\"og:url\" content=\"https:\/\/www.mopskrasnystaw.pl\/?p=2533\" \/>\n<meta property=\"og:site_name\" content=\"MOPS Krasnystaw\" \/>\n<meta property=\"article:published_time\" content=\"2021-03-11T10:51:44+00:00\" \/>\n<meta name=\"twitter:card\" content=\"summary_large_image\" \/>\n<meta name=\"twitter:label1\" content=\"Napisane przez\" \/>\n\t<meta name=\"twitter:data1\" content=\"admin\" \/>\n\t<meta name=\"twitter:label2\" content=\"Szacowany czas czytania\" \/>\n\t<meta name=\"twitter:data2\" content=\"2 minuty\" \/>\n<script type=\"application\/ld+json\" class=\"yoast-schema-graph\">{\"@context\":\"https:\/\/schema.org\",\"@graph\":[{\"@type\":\"WebSite\",\"@id\":\"https:\/\/www.mopskrasnystaw.pl\/#website\",\"url\":\"https:\/\/www.mopskrasnystaw.pl\/\",\"name\":\"MOPS Krasnystaw\",\"description\":\"\",\"potentialAction\":[{\"@type\":\"SearchAction\",\"target\":{\"@type\":\"EntryPoint\",\"urlTemplate\":\"https:\/\/www.mopskrasnystaw.pl\/?s={search_term_string}\"},\"query-input\":\"required name=search_term_string\"}],\"inLanguage\":\"pl-PL\"},{\"@type\":\"WebPage\",\"@id\":\"https:\/\/www.mopskrasnystaw.pl\/?p=2533#webpage\",\"url\":\"https:\/\/www.mopskrasnystaw.pl\/?p=2533\",\"name\":\"Dodatek mieszkaniowy powi\u0119kszony o dop\u0142at\u0119 do czynszu z Funduszu Przeciwdzia\u0142ania Covid-19 - MOPS Krasnystaw\",\"isPartOf\":{\"@id\":\"https:\/\/www.mopskrasnystaw.pl\/#website\"},\"datePublished\":\"2021-03-11T10:51:44+00:00\",\"dateModified\":\"2021-03-11T10:51:44+00:00\",\"author\":{\"@id\":\"https:\/\/www.mopskrasnystaw.pl\/#\/schema\/person\/8602034b1d884d732e80ae1d66ce9838\"},\"breadcrumb\":{\"@id\":\"https:\/\/www.mopskrasnystaw.pl\/?p=2533#breadcrumb\"},\"inLanguage\":\"pl-PL\",\"potentialAction\":[{\"@type\":\"ReadAction\",\"target\":[\"https:\/\/www.mopskrasnystaw.pl\/?p=2533\"]}]},{\"@type\":\"BreadcrumbList\",\"@id\":\"https:\/\/www.mopskrasnystaw.pl\/?p=2533#breadcrumb\",\"itemListElement\":[{\"@type\":\"ListItem\",\"position\":1,\"name\":\"Strona g\u0142\u00f3wna\",\"item\":\"https:\/\/www.mopskrasnystaw.pl\/\"},{\"@type\":\"ListItem\",\"position\":2,\"name\":\"Dodatek mieszkaniowy powi\u0119kszony o dop\u0142at\u0119 do czynszu z Funduszu Przeciwdzia\u0142ania Covid-19\"}]},{\"@type\":\"Person\",\"@id\":\"https:\/\/www.mopskrasnystaw.pl\/#\/schema\/person\/8602034b1d884d732e80ae1d66ce9838\",\"name\":\"admin\",\"image\":{\"@type\":\"ImageObject\",\"inLanguage\":\"pl-PL\",\"@id\":\"https:\/\/www.mopskrasnystaw.pl\/#\/schema\/person\/image\/\",\"url\":\"https:\/\/secure.gravatar.com\/avatar\/f766ee8f6f2a323224955fafdec48cda?s=96&d=mm&r=g\",\"contentUrl\":\"https:\/\/secure.gravatar.com\/avatar\/f766ee8f6f2a323224955fafdec48cda?s=96&d=mm&r=g\",\"caption\":\"admin\"},\"sameAs\":[\"https:\/\/www.mopskrasnystaw.pl\"],\"url\":\"https:\/\/www.mopskrasnystaw.pl\/?author=1\"}]}<\/script>\n<!-- \/ Yoast SEO plugin. -->","yoast_head_json":{"title":"Dodatek mieszkaniowy powi\u0119kszony o dop\u0142at\u0119 do czynszu z Funduszu Przeciwdzia\u0142ania Covid-19 - MOPS Krasnystaw","robots":{"index":"index","follow":"follow","max-snippet":"max-snippet:-1","max-image-preview":"max-image-preview:large","max-video-preview":"max-video-preview:-1"},"canonical":"https:\/\/www.mopskrasnystaw.pl\/?p=2533","og_locale":"pl_PL","og_type":"article","og_title":"Dodatek mieszkaniowy powi\u0119kszony o dop\u0142at\u0119 do czynszu z Funduszu Przeciwdzia\u0142ania Covid-19 - MOPS Krasnystaw","og_description":"Najemcy i podnajemcy lokali mieszkalnych, kt\u00f3rzy utracili dochody z powodu pandemii COVID-19, mog\u0105 sk\u0142ada\u0107 w Miejskim O\u015brodku Pomocy Spo\u0142ecznej w Krasnymstawie wnioski o przyznanie dodatku mieszkaniowego, powi\u0119kszonego o tzw. \u201edop\u0142at\u0119 do czynszu\u201d. Termin na z\u0142o\u017cenie wniosk\u00f3w mija 31 marca 2021 r. Dop\u0142ata do czynszu zosta\u0142a wprowadzona ustaw\u0105 z dnia 10 grudnia 2020 r. o zmianie [&hellip;]","og_url":"https:\/\/www.mopskrasnystaw.pl\/?p=2533","og_site_name":"MOPS Krasnystaw","article_published_time":"2021-03-11T10:51:44+00:00","twitter_card":"summary_large_image","twitter_misc":{"Napisane przez":"admin","Szacowany czas czytania":"2 minuty"},"schema":{"@context":"https:\/\/schema.org","@graph":[{"@type":"WebSite","@id":"https:\/\/www.mopskrasnystaw.pl\/#website","url":"https:\/\/www.mopskrasnystaw.pl\/","name":"MOPS Krasnystaw","description":"","potentialAction":[{"@type":"SearchAction","target":{"@type":"EntryPoint","urlTemplate":"https:\/\/www.mopskrasnystaw.pl\/?s={search_term_string}"},"query-input":"required name=search_term_string"}],"inLanguage":"pl-PL"},{"@type":"WebPage","@id":"https:\/\/www.mopskrasnystaw.pl\/?p=2533#webpage","url":"https:\/\/www.mopskrasnystaw.pl\/?p=2533","name":"Dodatek mieszkaniowy powi\u0119kszony o dop\u0142at\u0119 do czynszu z Funduszu Przeciwdzia\u0142ania Covid-19 - MOPS Krasnystaw","isPartOf":{"@id":"https:\/\/www.mopskrasnystaw.pl\/#website"},"datePublished":"2021-03-11T10:51:44+00:00","dateModified":"2021-03-11T10:51:44+00:00","author":{"@id":"https:\/\/www.mopskrasnystaw.pl\/#\/schema\/person\/8602034b1d884d732e80ae1d66ce9838"},"breadcrumb":{"@id":"https:\/\/www.mopskrasnystaw.pl\/?p=2533#breadcrumb"},"inLanguage":"pl-PL","potentialAction":[{"@type":"ReadAction","target":["https:\/\/www.mopskrasnystaw.pl\/?p=2533"]}]},{"@type":"BreadcrumbList","@id":"https:\/\/www.mopskrasnystaw.pl\/?p=2533#breadcrumb","itemListElement":[{"@type":"ListItem","position":1,"name":"Strona g\u0142\u00f3wna","item":"https:\/\/www.mopskrasnystaw.pl\/"},{"@type":"ListItem","position":2,"name":"Dodatek mieszkaniowy powi\u0119kszony o dop\u0142at\u0119 do czynszu z Funduszu Przeciwdzia\u0142ania Covid-19"}]},{"@type":"Person","@id":"https:\/\/www.mopskrasnystaw.pl\/#\/schema\/person\/8602034b1d884d732e80ae1d66ce9838","name":"admin","image":{"@type":"ImageObject","inLanguage":"pl-PL","@id":"https:\/\/www.mopskrasnystaw.pl\/#\/schema\/person\/image\/","url":"https:\/\/secure.gravatar.com\/avatar\/f766ee8f6f2a323224955fafdec48cda?s=96&d=mm&r=g","contentUrl":"https:\/\/secure.gravatar.com\/avatar\/f766ee8f6f2a323224955fafdec48cda?s=96&d=mm&r=g","caption":"admin"},"sameAs":["https:\/\/www.mopskrasnystaw.pl"],"url":"https:\/\/www.mopskrasnystaw.pl\/?author=1"}]}},"_links":{"self":[{"href":"https:\/\/www.mopskrasnystaw.pl\/index.php?rest_route=\/wp\/v2\/posts\/2533"}],"collection":[{"href":"https:\/\/www.mopskrasnystaw.pl\/index.php?rest_route=\/wp\/v2\/posts"}],"about":[{"href":"https:\/\/www.mopskrasnystaw.pl\/index.php?rest_route=\/wp\/v2\/types\/post"}],"author":[{"embeddable":true,"href":"https:\/\/www.mopskrasnystaw.pl\/index.php?rest_route=\/wp\/v2\/users\/1"}],"replies":[{"embeddable":true,"href":"https:\/\/www.mopskrasnystaw.pl\/index.php?rest_route=%2Fwp%2Fv2%2Fcomments&post=2533"}],"version-history":[{"count":0,"href":"https:\/\/www.mopskrasnystaw.pl\/index.php?rest_route=\/wp\/v2\/posts\/2533\/revisions"}],"wp:attachment":[{"href":"https:\/\/www.mopskrasnystaw.pl\/index.php?rest_route=%2Fwp%2Fv2%2Fmedia&parent=2533"}],"wp:term":[{"taxonomy":"category","embeddable":true,"href":"https:\/\/www.mopskrasnystaw.pl\/index.php?rest_route=%2Fwp%2Fv2%2Fcategories&post=2533"},{"taxonomy":"post_tag","embeddable":true,"href":"https:\/\/www.mopskrasnystaw.pl\/index.php?rest_route=%2Fwp%2Fv2%2Ftags&post=2533"}],"curies":[{"name":"wp","href":"https:\/\/api.w.org\/{rel}","templated":true}]}}